{"id":103984,"date":"2023-04-14T17:06:32","date_gmt":"2023-04-14T20:06:32","guid":{"rendered":"https:\/\/grandepremio.com\/br\/noticias\/pedro-acosta-sobra-supera-tony-arbolino-lidera-dia-treinos-moto2-austin\/"},"modified":"2023-04-14T17:35:35","modified_gmt":"2023-04-14T20:35:35","slug":"pedro-acosta-sobra-supera-tony-arbolino-lidera-dia-treinos-moto2-austin","status":"publish","type":"post","link":"https:\/\/grandepremio.com\/br\/motogp\/pedro-acosta-sobra-supera-tony-arbolino-lidera-dia-treinos-moto2-austin\/","title":{"rendered":"Acosta sobra, supera Arbolino e lidera dia de treinos da Moto2 em Austin"},"content":{"rendered":"\n<p class=\"wp-block-paragraph\"><strong>Pedro Acosta<\/strong> estava imposs\u00edvel na segunda sess\u00e3o de treino da <strong>Moto2 <\/strong>do <strong>GP das Am\u00e9ricas<\/strong>, em <strong>Austin<\/strong>, realizado nesta sexta-feira (14). O espanhol melhorou o seu tempo em tr\u00eas oportunidades e foi o \u00fanico a terminar na casa de 2min09s856. <a href=\"https:\/\/www.grandepremio.com\/br\/motogp\/classificacao\/\" class=\"ek-link\">L\u00edder do campeonato at\u00e9 o momento<\/a>, <strong>Tony Arbolino<\/strong> fechou em segundo com 2min10s079.<\/p>\n\n\n\n<p class=\"wp-block-paragraph\">O top-3 foi completado por <strong>Ar\u00f3n Canet<\/strong>, que s\u00f3 conseguiu um bom tempo no estouro do rel\u00f3gio. Ficaram entre os cinco primeiros <strong>Joe Roberts<\/strong> e <strong>Jake Dixon<\/strong> &#8211; o brit\u00e2nico come\u00e7ou a segunda sess\u00e3o na primeira coloca\u00e7\u00e3o dos tempos combinados, mas foi superado pelos advers\u00e1rios.<\/p>\n\n\n\n<p class=\"wp-block-paragraph\"><strong>\u25b6\ufe0f&nbsp;Inscreva-se nos dois canais do GRANDE PR\u00caMIO no YouTube:&nbsp;<a href=\"https:\/\/www.youtube.com\/channel\/UC9OlHEgxoaY6QY6nWPoiqQg?sub_confirmation=1\" target=\"_blank\" rel=\"noreferrer noopener\">GP<\/a>&nbsp;|&nbsp;<a href=\"https:\/\/www.youtube.com\/channel\/UC9csiS6q_C3C0FYhyr1rnFA?sub_confirmation=1\" target=\"_blank\" rel=\"noreferrer noopener\">GP2<\/a><\/strong><br><strong>\u25b6\ufe0f&nbsp;<a href=\"https:\/\/www.twitch.tv\/grandepremio\" target=\"_blank\" rel=\"noreferrer noopener\">Conhe\u00e7a o canal do GRANDE PR\u00caMIO na Twitch clicando aqui!<\/a><\/strong><\/p>\n\n\n\n<figure class=\"wp-block-image size-large\"><img decoding=\"async\" src=\"https:\/\/www.grandepremio.com\/br\/wp-content\/uploads\/2023\/04\/Moto2-2023-Argentina-Termas-de-Rio-Hondo-Domingo-Tony-Arbolino-1024x682.jpg\" alt=\"\" class=\"wp-image-669415\"\/><figcaption>L\u00edder do campeonato, Tony Arbolino ficou em segundo no dia de treinos do GP das Am\u00e9ricas (Foto: Divulga\u00e7\u00e3o\/MotoGP)<\/figcaption><\/figure>\n\n\n\n<p class=\"wp-block-paragraph\">Por sua vez, os 10 primeiros contaram tamb\u00e9m com <strong>Sam Lowes<\/strong>, <strong>Albert Arenas<\/strong>, <strong>Somkiat Chantra<\/strong>, <strong>Barry Baltus<\/strong> e <strong>Filip Salac<\/strong>.<\/p>\n\n\n\n<p class=\"wp-block-paragraph\">Amanh\u00e3, duas atividades do GP das Am\u00e9ricas da Moto2 est\u00e3o agendadas: a terceira sess\u00e3o de treino \u00e0s 11h25 e a classifica\u00e7\u00e3o \u00e0s 15h45. O <strong>GRANDE PR\u00caMIO<\/strong> acompanha todas as atividades do <strong>Mundial de Motovelocidade<\/strong>.<\/p>\n\n\n\n<h3 class=\"wp-block-heading\" id=\"h-confira-como-foi-a-segunda-sessao-de-treino-da-moto2-em-austin\">Confira como foi a segunda sess\u00e3o de treino da Moto2 em Austin:<\/h3>\n\n\n\n<p class=\"wp-block-paragraph\">Com garoa no <strong>circuito das Am\u00e9ricas<\/strong>, em Austin, a segunda sess\u00e3o de treino da Moto2 come\u00e7ou com 23\u00b0C, a temperatura ambiente, e 27\u00b0C, a temperatura da pista. A umidade estava em 66% e os ventos atingiam 10 km\/h.<\/p>\n\n\n\n<p class=\"wp-block-paragraph\">A etapa iniciou com o melhor tempo combinado de <strong>Jake Dixon<\/strong>, conquistado na primeira sess\u00e3o, com 2min10s516.<\/p>\n\n\n\n<p class=\"wp-block-paragraph\">A primeira metade do segundo treino aconteceu em ritmo lento. As melhores voltas, de <strong>Bo Bendsneyder<\/strong> e <strong>Zonta van den Goorbergh<\/strong>, ficaram na casa dos 2min13s. O primeiro a abaixar consideravelmente o tempo foi <strong>Somkiat Chantra<\/strong>, com 2min11s625, e <strong>Filip Salac<\/strong>, com 2min11s520, quando faltavam 27 minutos para o t\u00e9rmino. Ainda assim, foram tempos distantes dos melhores nos combinados.<\/p>\n\n\n\n<p class=\"wp-block-paragraph\">A 25 minutos para o fim, Chantra abaixou para 2min10s959, e pouco tempo depois, Barry Baltus fez o melhor tempo da sess\u00e3o at\u00e9 ent\u00e3o, com 2min10s947 &#8211; mas ainda distantes do topo dos combinados.<\/p>\n\n\n\n<p class=\"wp-block-paragraph\">Quando faltavam 19 minutos para o encerramento, <strong>Pedro Acosta<\/strong> conseguiu 2min10s647 e assumiu a lideran\u00e7a do treino 2. Tamb\u00e9m foi o seu melhor tempo no dia e o quarto nos combinados, at\u00e9 aquele momento.<\/p>\n\n\n\n<p class=\"wp-block-paragraph\">Todos os participantes foram para os boxes e voltaram \u00e0 pista em Austin quando restavam 10 minutos. <strong>Joe Roberts<\/strong> se destacou ao conseguir o tempo de 2min10s530, tirando Acosta da lideran\u00e7a da sess\u00e3o e pulando para terceiro nos combinados. O espanhol da <strong>KTM <\/strong>n\u00e3o cedeu e respondeu com uma volta de 2min10s055.<\/p>\n\n\n\n<p class=\"wp-block-paragraph\">No estouro do rel\u00f3gio, v\u00e1rios pilotos melhoraram os seus tempos: <strong>Tony Arbolino<\/strong> saltou para segundo com 2min10s079, <strong>Ar\u00f3n Canet<\/strong> conseguiu 2min10s130 e Roberts, 2min10s213. Mas Acosta fechou com chave de ouro e abaixou a melhor marca do dia para 2min09s856.<\/p>\n\n\n\n<h3 class=\"wp-block-heading\">Moto2 2023, GP das Am\u00e9ricas, Austin, Treinos combinados:<\/h3>\n\n\n\n<figure class=\"wp-block-table\"><table><tbody><tr><td>1<\/td><td>P ACOSTA<\/td><td>Red Bull KTM Ajo Kalex<\/td><td>2:09.865<\/td><td>&nbsp;<\/td><\/tr><tr><td>2<\/td><td>T ARBOLINO<\/td><td>Marc VDS Kalex<\/td><td>2:10.079<\/td><td>+0.214<\/td><\/tr><tr><td>3<\/td><td>A CANET<\/td><td>PONS Kalex<\/td><td>2:10.130<\/td><td>+0.265<\/td><\/tr><tr><td>4<\/td><td>J ROBERTS<\/td><td>Italtrans Kalex<\/td><td>2:10.213<\/td><td>+0.348<\/td><\/tr><tr><td>5<\/td><td>J DIXON<\/td><td>GasGas Aspar Kalex<\/td><td>2:10.343<\/td><td>+0.478<\/td><\/tr><tr><td>6<\/td><td>S LOWES<\/td><td>Marc VDS Kalex<\/td><td>2:10.361<\/td><td>+0.496<\/td><\/tr><tr><td>7<\/td><td>A ARENAS<\/td><td>Red Bull KTM Ajo Kalex<\/td><td>2:10.362<\/td><td>+0.497<\/td><\/tr><tr><td>8<\/td><td>S CHANTRA<\/td><td>Team Asia Kalex<\/td><td>2:10.525<\/td><td>+0.660<\/td><\/tr><tr><td>9<\/td><td>B BALTUS<\/td><td>RW Kalex<\/td><td>2:10.526<\/td><td>+0.661<\/td><\/tr><tr><td>10<\/td><td>F SALAC<\/td><td>Gresini Kalex<\/td><td>2:10.538<\/td><td>+0.673<\/td><\/tr><tr><td>11<\/td><td>B BENDSNEYDER<\/td><td>SAG Kalex<\/td><td>2:10.636<\/td><td>+0.771<\/td><\/tr><tr><td>12<\/td><td>D BINDER<\/td><td>IntactGP Husqvarna Kalex<\/td><td>2:10.654<\/td><td>+0.789<\/td><\/tr><tr><td>13<\/td><td>A L\u00d3PEZ<\/td><td>Speed UP Boscoscuro<\/td><td>2:10.678<\/td><td>+0.813<\/td><\/tr><tr><td>14<\/td><td>F ALDEGUER<\/td><td>Speed UP Boscoscuro<\/td><td>2:10.686<\/td><td>+0.821<\/td><\/tr><tr><td>15<\/td><td>C VIETTI<\/td><td>Fantic Kalex<\/td><td>2:10.777<\/td><td>+0.912<\/td><\/tr><tr><td>16<\/td><td>J ALCOBA<\/td><td>Gresini Kalex<\/td><td>2:10.790<\/td><td>+0.925<\/td><\/tr><tr><td>17<\/td><td>M GONZ\u00c1LEZ<\/td><td>VR46 Master Camp Kalex<\/td><td>2:10.856<\/td><td>+0.991<\/td><\/tr><tr><td>18<\/td><td>Z VAN DEN GOORBERGH<\/td><td>RW Kalex<\/td><td>2:11.486<\/td><td>+1.621<\/td><\/tr><tr><td>19<\/td><td>D FOGGIA<\/td><td>Italtrans Kalex<\/td><td>2:11.675<\/td><td>+1.810<\/td><\/tr><tr><td>20<\/td><td>S GARC\u00cdA<\/td><td>PONS Kalex<\/td><td>2:11.917<\/td><td>+2.052<\/td><\/tr><tr><td>21<\/td><td>R SKINNER<\/td><td>American Kalex<\/td><td>2:11.964<\/td><td>+2.099<\/td><\/tr><tr><td>22<\/td><td>A OGURA<\/td><td>Team Asia Kalex<\/td><td>2:11.972<\/td><td>+2.107<\/td><\/tr><tr><td>23<\/td><td>M RAM\u00cdREZ<\/td><td>MV Agusta Forward<\/td><td>2:12.110<\/td><td>+2.245<\/td><\/tr><tr><td>24<\/td><td>L DELLA PORTA<\/td><td>SAG Kalex<\/td><td>2:12.198<\/td><td>+2.333<\/td><\/tr><tr><td>25<\/td><td>S DYLAN KELLY<\/td><td>American Kalex<\/td><td>2:12.267<\/td><td>+2.402<\/td><\/tr><tr><td>26<\/td><td>L TULOVIC<\/td><td>IntactGP Husqvarna Kalex<\/td><td>2:12.898<\/td><td>+3.033<\/td><\/tr><tr><td>27<\/td><td>I GUEVARA<\/td><td>GasGas Aspar Kalex<\/td><td>2:13.103<\/td><td>+3.238<\/td><\/tr><tr><td>28<\/td><td>B G\u00d3MEZ<\/td><td>Fantic Kalex<\/td><td>2:13.406<\/td><td>+3.541<\/td><\/tr><tr><td>29<\/td><td>D SANCHIS<\/td><td>MV Agusta Forward<\/td><td>2:13.933<\/td><td>+4.068<\/td><\/tr><tr><td>30<\/td><td>S MINAMIMOTO<\/td><td>VR46 Master Camp Kalex<\/td><td>2:16.352<\/td><td>+6.487<\/td><\/tr><\/tbody><\/table><\/figure>\n","protected":false},"excerpt":{"rendered":"<p>Piloto espanhol melhorou o seu tempo em tr\u00eas oportunidades na segunda sess\u00e3o e mostrou grande performance nos treinos. Arbolino e Canet fecharam os primeiros colocados do dia<\/p>\n","protected":false},"author":0,"featured_media":1000630329,"comment_status":"closed","ping_status":"closed","sticky":false,"template":"","format":"standard","meta":{"42wp_featured_image_caption":"","42wp_featured_image_credits":"","42wp_featured_video":"","42wp_featured_image_hidden":false,"42wp_authors_list":[],"footnotes":""},"categories":[8],"tags":[1982,5214,25450,28285,132,79,78,27538,33202,33200,33201,25819,29345,28766,33203,27587,26690,2279,832],"42wp_author":[47153],"class_list":["post-103984","post","type-post","status-publish","format-standard","has-post-thumbnail","hentry","category-motogp","tag-austin","tag-classificacao-motogp","tag-gp-das-americas","tag-grandepremio","tag-ktm","tag-moto-gp","tag-motogp","tag-motogp-2023","tag-motogp-2023-calendario","tag-motogp-calendario-2023","tag-motogp-classificacao-2023","tag-motogp-hoje","tag-motogp-horario","tag-motogp-standings","tag-onde-assistir-motogp-2023","tag-pedro-acosta","tag-pilotos-motogp","tag-tony-arbolino","tag-treinos","42wp_author-gabriel-pitor"],"_links":{"self":[{"href":"https:\/\/grandepremio.com\/br\/wp-json\/wp\/v2\/posts\/103984","targetHints":{"allow":["GET"]}}],"collection":[{"href":"https:\/\/grandepremio.com\/br\/wp-json\/wp\/v2\/posts"}],"about":[{"href":"https:\/\/grandepremio.com\/br\/wp-json\/wp\/v2\/types\/post"}],"replies":[{"embeddable":true,"href":"https:\/\/grandepremio.com\/br\/wp-json\/wp\/v2\/comments?post=103984"}],"version-history":[{"count":0,"href":"https:\/\/grandepremio.com\/br\/wp-json\/wp\/v2\/posts\/103984\/revisions"}],"wp:featuredmedia":[{"embeddable":true,"href":"https:\/\/grandepremio.com\/br\/wp-json\/wp\/v2\/media\/1000630329"}],"wp:attachment":[{"href":"https:\/\/grandepremio.com\/br\/wp-json\/wp\/v2\/media?parent=103984"}],"wp:term":[{"taxonomy":"category","embeddable":true,"href":"https:\/\/grandepremio.com\/br\/wp-json\/wp\/v2\/categories?post=103984"},{"taxonomy":"post_tag","embeddable":true,"href":"https:\/\/grandepremio.com\/br\/wp-json\/wp\/v2\/tags?post=103984"},{"taxonomy":"42wp_author","embeddable":true,"href":"https:\/\/grandepremio.com\/br\/wp-json\/wp\/v2\/42wp_author?post=103984"}],"curies":[{"name":"wp","href":"https:\/\/api.w.org\/{rel}","templated":true}]}}