{"id":103986,"date":"2023-04-14T16:09:58","date_gmt":"2023-04-14T19:09:58","guid":{"rendered":"https:\/\/grandepremio.com\/br\/noticias\/ayumu-sasaki-brilha-fim-lidera-dia-treinos-moto3-austin-diogo-moreira-quarto\/"},"modified":"2023-04-14T16:26:06","modified_gmt":"2023-04-14T19:26:06","slug":"ayumu-sasaki-brilha-fim-lidera-dia-treinos-moto3-austin-diogo-moreira-quarto","status":"publish","type":"post","link":"https:\/\/grandepremio.com\/br\/motogp\/ayumu-sasaki-brilha-fim-lidera-dia-treinos-moto3-austin-diogo-moreira-quarto\/","title":{"rendered":"Sasaki brilha no fim e lidera dia de treinos da Moto3 em Austin. Moreira \u00e9 4\u00ba"},"content":{"rendered":"\n<p class=\"wp-block-paragraph\"><strong>Ayumu Sasaki<\/strong> foi o melhor na segunda sess\u00e3o de treino da <strong>Moto3 <\/strong>no <strong>GP das Am\u00e9ricas<\/strong>, em <strong>Austin<\/strong>. O japon\u00eas conseguindo uma volta de 2min16s306, quando faltavam tr\u00eas minutos para o fim, e assumiu n\u00e3o s\u00f3 a lideran\u00e7a da etapa, como tamb\u00e9m conquistou o <strong>melhor tempo do dia de atividades<\/strong>.<\/p>\n\n\n\n<p class=\"wp-block-paragraph\">O top-3 foi completado por <strong>Jaume Masi\u00e0 <\/strong>e<strong> Ivan Ortol\u00e1<\/strong> &#8211; que tamb\u00e9m melhoraram os seus tempos no segundo treino. O brasileiro <strong>Diogo Moreira<\/strong> ficou em quarto e <strong>Daniel Holgado<\/strong>, em quinto.<\/p>\n\n\n\n<p class=\"wp-block-paragraph\"><strong>\u25b6\ufe0f\u00a0Inscreva-se nos dois canais do GRANDE PR\u00caMIO no YouTube:\u00a0<a href=\"https:\/\/www.youtube.com\/channel\/UC9OlHEgxoaY6QY6nWPoiqQg?sub_confirmation=1\" target=\"_blank\" rel=\"noreferrer noopener\">GP<\/a>\u00a0|\u00a0<a href=\"https:\/\/www.youtube.com\/channel\/UC9csiS6q_C3C0FYhyr1rnFA?sub_confirmation=1\" target=\"_blank\" rel=\"noreferrer noopener\">GP2<\/a><\/strong><br><strong>\u25b6\ufe0f\u00a0<a href=\"https:\/\/www.twitch.tv\/grandepremio\" target=\"_blank\" rel=\"noreferrer noopener\" class=\"ek-link\">Conhe\u00e7a o canal do GRANDE PR\u00caMIO na Twitch clicando aqui!<\/a><\/strong><\/p>\n\n\n\n<figure class=\"wp-block-image size-large\"><img decoding=\"async\" src=\"https:\/\/www.grandepremio.com\/br\/wp-content\/uploads\/2023\/04\/f5ae5101-40e1-c3bd-bb47-c9d0022bef1e-1024x683.jpg\" alt=\"\" class=\"wp-image-669358\"\/><figcaption>Diogo Moreira ficou em quarto nos tempos combinados do dia (Foto: MSi)<\/figcaption><\/figure>\n\n\n\n<p class=\"wp-block-paragraph\">Para fechar o grupo dos 10 melhores nos treinos combinados, temos: <strong>Kaito Toba<\/strong>, <strong>Deniz \u00d6nc\u00fc<\/strong>, <strong>Tatsuki Suzuki<\/strong>, <strong>David Mu\u00f1oz<\/strong> e <strong>Romano Fenati<\/strong>. <\/p>\n\n\n\n<p class=\"wp-block-paragraph\">Amanh\u00e3, duas atividades do GP das Am\u00e9ricas da Moto3 est\u00e3o agendadas: a terceira sess\u00e3o de treino \u00e0s 10h40 e a classifica\u00e7\u00e3o \u00e0s 14h50. O <strong>GRANDE PR\u00caMIO<\/strong> acompanha todas as atividades do <strong>Mundial de Motovelocidade<\/strong>.<\/p>\n\n\n\n<h3 class=\"wp-block-heading\" id=\"h-confira-como-foi-a-segunda-sessao-de-treino-em-austin\">Confira como foi a segunda sess\u00e3o de treino em Austin:<\/h3>\n\n\n\n<p class=\"wp-block-paragraph\">A segunda sess\u00e3o de treino aconteceu em clima nublado e ameno no <strong>circuito das Am\u00e9ricas<\/strong>, em Austin: 23\u00b0C, a temperatura ambiente, e 27\u00b0C, a temperatura da pista. A umidade estava em 70% e os ventos atingiam 5 km\/h.<\/p>\n\n\n\n<p class=\"wp-block-paragraph\">A etapa come\u00e7ou com o melhor tempo combinado de <strong>Diogo Moreira<\/strong>, estabelecido ainda na primeira sess\u00e3o, com 2min16s908. O primeiro piloto a melhorar o seu tempo em rela\u00e7\u00e3o \u00e0 manh\u00e3 foi <strong>David Mu\u00f1oz<\/strong>, mas ainda sem amea\u00e7ar a lideran\u00e7a do <strong>#10<\/strong>: 2min17s507.<\/p>\n\n\n\n<p class=\"wp-block-paragraph\">A 28 minutos para o fim, <strong>Daniel Holgado<\/strong> escapou da pista, mas conseguiu voltar. Logo na sequ\u00eancia, mais dois pilotos ca\u00edram: Moreira, na curva 11, mas o brasileiro conseguiu rapidamente se levantar e levar a moto para os boxes; e <strong>Andrea Migno<\/strong>, na curva 12.<\/p>\n\n\n\n<p class=\"wp-block-paragraph\">Quando faltavam 15 minutos para o t\u00e9rmino da sess\u00e3o, foi a vez de <strong>Jos\u00e9 Antonio Rueda<\/strong> cair, e de forma feia, ao fazer a curva 6. O espanhol imediatamente foi atendido pela equipe m\u00e9dica e retirado da pista, sem aparentar maiores problemas.<\/p>\n\n\n\n<p class=\"wp-block-paragraph\">Pouco depois, <strong>Jaume <strong>Masi\u00e0 <\/strong><\/strong>conseguiu o tempo de 2min17s292, o melhor do segundo treino at\u00e9 aquele momento. J\u00e1 <strong>Deniz \u00d6nc\u00fc<\/strong> at\u00e9 melhorou o seu tempo, mas teve a volta cancelada por ultrapassar os limites da curva 8, o que v\u00e1rios participantes fizeram ao longo da atividade.<\/p>\n\n\n\n<p class=\"wp-block-paragraph\">Os pilotos deram as suas cartadas derradeiras nos \u00faltimos 10 minutos, logo ap\u00f3s sa\u00edrem dos boxes &#8211; sendo que alguns deles trocaram os pneus. <strong>Ayumu Sasaki<\/strong> anotou 2min16s306, quando faltavam apenas tr\u00eas minutos, e saltou para a lideran\u00e7a dos tempos combinados dos treinos. <strong>Ivan Ortol\u00e1<\/strong> acompanhou o japon\u00eas e fez 2min16s762, subindo para segundo.<\/p>\n\n\n\n<p class=\"wp-block-paragraph\">No estouro do rel\u00f3gio, outros dois pilotos conseguiram bons tempos: Masia com 2min16s482 e <strong>Kaito Toba<\/strong>, com 2min17s088. Por\u00e9m, nenhum deles conseguiu superar Sasaki que fechou com o melhor tempo da sess\u00e3o. Moreira, que foi melhor na atividade da manh\u00e3, fechou em 4\u00ba. <\/p>\n\n\n\n<h3 class=\"wp-block-heading\">Moto3 2023, GP das Am\u00e9ricas, Austin, Treinos combinados:<\/h3>\n\n\n\n<figure class=\"wp-block-table\"><table><tbody><tr><td>1<\/td><td>A SASAKI<\/td><td>IntactGP Husqvarna<\/td><td>2:16.306<\/td><td>&nbsp;<\/td><\/tr><tr><td>2<\/td><td>J MASI\u00c0<\/td><td>Leopard Honda<\/td><td>2:16.482<\/td><td>+0.176<\/td><\/tr><tr><td>3<\/td><td>I ORTOL\u00c1<\/td><td>MTA KTM<\/td><td>2:16.762<\/td><td>+0.456<\/td><\/tr><tr><td>4<\/td><td>D MOREIRA<\/td><td>MSI KTM<\/td><td>2:16.908<\/td><td>+0.602<\/td><\/tr><tr><td>5<\/td><td>D HOLGADO<\/td><td>Red Bull KTM Tech3<\/td><td>2:17.072<\/td><td>+0.766<\/td><\/tr><tr><td>6<\/td><td>K TOBA<\/td><td>Sic58 Honda<\/td><td>2:17.088<\/td><td>+0.782<\/td><\/tr><tr><td>7<\/td><td>D \u00d6NC\u00dc<\/td><td>Red Bull KTM Ajo<\/td><td>2:17.451<\/td><td>+1.145<\/td><\/tr><tr><td>8<\/td><td>T SUZUKI<\/td><td>Leopard Honda<\/td><td>2:17.480<\/td><td>+1.174<\/td><\/tr><tr><td>9<\/td><td>D MU\u00d1OZ<\/td><td>BOE KTM<\/td><td>2:17.507<\/td><td>+1.201<\/td><\/tr><tr><td>10<\/td><td>R FENATI<\/td><td>Snipers Honda<\/td><td>2:17.569<\/td><td>+1.263<\/td><\/tr><tr><td>11<\/td><td>M BERTELLE<\/td><td>Snipers Honda<\/td><td>2:17.623<\/td><td>+1.317<\/td><\/tr><tr><td>12<\/td><td>J RUEDA<\/td><td>Red Bull KTM Ajo<\/td><td>2:17.704<\/td><td>+1.398<\/td><\/tr><tr><td>13<\/td><td>S NEPA<\/td><td>MTA KTM<\/td><td>2:17.714<\/td><td>+1.408<\/td><\/tr><tr><td>14<\/td><td>R ROSSI<\/td><td>Sic58 Honda<\/td><td>2:17.984<\/td><td>+1.678<\/td><\/tr><tr><td>15<\/td><td>D ALONSO<\/td><td>Aspar GasGas<\/td><td>2:18.000<\/td><td>+1.694<\/td><\/tr><tr><td>16<\/td><td>D SALVADOR<\/td><td>CIP KTM<\/td><td>2:18.014<\/td><td>+1.708<\/td><\/tr><tr><td>17<\/td><td>C VEIJER<\/td><td>IntactGP Husqvarna<\/td><td>2:18.041<\/td><td>+1.735<\/td><\/tr><tr><td>18<\/td><td>X ARTIGAS<\/td><td>Pr\u00fcstelGP CFMoto<\/td><td>2:18.211<\/td><td>+1.905<\/td><\/tr><tr><td>19<\/td><td>T FURUSATO<\/td><td>Team Asia Honda<\/td><td>2:18.297<\/td><td>+1.991<\/td><\/tr><tr><td>20<\/td><td>R YAMANAKA<\/td><td>Aspar GasGas<\/td><td>2:18.386<\/td><td>+2.080<\/td><\/tr><tr><td>21<\/td><td>S OGDEN<\/td><td>VisionTrack Honda<\/td><td>2:18.557<\/td><td>+2.251<\/td><\/tr><tr><td>22<\/td><td>F FARIOLI<\/td><td>Red Bull KTM Tech3<\/td><td>2:18.575<\/td><td>+2.269<\/td><\/tr><tr><td>23<\/td><td>D ALMANSA<\/td><td>Pr\u00fcstelGP CFMoto<\/td><td>2:18.743<\/td><td>+2.437<\/td><\/tr><tr><td>24<\/td><td>A MIGNO<\/td><td>CIP KTM<\/td><td>2:18.821<\/td><td>+2.515<\/td><\/tr><tr><td>25<\/td><td>J WHATLEY<\/td><td>VisionTrack Honda<\/td><td>2:18.862<\/td><td>+2.556<\/td><\/tr><tr><td>26<\/td><td>A CARRASCO<\/td><td>BOE KTM<\/td><td>2:19.157<\/td><td>+2.851<\/td><\/tr><tr><td>27<\/td><td>M AJI<\/td><td>Team Asia Honda<\/td><td>2:19.307<\/td><td>+3.001<\/td><\/tr><tr><td>28<\/td><td>S AZMAN<\/td><td>MSI KTM<\/td><td>2:19.322<\/td><td>+3.016<\/td><\/tr><\/tbody><\/table><\/figure>\n","protected":false},"excerpt":{"rendered":"<p>Piloto japon\u00eas conseguiu volta de 2min16s306 quando faltavam tr\u00eas minutos para o fim da segunda sess\u00e3o de treino da Moto3. Moreira terminou em quarto<\/p>\n","protected":false},"author":0,"featured_media":1000668075,"comment_status":"closed","ping_status":"closed","sticky":false,"template":"","format":"standard","meta":{"42wp_featured_image_caption":"","42wp_featured_image_credits":"","42wp_featured_video":"","42wp_featured_image_hidden":false,"42wp_authors_list":[],"footnotes":""},"categories":[8],"tags":[1982,28163,5214,26718,25450,28285,79,1809,78,27538,33202,33200,33201,25819,29345,28766,33203,26690,832],"42wp_author":[47153],"class_list":["post-103986","post","type-post","status-publish","format-standard","has-post-thumbnail","hentry","category-motogp","tag-austin","tag-ayumu-sasaki","tag-classificacao-motogp","tag-diogo-moreira","tag-gp-das-americas","tag-grandepremio","tag-moto-gp","tag-moto3","tag-motogp","tag-motogp-2023","tag-motogp-2023-calendario","tag-motogp-calendario-2023","tag-motogp-classificacao-2023","tag-motogp-hoje","tag-motogp-horario","tag-motogp-standings","tag-onde-assistir-motogp-2023","tag-pilotos-motogp","tag-treinos","42wp_author-gabriel-pitor"],"_links":{"self":[{"href":"https:\/\/grandepremio.com\/br\/wp-json\/wp\/v2\/posts\/103986","targetHints":{"allow":["GET"]}}],"collection":[{"href":"https:\/\/grandepremio.com\/br\/wp-json\/wp\/v2\/posts"}],"about":[{"href":"https:\/\/grandepremio.com\/br\/wp-json\/wp\/v2\/types\/post"}],"replies":[{"embeddable":true,"href":"https:\/\/grandepremio.com\/br\/wp-json\/wp\/v2\/comments?post=103986"}],"version-history":[{"count":0,"href":"https:\/\/grandepremio.com\/br\/wp-json\/wp\/v2\/posts\/103986\/revisions"}],"wp:featuredmedia":[{"embeddable":true,"href":"https:\/\/grandepremio.com\/br\/wp-json\/wp\/v2\/media\/1000668075"}],"wp:attachment":[{"href":"https:\/\/grandepremio.com\/br\/wp-json\/wp\/v2\/media?parent=103986"}],"wp:term":[{"taxonomy":"category","embeddable":true,"href":"https:\/\/grandepremio.com\/br\/wp-json\/wp\/v2\/categories?post=103986"},{"taxonomy":"post_tag","embeddable":true,"href":"https:\/\/grandepremio.com\/br\/wp-json\/wp\/v2\/tags?post=103986"},{"taxonomy":"42wp_author","embeddable":true,"href":"https:\/\/grandepremio.com\/br\/wp-json\/wp\/v2\/42wp_author?post=103986"}],"curies":[{"name":"wp","href":"https:\/\/api.w.org\/{rel}","templated":true}]}}