{"id":104018,"date":"2023-04-13T07:49:37","date_gmt":"2023-04-13T10:49:37","guid":{"rendered":"https:\/\/grandepremio.com\/br\/noticias\/francescp-bagnaia-deixar-queda-argentina-para-tras-lutando-vitoria-austin\/"},"modified":"2023-04-13T07:50:20","modified_gmt":"2023-04-13T10:50:20","slug":"francescp-bagnaia-deixar-queda-argentina-para-tras-lutando-vitoria-austin","status":"publish","type":"post","link":"https:\/\/grandepremio.com\/br\/motogp\/francescp-bagnaia-deixar-queda-argentina-para-tras-lutando-vitoria-austin\/","title":{"rendered":"Bagnaia fala em deixar queda da Argentina para tr\u00e1s \u201clutando pela vit\u00f3ria\u201d em Austin"},"content":{"rendered":"\n<figure class=\"wp-block-embed is-type-video is-provider-youtube wp-block-embed-youtube wp-embed-aspect-16-9 wp-has-aspect-ratio\"><div class=\"wp-block-embed__wrapper\">\n<iframe loading=\"lazy\" title=\"MOTOGP 2023: MARC M\u00c1RQUEZ FORA DO GP DAS AM\u00c9RICAS\" width=\"500\" height=\"281\" src=\"https:\/\/www.youtube.com\/embed\/2lTHMBPsHLQ?feature=oembed\" frameborder=\"0\" allow=\"accelerometer; autoplay; clipboard-write; encrypted-media; gyroscope; picture-in-picture; web-share\" referrerpolicy=\"strict-origin-when-cross-origin\" allowfullscreen><\/iframe>\n<\/div><figcaption>Marc M\u00e1rquez fora do GP das Am\u00e9ricas e de &#8216;meia&#8217; MotoGP<\/figcaption><\/figure>\n\n\n\n<p class=\"wp-block-paragraph\"><strong>Francesco Bagnaia<\/strong> <a href=\"https:\/\/www.grandepremio.com\/br\/motogp\/noticias\/francesco-bagnaia-se-irrita-queda-argentina-estava-achando-era-piloto-melhor\/\" class=\"ek-link\">ainda n\u00e3o engoliu<\/a> a <a href=\"https:\/\/www.grandepremio.com\/br\/motogp\/noticias\/marco-bezzecchi-domina-chuva-vence-primeira-motogp-argentina-francesco-bagnaia-cai\/\" class=\"ek-link\">queda no GP da <strong>Argentina<\/strong><\/a>, mas quer usar o GP das <strong>Am\u00e9ricas <\/strong>deste fim de semana para deixar o rev\u00e9s para tr\u00e1s. O #1 mira brigar pela vit\u00f3ria nas duas corridas de <strong>Austin <\/strong>para enterrar de vez a decep\u00e7\u00e3o.<\/p>\n\n\n\n<p class=\"wp-block-paragraph\">Pecco caiu j\u00e1 na reta final da corrida em <strong>Termas de R\u00edo Hondo<\/strong>, quando rodava isolado no segundo lugar. O piloto de <strong>Torino <\/strong>at\u00e9 conseguiu voltar para o GP, mas acabou em 16\u00ba e <a href=\"https:\/\/www.grandepremio.com\/br\/motogp\/noticias\/marco-bezzecchi-toma-lideranca-motogp-gp-argentina-confira-classificacao\/\" class=\"ek-link\">perdeu a lideran\u00e7a do <strong>Mundial de Pilotos <\/strong>para <strong>Marco<\/strong> <strong>Bezzecchi<\/strong><\/a>.<\/p>\n\n\n\n<figure class=\"wp-block-image size-large\"><img decoding=\"async\" src=\"https:\/\/www.grandepremio.com\/br\/wp-content\/uploads\/2023\/04\/MotoGP-2023-Argentina-Termas-de-Rio-Hondo-Ducati-Francesco-Bagnaia-1024x682.jpg\" alt=\"\" class=\"wp-image-669680\"\/><figcaption>Francesco Bagnaia confia na competitividade da Ducati em Austin (Foto: Ducati)<\/figcaption><\/figure>\n\n\n\n<p class=\"wp-block-paragraph\"><strong>\u25b6\ufe0f\u00a0Inscreva-se nos dois canais do GRANDE PR\u00caMIO no YouTube:\u00a0<a href=\"https:\/\/www.youtube.com\/channel\/UC9OlHEgxoaY6QY6nWPoiqQg?sub_confirmation=1\" target=\"_blank\" rel=\"noreferrer noopener\">GP<\/a>\u00a0|\u00a0<a href=\"https:\/\/www.youtube.com\/channel\/UC9csiS6q_C3C0FYhyr1rnFA?sub_confirmation=1\" target=\"_blank\" rel=\"noreferrer noopener\">GP2<\/a><\/strong><br><strong>\u25b6\ufe0f\u00a0<a href=\"https:\/\/www.twitch.tv\/grandepremio\" target=\"_blank\" rel=\"noreferrer noopener\">Conhe\u00e7a o canal do GRANDE PR\u00caMIO na Twitch clicando aqui!<\/a><\/strong><\/p>\n\n\n\n<p class=\"wp-block-paragraph\">\u00c0s v\u00e9speras da corrida nos <strong>Estados Unidos<\/strong>, Bagnaia lembrou que a Ducati foi forte no <strong>Texas <\/strong>em outras ocasi\u00f5es e espera o mesmo tipo de performance. A montadora venceu no tra\u00e7ado no ano passado, com <strong>Enea Bastianini<\/strong>, que ainda corrida pela sat\u00e9lite <strong>Gresini<\/strong>.<\/p>\n\n\n\n<p class=\"wp-block-paragraph\">\u201cEstou feliz em voltar \u00e0 pista em Austin neste fim de semana\u201d, disse Bagnaia. \u201cGP das Am\u00e9ricas \u00e9 um dos meus eventos favorito, e o circuito \u00e9 excepcional. Sempre fomos r\u00e1pidos l\u00e1 no passado, e podemos nos sair bem outra vez tamb\u00e9m neste ano\u201d, previu.<\/p>\n\n\n\n<p class=\"wp-block-paragraph\">\u201cAinda estou desapontado com a queda da Argentina. Quero colocar isso para tr\u00e1s e voltar lutando pela vit\u00f3ria nas corridas de s\u00e1bado e domingo\u201d, encerrou.<\/p>\n\n\n\n<p class=\"wp-block-paragraph\">A MotoGP volta entre os dias 14 e 16 de abril, com o GP das Am\u00e9ricas, em Austin. O\u00a0<strong>GRANDE PR\u00caMIO<\/strong>\u00a0acompanha\u00a0<a href=\"https:\/\/www.grandepremio.com\/br\/motogp\/ultimas-noticias\/\">todas as atividades do\u00a0<strong>Mundial de\u00a0<\/strong><\/a><strong><a href=\"https:\/\/www.grandepremio.com\/motovelocidade\/\" target=\"_blank\" rel=\"noreferrer noopener\">Motovelocidade<\/a><\/strong>.<\/p>\n\n\n\n<figure class=\"wp-block-embed is-type-video is-provider-youtube wp-block-embed-youtube wp-embed-aspect-16-9 wp-has-aspect-ratio\"><div class=\"wp-block-embed__wrapper\">\n<iframe loading=\"lazy\" title=\"ARGENTINA AJUDA, MAS N\u00c3O EXTINGUE AMEA\u00c7A A MORBIDELLI | GP \u00c0S 10\" width=\"500\" height=\"281\" src=\"https:\/\/www.youtube.com\/embed\/nN0S68pJC9Q?feature=oembed\" frameborder=\"0\" allow=\"accelerometer; autoplay; clipboard-write; encrypted-media; gyroscope; picture-in-picture; web-share\" referrerpolicy=\"strict-origin-when-cross-origin\" allowfullscreen><\/iframe>\n<\/div><figcaption>\u201cArgentina ajuda, mas n\u00e3o extingue amea\u00e7a a Morbidelli\u201d<\/figcaption><\/figure>\n","protected":false},"excerpt":{"rendered":"<p>Campe\u00e3o vigente da MotoGP destacou que a Ducati foi r\u00e1pida no GP das Am\u00e9ricas em outras ocasi\u00f5es e espera o mesmo n\u00edvel de performance em 2023<\/p>\n","protected":false},"author":0,"featured_media":1000669108,"comment_status":"closed","ping_status":"closed","sticky":false,"template":"","format":"standard","meta":{"42wp_featured_image_caption":"","42wp_featured_image_credits":"","42wp_featured_video":"","42wp_featured_image_hidden":false,"42wp_authors_list":[],"footnotes":""},"categories":[8],"tags":[179,1982,5214,131,896,2327,28285,79,78,27538,33202,33200,33201,25819,29345,28766,33203,26690],"42wp_author":[47113],"class_list":["post-104018","post","type-post","status-publish","format-standard","has-post-thumbnail","hentry","category-motogp","tag-argentina","tag-austin","tag-classificacao-motogp","tag-ducati","tag-estados-unidos","tag-francesco-bagnaia","tag-grandepremio","tag-moto-gp","tag-motogp","tag-motogp-2023","tag-motogp-2023-calendario","tag-motogp-calendario-2023","tag-motogp-classificacao-2023","tag-motogp-hoje","tag-motogp-horario","tag-motogp-standings","tag-onde-assistir-motogp-2023","tag-pilotos-motogp","42wp_author-juliana-tesser"],"_links":{"self":[{"href":"https:\/\/grandepremio.com\/br\/wp-json\/wp\/v2\/posts\/104018","targetHints":{"allow":["GET"]}}],"collection":[{"href":"https:\/\/grandepremio.com\/br\/wp-json\/wp\/v2\/posts"}],"about":[{"href":"https:\/\/grandepremio.com\/br\/wp-json\/wp\/v2\/types\/post"}],"replies":[{"embeddable":true,"href":"https:\/\/grandepremio.com\/br\/wp-json\/wp\/v2\/comments?post=104018"}],"version-history":[{"count":0,"href":"https:\/\/grandepremio.com\/br\/wp-json\/wp\/v2\/posts\/104018\/revisions"}],"wp:featuredmedia":[{"embeddable":true,"href":"https:\/\/grandepremio.com\/br\/wp-json\/wp\/v2\/media\/1000669108"}],"wp:attachment":[{"href":"https:\/\/grandepremio.com\/br\/wp-json\/wp\/v2\/media?parent=104018"}],"wp:term":[{"taxonomy":"category","embeddable":true,"href":"https:\/\/grandepremio.com\/br\/wp-json\/wp\/v2\/categories?post=104018"},{"taxonomy":"post_tag","embeddable":true,"href":"https:\/\/grandepremio.com\/br\/wp-json\/wp\/v2\/tags?post=104018"},{"taxonomy":"42wp_author","embeddable":true,"href":"https:\/\/grandepremio.com\/br\/wp-json\/wp\/v2\/42wp_author?post=104018"}],"curies":[{"name":"wp","href":"https:\/\/api.w.org\/{rel}","templated":true}]}}