{"id":104081,"date":"2023-04-10T04:45:00","date_gmt":"2023-04-10T07:45:00","guid":{"rendered":"https:\/\/grandepremio.com\/br\/noticias\/sergio-perez-diz-que-relacao-com-max-verstappen-e-mais-respeitosa-do-que-as-pessoas-imaginam\/"},"modified":"2023-04-09T16:17:52","modified_gmt":"2023-04-09T19:17:52","slug":"sergio-perez-diz-que-relacao-com-max-verstappen-e-mais-respeitosa-do-que-as-pessoas-imaginam","status":"publish","type":"post","link":"https:\/\/grandepremio.com\/br\/f1\/sergio-perez-diz-que-relacao-com-max-verstappen-e-mais-respeitosa-do-que-as-pessoas-imaginam\/","title":{"rendered":"P\u00e9rez diz que rela\u00e7\u00e3o com Verstappen \u00e9 &#8220;mais respeitosa do que as pessoas imaginam&#8221;"},"content":{"rendered":"\n<figure class=\"wp-block-embed is-type-video is-provider-youtube wp-block-embed-youtube wp-embed-aspect-16-9 wp-has-aspect-ratio\"><div class=\"wp-block-embed__wrapper\">\n<iframe loading=\"lazy\" title=\"ATUALIZA\u00c7\u00d5ES??? MERCEDES E FERRARI PRECISAM DE MAIS NA F1 | GP \u00e0s 10\" width=\"500\" height=\"281\" src=\"https:\/\/www.youtube.com\/embed\/Sb6G2aSR4jA?feature=oembed\" frameborder=\"0\" allow=\"accelerometer; autoplay; clipboard-write; encrypted-media; gyroscope; picture-in-picture; web-share\" referrerpolicy=\"strict-origin-when-cross-origin\" allowfullscreen><\/iframe>\n<\/div><\/figure>\n\n\n\n<p class=\"wp-block-paragraph\"><strong>Sergio P\u00e9rez <\/strong>e <strong>Max Verstappen<\/strong> ainda t\u00eam muito respeito um pelo outro e n\u00e3o existe qualquer rivalidade que torne complicada a conviv\u00eancia dentro das garagens da Red Bull. Ao menos \u00e9 isso o que afirma o mexicano. De acordo com &#8216;Checo&#8217;, a rela\u00e7\u00e3o entre os pilotos taurinos \u00e9 boa, apesar da disputa pelo campeonato de 2023 ainda estar em aberto.<\/p>\n\n\n\n<p class=\"wp-block-paragraph\">&#8220;Para ser honesto, temos muito mais respeito um pelo outro do que as pessoas podem pensar. Existe uma \u00f3tima atmosfera com o time, existe um n\u00edvel muito alto de respeito entre n\u00f3s na equipe com todos os engenheiros do lado dele e do meu lado&#8221;, disse. &#8220;Acho que somos maduros o suficiente para saber o que \u00e9 certo e o que \u00e9 errado. Contanto que continue sendo assim, n\u00e3o espero que nada mude&#8221;, amenizou P\u00e9rez.<\/p>\n\n\n\n<p class=\"wp-block-paragraph\"><strong>\u25b6\ufe0f\u00a0Inscreva-se nos dois canais do GRANDE PR\u00caMIO no YouTube:\u00a0<a href=\"https:\/\/www.youtube.com\/channel\/UC9OlHEgxoaY6QY6nWPoiqQg?sub_confirmation=1\" target=\"_blank\" rel=\"noreferrer noopener\">GP<\/a>\u00a0|\u00a0<a href=\"https:\/\/www.youtube.com\/channel\/UC9csiS6q_C3C0FYhyr1rnFA?sub_confirmation=1\" target=\"_blank\" rel=\"noreferrer noopener\">GP2<\/a><\/strong><br><strong>\u25b6\ufe0f\u00a0<a href=\"https:\/\/www.twitch.tv\/grandepremio\" target=\"_blank\" rel=\"noreferrer noopener\">Conhe\u00e7a o canal do GRANDE PR\u00caMIO na Twitch clicando aqui!<\/a><\/strong><\/p>\n\n\n\n<p class=\"wp-block-paragraph\">As suposi\u00e7\u00f5es de que o clima na Red Bull n\u00e3o est\u00e1 dos mais amig\u00e1veis come\u00e7ou no <strong>GP de S\u00e3o Paulo<\/strong> do ano passado, quando Verstappen se recusou a ajudar &#8216;Checo&#8217; na disputa pelo vice campeonato e n\u00e3o devolveu a sexta coloca\u00e7\u00e3o ao companheiro de equipe. A narrativa ficou mais forte quando o #11 foi instru\u00eddo a administrar o ritmo nas voltas finais do<strong> GP da Ar\u00e1bia Saudita<\/strong> desde ano, enquanto o #1 permanecia acelerando e tentava alcan\u00e7ar a lideran\u00e7a.<\/p>\n\n\n\n<figure class=\"wp-block-image size-large\"><img decoding=\"async\" src=\"https:\/\/www.grandepremio.com\/br\/wp-content\/uploads\/2023\/04\/redbull-sergioperez-02-1024x683.jpg\" alt=\"\" class=\"wp-image-667538\"\/><figcaption>Sergio P\u00e9rez disse que a conviv\u00eancia com Max Verstappen \u00e9 tranquila na Red Bull (Foto: Red Bull Content Pool)<\/figcaption><\/figure>\n\n\n\n<p class=\"wp-block-paragraph\">Hoje, depois de tr\u00eas etapas completas no ano, Verstappen lidera o campeonato com uma vantagem de 15 pontos sobre P\u00e9rez. O segundo colocado aproveitou a oportunidade para falar da disputa em 2023. Embora entenda que est\u00e1 conseguindo imprimir um ritmo pr\u00f3ximo ao do bicampe\u00e3o, acredita que, no grid atual, Max \u00e9 o piloto mais dif\u00edcil a ser batido.<\/p>\n\n\n\n<p class=\"wp-block-paragraph\">&#8220;N\u00e3o s\u00f3 Jed\u00e1, mas tamb\u00e9m no Bahrein, tivemos margens muito pequenas na classifica\u00e7\u00e3o e na corrida. N\u00e3o h\u00e1 d\u00favida de que n\u00e3o h\u00e1 nenhum piloto como Max, e junto com a equipe, com o carro, ele \u00e9 definitivamente o piloto mais dif\u00edcil de bater. Mas darei o m\u00e1ximo de mim a cada fim de semana para fazer o jogo virar a meu favor&#8221;, finalizou o mexicano.<\/p>\n\n\n\n<p class=\"wp-block-paragraph\">O pr\u00f3ximo cap\u00edtulo da disputa entre os pilotos da Red Bull poder\u00e1 ser acompanhado no GP do Azerbaij\u00e3o, previsto para o pr\u00f3ximo dia 30.<\/p>\n","protected":false},"excerpt":{"rendered":"<p>Sergio P\u00e9rez negou a exist\u00eancia de uma inimizade com Max Verstappen e reiterou que o clima nas garagens da Red Bull ainda \u00e9 amig\u00e1vel e a rela\u00e7\u00e3o com o bicampe\u00e3o mundial permanece muito profissional<\/p>\n","protected":false},"author":0,"featured_media":1000654179,"comment_status":"closed","ping_status":"closed","sticky":false,"template":"","format":"standard","meta":{"42wp_featured_image_caption":"","42wp_featured_image_credits":"","42wp_featured_video":"","42wp_featured_image_hidden":false,"42wp_authors_list":[],"footnotes":""},"categories":[2],"tags":[655,147,6533,24837,31260,24836,28285,258,27382,204,9685],"42wp_author":[47149],"class_list":["post-104081","post","type-post","status-publish","format-standard","has-post-thumbnail","hentry","category-f1","tag-christian-horner","tag-f1","tag-f1-2023","tag-formula-1-2","tag-formula-1-2023-2","tag-grande-premio-2","tag-grandepremio","tag-helmut-marko","tag-perez","tag-red-bull","tag-verstappen","42wp_author-bernardo-castro"],"_links":{"self":[{"href":"https:\/\/grandepremio.com\/br\/wp-json\/wp\/v2\/posts\/104081","targetHints":{"allow":["GET"]}}],"collection":[{"href":"https:\/\/grandepremio.com\/br\/wp-json\/wp\/v2\/posts"}],"about":[{"href":"https:\/\/grandepremio.com\/br\/wp-json\/wp\/v2\/types\/post"}],"replies":[{"embeddable":true,"href":"https:\/\/grandepremio.com\/br\/wp-json\/wp\/v2\/comments?post=104081"}],"version-history":[{"count":0,"href":"https:\/\/grandepremio.com\/br\/wp-json\/wp\/v2\/posts\/104081\/revisions"}],"wp:featuredmedia":[{"embeddable":true,"href":"https:\/\/grandepremio.com\/br\/wp-json\/wp\/v2\/media\/1000654179"}],"wp:attachment":[{"href":"https:\/\/grandepremio.com\/br\/wp-json\/wp\/v2\/media?parent=104081"}],"wp:term":[{"taxonomy":"category","embeddable":true,"href":"https:\/\/grandepremio.com\/br\/wp-json\/wp\/v2\/categories?post=104081"},{"taxonomy":"post_tag","embeddable":true,"href":"https:\/\/grandepremio.com\/br\/wp-json\/wp\/v2\/tags?post=104081"},{"taxonomy":"42wp_author","embeddable":true,"href":"https:\/\/grandepremio.com\/br\/wp-json\/wp\/v2\/42wp_author?post=104081"}],"curies":[{"name":"wp","href":"https:\/\/api.w.org\/{rel}","templated":true}]}}