{"id":104092,"date":"2023-04-09T09:34:04","date_gmt":"2023-04-09T12:34:04","guid":{"rendered":"https:\/\/grandepremio.com\/br\/noticias\/max-verstappen-critica-corridas-sprint-formula-1-nao-caminho-certo-seguir\/"},"modified":"2023-04-09T09:40:52","modified_gmt":"2023-04-09T12:40:52","slug":"max-verstappen-critica-corridas-sprint-formula-1-nao-caminho-certo-seguir","status":"publish","type":"post","link":"https:\/\/grandepremio.com\/br\/f1\/max-verstappen-critica-corridas-sprint-formula-1-nao-caminho-certo-seguir\/","title":{"rendered":"Verstappen critica corridas sprint na F\u00f3rmula 1: &#8220;N\u00e3o \u00e9 caminho certo a seguir&#8221;"},"content":{"rendered":"\n<figure class=\"wp-block-embed is-type-video is-provider-youtube wp-block-embed-youtube wp-embed-aspect-16-9 wp-has-aspect-ratio\"><div class=\"wp-block-embed__wrapper\">\n<iframe loading=\"lazy\" title=\"\u201c\u00c0 LA CHAROUZ\u201d FITTIPALDI TEM DE SEGUIR PR\u00d3PRIO EXEMPLO NA BRIGA POR T\u00cdTULO DA F2 | GP \u00e0s 10\" width=\"500\" height=\"281\" src=\"https:\/\/www.youtube.com\/embed\/bxQ_p0Fq6f8?feature=oembed\" frameborder=\"0\" allow=\"accelerometer; autoplay; clipboard-write; encrypted-media; gyroscope; picture-in-picture; web-share\" referrerpolicy=\"strict-origin-when-cross-origin\" allowfullscreen><\/iframe>\n<\/div><\/figure>\n\n\n\n<p class=\"wp-block-paragraph\"><strong>Max Verstappen <\/strong>ainda n\u00e3o est\u00e1 convencido pelo formato de corridas sprint adotado pela <strong>F\u00f3rmula 1<\/strong>. O bicampe\u00e3o mundial \u00e9 o maior vencedor das provas curtas, inseridas no calend\u00e1rio em 2021, com tr\u00eas vit\u00f3rias \u2014 mas, ainda assim, n\u00e3o \u00e9 f\u00e3 delas &#8220;de jeito nenhum&#8221;. A repulsa est\u00e1 atrelada ao calend\u00e1rio extenso e ao formato do fim de semana, que deixa tudo mais trabalhoso para as equipes.<\/p>\n\n\n\n<p class=\"wp-block-paragraph\">Chef\u00e3o da F\u00f3rmula 1, <strong>Stefano Domenicali <\/strong><a href=\"https:\/\/www.grandepremio.com\/br\/f1\/noticias\/chefe-f1-quer-mudancas-sessoes-treino-livre-publico-nao-gosta\/\" target=\"_blank\" aria-label=\"tem ventilado a possibilidade de excluir (opens in a new tab)\" rel=\"noreferrer noopener\" class=\"ek-link\">tem ventilado a possibilidade de excluir<\/a> \u2014 ou ao menos diminuir \u2014 os treinos livres j\u00e1 a partir deste ano. Al\u00e9m disso, estuda-se um novo formato para os finais de semana com corrida sprint. No entanto, Verstappen ainda acredita que esse n\u00e3o \u00e9 o caminho a ser seguido.<\/p>\n\n\n\n<p class=\"wp-block-paragraph\">&#8220;Acho que n\u00e3o \u00e9 o caminho certo a seguir&#8221;, criticou Verstappen. &#8220;Entendo, \u00e9 claro, que eles querem basicamente todos os dias emocionantes, mas acho que talvez seja melhor reduzir o fim de semana, correr apenas no s\u00e1bado e no domingo e fazer esses dois dias emocionantes&#8221;, seguiu. <\/p>\n\n\n\n<p class=\"wp-block-paragraph\"><strong>\u25b6\ufe0f&nbsp;Inscreva-se nos dois canais do GRANDE PR\u00caMIO no YouTube:&nbsp;<a href=\"https:\/\/www.youtube.com\/channel\/UC9OlHEgxoaY6QY6nWPoiqQg?sub_confirmation=1\" target=\"_blank\" rel=\"noreferrer noopener\">GP<\/a>&nbsp;|&nbsp;<a href=\"https:\/\/www.youtube.com\/channel\/UC9csiS6q_C3C0FYhyr1rnFA?sub_confirmation=1\" target=\"_blank\" rel=\"noreferrer noopener\">GP2<\/a><\/strong><br><strong>\u25b6\ufe0f&nbsp;<a href=\"https:\/\/www.twitch.tv\/grandepremio\" target=\"_blank\" rel=\"noreferrer noopener\">Conhe\u00e7a o canal do GRANDE PR\u00caMIO na Twitch clicando aqui!<\/a><\/strong><\/p>\n\n\n\n<figure class=\"wp-block-image size-large\"><img decoding=\"async\" src=\"https:\/\/www.grandepremio.com\/br\/wp-content\/uploads\/2023\/03\/redbull-maxverstappen-01-11-1024x683.jpg\" alt=\"\" class=\"wp-image-666680\"\/><figcaption>Atual bicampe\u00e3o, Verstappen defende um modelo mais tradicional de fim de semana na F1 (Foto: Red Bull Content Pool)<\/figcaption><\/figure>\n\n\n\n<p class=\"wp-block-paragraph\">&#8220;Porque estamos entrando em temporadas em que, em determinado ponto, voc\u00ea vai ter 24, 25 corridas \u2014 porque \u00e9 para onde vamos&#8221;, reclamou. &#8220;E, se come\u00e7armos a adicionar ainda mais coisas, n\u00e3o vale a pena para mim, de qualquer maneira. Eu n\u00e3o estou gostando disso&#8221;, disparou o titular da Red Bull.<\/p>\n\n\n\n<p class=\"wp-block-paragraph\">Al\u00e9m do desconforto causado nas equipes, Verstappen diz que a corrida sprint n\u00e3o faz parte do DNA da F\u00f3rmula 1, j\u00e1 que, segundo ele, o verdadeiro espet\u00e1culo da categoria \u00e9 ver as equipes em p\u00e9 de igualdade de desempenho.<\/p>\n\n\n\n<p class=\"wp-block-paragraph\">&#8220;Mesmo se voc\u00ea mudar o formato, n\u00e3o acho que seja o DNA da F\u00f3rmula 1 fazer esse tipo de corrida. F1 \u00e9 tirar o m\u00e1ximo proveito da classifica\u00e7\u00e3o e depois ter um domingo incr\u00edvel, boas corridas&#8221;, disse. &#8220;E, como voc\u00ea consegue ainda mais a\u00e7\u00e3o aproximando os carros, fazer com que mais equipes possam lutar pela vit\u00f3ria. E acho que, naturalmente, o show ser\u00e1 \u00f3timo. Esse \u00e9 o DNA do esporte e n\u00e3o entendo, ou n\u00e3o sei por que, devemos mudar isso.&#8221;<\/p>\n\n\n\n<p class=\"wp-block-paragraph\">At\u00e9 2022, a F\u00f3rmula 1 tinha tr\u00eas corridas sprint por temporada, mas esse n\u00famero dobrou para 2023. Agora, as etapas de <strong>Azerbaij\u00e3o<\/strong>, <strong>\u00c1ustria<\/strong>, <strong>B\u00e9lgica<\/strong>, <strong>Catar<\/strong>, <strong>Estados Unidos <\/strong>e <strong>S\u00e3o Paulo <\/strong>ser\u00e3o palcos da disputa. A pista brasileira, inclusive, \u00e9 a \u00fanica pra\u00e7a escolhida para receber o formato em todos os tr\u00eas anos.<\/p>\n\n\n\n<p class=\"wp-block-paragraph\">A etapa em Baku, pr\u00f3xima parada da F\u00f3rmula 1, ainda deve receber um novo formato da prova sprint. De acordo com <strong>Fr\u00e9d\u00e9ric Vasseur<\/strong>, chefe da <strong>Ferrari<\/strong>,<a href=\"https:\/\/www.grandepremio.com\/br\/f1\/noticias\/ferrari-indica-acordo-unanime-entre-equipes-formula-1-teste-formato-corrida-sprint-baku\/\" class=\"ek-link\"> todas as equipes concordaram em testar um fim de semana com duas classifica\u00e7\u00f5es e duas corridas para o GP do Azerbaij\u00e3o<\/a>. A categoria deve oficializar esse modelo em breve.<\/p>\n","protected":false},"excerpt":{"rendered":"<p>Max Verstappen v\u00ea corrida sprint como uma maneira artificial de aumentar emo\u00e7\u00e3o em um fim de semana da F\u00f3rmula 1 e acredita que a categoria poderia seguir outro caminho para tornar o evento mais interessante para o p\u00fablico<\/p>\n","protected":false},"author":0,"featured_media":1000669695,"comment_status":"closed","ping_status":"closed","sticky":false,"template":"","format":"standard","meta":{"42wp_featured_image_caption":"","42wp_featured_image_credits":"","42wp_featured_video":"","42wp_featured_image_hidden":false,"42wp_authors_list":[],"footnotes":""},"categories":[2],"tags":[147,24836,28285,203,204,2018,9685],"42wp_author":[47149],"class_list":["post-104092","post","type-post","status-publish","format-standard","has-post-thumbnail","hentry","category-f1","tag-f1","tag-grande-premio-2","tag-grandepremio","tag-max-verstappen","tag-red-bull","tag-sprint-race","tag-verstappen","42wp_author-bernardo-castro"],"_links":{"self":[{"href":"https:\/\/grandepremio.com\/br\/wp-json\/wp\/v2\/posts\/104092","targetHints":{"allow":["GET"]}}],"collection":[{"href":"https:\/\/grandepremio.com\/br\/wp-json\/wp\/v2\/posts"}],"about":[{"href":"https:\/\/grandepremio.com\/br\/wp-json\/wp\/v2\/types\/post"}],"replies":[{"embeddable":true,"href":"https:\/\/grandepremio.com\/br\/wp-json\/wp\/v2\/comments?post=104092"}],"version-history":[{"count":0,"href":"https:\/\/grandepremio.com\/br\/wp-json\/wp\/v2\/posts\/104092\/revisions"}],"wp:featuredmedia":[{"embeddable":true,"href":"https:\/\/grandepremio.com\/br\/wp-json\/wp\/v2\/media\/1000669695"}],"wp:attachment":[{"href":"https:\/\/grandepremio.com\/br\/wp-json\/wp\/v2\/media?parent=104092"}],"wp:term":[{"taxonomy":"category","embeddable":true,"href":"https:\/\/grandepremio.com\/br\/wp-json\/wp\/v2\/categories?post=104092"},{"taxonomy":"post_tag","embeddable":true,"href":"https:\/\/grandepremio.com\/br\/wp-json\/wp\/v2\/tags?post=104092"},{"taxonomy":"42wp_author","embeddable":true,"href":"https:\/\/grandepremio.com\/br\/wp-json\/wp\/v2\/42wp_author?post=104092"}],"curies":[{"name":"wp","href":"https:\/\/api.w.org\/{rel}","templated":true}]}}