{"id":104123,"date":"2023-04-07T04:45:00","date_gmt":"2023-04-07T07:45:00","guid":{"rendered":"https:\/\/grandepremio.com\/br\/noticias\/chefe-comemora-primeiros-pontos-mclaren-2023-ficamos-longe-problemas\/"},"modified":"2023-04-06T20:02:42","modified_gmt":"2023-04-06T23:02:42","slug":"chefe-comemora-primeiros-pontos-mclaren-2023-ficamos-longe-problemas","status":"publish","type":"post","link":"https:\/\/grandepremio.com\/br\/f1\/chefe-comemora-primeiros-pontos-mclaren-2023-ficamos-longe-problemas\/","title":{"rendered":"Chefe comemora primeiros pontos da McLaren em 2023: &#8220;Ficamos longe de problemas&#8221;"},"content":{"rendered":"\n<p class=\"wp-block-paragraph\">A <strong>McLaren <\/strong>marcou os seus primeiros pontos na temporada 2023 da <strong>F\u00f3rmula 1<\/strong> no <strong>GP da Austr\u00e1lia<\/strong>, realizado no \u00faltimo domingo (2), no circuito de <strong>Melbourne<\/strong>. <a href=\"https:\/\/www.grandepremio.com\/br\/f1\/noticias\/max-verstappen-recupera-ataque-mercedes-vence-caotico-gp-da-australia-formula-1\/\" class=\"ek-link\">Beneficiados pela puni\u00e7\u00e3o a <strong>Carlos Sainz<\/strong>, da <strong>Ferrari<\/strong>, <strong>Lando Norris<\/strong> terminou terminou em sexto e <strong>Oscar Piastri<\/strong> fechou em oitavo<\/a>. Os resultados foram comemorados por <strong>Andrea Stella<\/strong>, chefe da equipe laranja.<\/p>\n\n\n\n<p class=\"wp-block-paragraph\">O engenheiro italiano, em entrevista \u00e0 imprensa ap\u00f3s a ca\u00f3tica corrida em que apenas 12 carros cruzaram a linha de chegada, <a href=\"https:\/\/www.grandepremio.com\/br\/f1\/noticias\/mclaren-prepara-versao-b-mcl60-meta-top-4-ate-final-ano\/\" class=\"ek-link\">relembrou as duas primeiras etapas desastrosas no <strong>Bahrein<\/strong> e na <strong>Ar\u00e1bia Saudita<\/strong><\/a>, e viu &#8220;muitos aspectos positivos&#8221; no \u00faltimo fim de semana em <strong>Albert Park<\/strong>.<\/p>\n\n\n\n<p class=\"wp-block-paragraph\">&#8220;Uma corrida movimentada hoje em Melbourne. Conseguimos ficar longe de problemas e conseguimos marcar nossos primeiros pontos na temporada. Mesmo sem as tr\u00eas bandeiras vermelhas, foi bom ver que est\u00e1vamos em condi\u00e7\u00f5es de correr bem e fazer boas ultrapassagens, ent\u00e3o h\u00e1 muitos aspectos positivos&#8221;, destacou Stella.<\/p>\n\n\n\n<p class=\"wp-block-paragraph\"><strong>\u25b6\ufe0f&nbsp;Inscreva-se nos dois canais do GRANDE PR\u00caMIO no YouTube:&nbsp;<a href=\"https:\/\/www.youtube.com\/channel\/UC9OlHEgxoaY6QY6nWPoiqQg?sub_confirmation=1\" target=\"_blank\" rel=\"noreferrer noopener\">GP<\/a>&nbsp;|&nbsp;<a href=\"https:\/\/www.youtube.com\/channel\/UC9csiS6q_C3C0FYhyr1rnFA?sub_confirmation=1\" target=\"_blank\" rel=\"noreferrer noopener\">GP2<\/a><\/strong><br><strong>\u25b6\ufe0f&nbsp;<a href=\"https:\/\/www.twitch.tv\/grandepremio\" target=\"_blank\" rel=\"noreferrer noopener\">Conhe\u00e7a o canal do GRANDE PR\u00caMIO na Twitch clicando aqui!<\/a><\/strong><\/p>\n\n\n\n<figure class=\"wp-block-image size-full\"><img decoding=\"async\" src=\"https:\/\/www.grandepremio.com\/br\/wp-content\/uploads\/2023\/04\/mclaren-landonorris-03.jpg\" alt=\"\" class=\"wp-image-668728\"\/><figcaption>Norris terminou em sexto em Melbourne, o seu melhor resultado na temporada at\u00e9 aqui (Foto: McLaren)<\/figcaption><\/figure>\n\n\n\n<p class=\"wp-block-paragraph\">&#8220;Ao mesmo tempo, sabemos que temos de ser realistas e temos muito trabalho pela frente. Tanto na pista, quanto na f\u00e1brica usaremos a energia desses resultados para nos deixar ainda mais determinados a entregar um carro mais r\u00e1pido. Obrigado a todos da pista, do centro de tecnologia e da f\u00e1brica pelo trabalho \u00e1rduo&#8221;, completou.<\/p>\n\n\n\n<p class=\"wp-block-paragraph\"><a href=\"https:\/\/www.grandepremio.com\/br\/f1\/classificacao\/\" class=\"ek-link\">O resultado tirou a McLaren da \u00faltima coloca\u00e7\u00e3o no <strong>Mundial de Construtores<\/strong><\/a> e fez a escuderia subir para quinto, com 12 pontos, e a 14 de diferen\u00e7a para a Ferrari. Por sua vez, <a href=\"https:\/\/www.grandepremio.com\/br\/f1\/classificacao\/\" class=\"ek-link\">Norris \u00e9 o oitavo no <strong>Mundial de Pilotos<\/strong> com oito pontos e Piastri \u00e9 o 13\u00ba com quatro<\/a>.<\/p>\n\n\n\n<p class=\"wp-block-paragraph\">A F\u00f3rmula 1 faz um recesso for\u00e7ado de quatro semanas, por conta do cancelamento do <strong>GP da China<\/strong>, e retoma a temporada 2023 entre os dias 28 e 30 de abril, com o <strong>GP do Azerbaij\u00e3o<\/strong>, nas ruas de <strong>Baku<\/strong>.<\/p>\n","protected":false},"excerpt":{"rendered":"<p>Depois de duas etapas desastrosas no Bahrein e na Ar\u00e1bia Saudita, McLaren finalmente pontuou com os dois carros no GP da Austr\u00e1lia, fato que foi comemorado pelo chefe da equipe, Andrea Stella<\/p>\n","protected":false},"author":0,"featured_media":1000670423,"comment_status":"closed","ping_status":"closed","sticky":false,"template":"","format":"standard","meta":{"42wp_featured_image_caption":"","42wp_featured_image_credits":"","42wp_featured_video":"","42wp_featured_image_hidden":false,"42wp_authors_list":[],"footnotes":""},"categories":[2],"tags":[7094,147,6533,180,30722,1753,1491,28285,547,90,1117,6285,2916,30336],"42wp_author":[47153],"class_list":["post-104123","post","type-post","status-publish","format-standard","has-post-thumbnail","hentry","category-f1","tag-andrea-stella","tag-f1","tag-f1-2023","tag-formula-1","tag-formula-1-2023","tag-gp-da-australia","tag-grande-premio","tag-grandepremio","tag-lando-norris","tag-mclaren","tag-mundial-de-construtores","tag-norris","tag-oscar-piastri","tag-piastri","42wp_author-gabriel-pitor"],"_links":{"self":[{"href":"https:\/\/grandepremio.com\/br\/wp-json\/wp\/v2\/posts\/104123","targetHints":{"allow":["GET"]}}],"collection":[{"href":"https:\/\/grandepremio.com\/br\/wp-json\/wp\/v2\/posts"}],"about":[{"href":"https:\/\/grandepremio.com\/br\/wp-json\/wp\/v2\/types\/post"}],"replies":[{"embeddable":true,"href":"https:\/\/grandepremio.com\/br\/wp-json\/wp\/v2\/comments?post=104123"}],"version-history":[{"count":0,"href":"https:\/\/grandepremio.com\/br\/wp-json\/wp\/v2\/posts\/104123\/revisions"}],"wp:featuredmedia":[{"embeddable":true,"href":"https:\/\/grandepremio.com\/br\/wp-json\/wp\/v2\/media\/1000670423"}],"wp:attachment":[{"href":"https:\/\/grandepremio.com\/br\/wp-json\/wp\/v2\/media?parent=104123"}],"wp:term":[{"taxonomy":"category","embeddable":true,"href":"https:\/\/grandepremio.com\/br\/wp-json\/wp\/v2\/categories?post=104123"},{"taxonomy":"post_tag","embeddable":true,"href":"https:\/\/grandepremio.com\/br\/wp-json\/wp\/v2\/tags?post=104123"},{"taxonomy":"42wp_author","embeddable":true,"href":"https:\/\/grandepremio.com\/br\/wp-json\/wp\/v2\/42wp_author?post=104123"}],"curies":[{"name":"wp","href":"https:\/\/api.w.org\/{rel}","templated":true}]}}