{"id":104129,"date":"2023-04-06T15:56:14","date_gmt":"2023-04-06T18:56:14","guid":{"rendered":"https:\/\/grandepremio.com\/br\/noticias\/logan-sargeant-pede-desculpas-acidente-de-vries-australia-decepcionei\/"},"modified":"2023-04-06T17:39:55","modified_gmt":"2023-04-06T20:39:55","slug":"logan-sargeant-pede-desculpas-acidente-de-vries-australia-decepcionei","status":"publish","type":"post","link":"https:\/\/grandepremio.com\/br\/f1\/logan-sargeant-pede-desculpas-acidente-de-vries-australia-decepcionei\/","title":{"rendered":"Sargeant pede desculpas ap\u00f3s acidente com De Vries na Austr\u00e1lia: &#8220;Decepcionei&#8221;"},"content":{"rendered":"\n<p class=\"wp-block-paragraph\"><a href=\"https:\/\/www.grandepremio.com\/br\/f1\/noticias\/max-verstappen-recupera-ataque-mercedes-vence-caotico-gp-da-australia-formula-1\/\" class=\"ek-link\">O <strong>GP da Austr\u00e1lia<\/strong> de <strong>F\u00f3rmula 1<\/strong>, realizado no \u00faltimo domingo (2), n\u00e3o terminou da forma como <strong>Logan Sargeant<\/strong> gostaria<\/a>. Na \u00faltima relargada da corrida, o piloto da <strong>Williams <\/strong>n\u00e3o conseguiu contornar a curva 1 e bateu na traseira de <strong>Nyck De Vries<\/strong>, da <strong>AlphaTauri<\/strong>, em meio aos caos no grid <a href=\"https:\/\/www.grandepremio.com\/br\/f1\/noticias\/gp-da-australia-primeira-corrida-formula-1-tres-bandeiras-vermelhas\/\" class=\"ek-link\">que fez a dire\u00e7\u00e3o de prova acionar a bandeira vermelha pela terceira vez<\/a>.<\/p>\n\n\n\n<p class=\"wp-block-paragraph\">Em entrevista ap\u00f3s a corrida, o piloto norte-americano justificou que &#8220;as baixas temperaturas dos pneus e dos freios&#8221; fizeram com que ele n\u00e3o conseguisse realizar a curva. Ele ainda pediu desculpas ao concorrente holand\u00eas, j\u00e1 que ambos tiveram de abandonar a prova por conta do acidente.<\/p>\n\n\n\n<p class=\"wp-block-paragraph\">&#8220;A \u00faltima relargada foi bem estranha. Senti que travei como nas duas anteriores [na volta 11, ap\u00f3s acidente de <strong>Alexander Albon<\/strong>, e na volta 19, depois do safety-car virtual acionado por conta do abandono de <strong>George Russell<\/strong>], mas parecia que a temperatura dos freios e dos pneus n\u00e3o era a ideal. Eu pisei no freio e imediatamente as duas frentes travaram, n\u00e3o havia nada que eu pudesse fazer a partir da\u00ed&#8221;, relatou Sargeant.<\/p>\n\n\n\n<p class=\"wp-block-paragraph\"><strong>\u25b6\ufe0f&nbsp;Inscreva-se nos dois canais do GRANDE PR\u00caMIO no YouTube:&nbsp;<a href=\"https:\/\/www.youtube.com\/channel\/UC9OlHEgxoaY6QY6nWPoiqQg?sub_confirmation=1\" target=\"_blank\" rel=\"noreferrer noopener\">GP<\/a>&nbsp;|&nbsp;<a href=\"https:\/\/www.youtube.com\/channel\/UC9csiS6q_C3C0FYhyr1rnFA?sub_confirmation=1\" target=\"_blank\" rel=\"noreferrer noopener\">GP2<\/a><\/strong><br><strong>\u25b6\ufe0f&nbsp;<a href=\"https:\/\/www.twitch.tv\/grandepremio\" target=\"_blank\" rel=\"noreferrer noopener\">Conhe\u00e7a o canal do GRANDE PR\u00caMIO na Twitch clicando aqui!<\/a><\/strong><\/p>\n\n\n\n<figure class=\"wp-block-image size-large\"><img decoding=\"async\" src=\"https:\/\/www.grandepremio.com\/br\/wp-content\/uploads\/2023\/04\/williams-logansargeant-afp-01-1-1024x683.jpg\" alt=\"\" class=\"wp-image-668702\"\/><figcaption>Sargeant teve dificuldades para administrar as temperaturas dos freios e dos pneus no final da prova (Foto: AFP) <\/figcaption><\/figure>\n\n\n\n<p class=\"wp-block-paragraph\">&#8220;Desculpe, Nyck [De Vries]. N\u00e3o queria terminar o dia assim. Foi um dia dif\u00edcil o suficiente e foi decepcionante terminar assim&#8221;, lamentou.<\/p>\n\n\n\n<p class=\"wp-block-paragraph\">Posteriormente, De Vries foi informado e aceitou o pedido de desculpas do rival: &#8220;Todo mundo pode avaliar mal e cometer um erro, e \u00e9 um acidente de corrida. Vamos seguir em frente e esperar uma corrida melhor da pr\u00f3xima vez.&#8221;<\/p>\n\n\n\n<p class=\"wp-block-paragraph\">O resultado manteve Sargeant, que est\u00e1 em sua primeira temporada na F1, <a href=\"https:\/\/www.grandepremio.com\/br\/f1\/classificacao\/\" class=\"ek-link\">sem pontos no <strong>Mundial de Pilotos<\/strong><\/a>. O norte-americano ocupa a pen\u00faltima coloca\u00e7\u00e3o, \u00e0 frente apenas de De Vries pelos crit\u00e9rios de desempate. <a href=\"https:\/\/www.grandepremio.com\/br\/f1\/classificacao\/\" class=\"ek-link\">J\u00e1 a Williams est\u00e1 em \u00faltimo no <strong>Mundial de Construtores<\/strong><\/a> com apenas um ponto conquistado por Albon.<\/p>\n\n\n\n<p class=\"wp-block-paragraph\">A F\u00f3rmula 1 faz um recesso for\u00e7ado de quatro semanas, por conta do cancelamento do<strong> GP da China<\/strong>, e retoma a temporada 2023 entre os dias 28 e 30 de abril, com o <strong>GP do Azerbaij\u00e3o<\/strong>, nas ruas de <strong>Baku<\/strong>.<\/p>\n","protected":false},"excerpt":{"rendered":"<p>Na \u00faltima relargada do GP da Austr\u00e1lia, Logan Sargeant n\u00e3o conseguiu frear na curva dois e acertou em cheio a traseira de Nyck De Vries, sendo que ambos tiveram de abandonar a prova<\/p>\n","protected":false},"author":0,"featured_media":1000670392,"comment_status":"closed","ping_status":"closed","sticky":false,"template":"","format":"standard","meta":{"42wp_featured_image_caption":"","42wp_featured_image_credits":"","42wp_featured_video":"","42wp_featured_image_hidden":false,"42wp_authors_list":[],"footnotes":""},"categories":[2],"tags":[938,487,524,27837,29664,31624,147,6533,28516,180,30722,1753,1491,28285,25553,1556,33636,215],"42wp_author":[47153],"class_list":["post-104129","post","type-post","status-publish","format-standard","has-post-thumbnail","hentry","category-f1","tag-abandono","tag-acidente","tag-alphatauri","tag-australia-f1","tag-australian-gp","tag-de-vries","tag-f1","tag-f1-2023","tag-f1-australia","tag-formula-1","tag-formula-1-2023","tag-gp-da-australia","tag-grande-premio","tag-grandepremio","tag-logan-sargeant","tag-nyck-de-vries","tag-sargeant","tag-williams","42wp_author-gabriel-pitor"],"_links":{"self":[{"href":"https:\/\/grandepremio.com\/br\/wp-json\/wp\/v2\/posts\/104129","targetHints":{"allow":["GET"]}}],"collection":[{"href":"https:\/\/grandepremio.com\/br\/wp-json\/wp\/v2\/posts"}],"about":[{"href":"https:\/\/grandepremio.com\/br\/wp-json\/wp\/v2\/types\/post"}],"replies":[{"embeddable":true,"href":"https:\/\/grandepremio.com\/br\/wp-json\/wp\/v2\/comments?post=104129"}],"version-history":[{"count":0,"href":"https:\/\/grandepremio.com\/br\/wp-json\/wp\/v2\/posts\/104129\/revisions"}],"wp:featuredmedia":[{"embeddable":true,"href":"https:\/\/grandepremio.com\/br\/wp-json\/wp\/v2\/media\/1000670392"}],"wp:attachment":[{"href":"https:\/\/grandepremio.com\/br\/wp-json\/wp\/v2\/media?parent=104129"}],"wp:term":[{"taxonomy":"category","embeddable":true,"href":"https:\/\/grandepremio.com\/br\/wp-json\/wp\/v2\/categories?post=104129"},{"taxonomy":"post_tag","embeddable":true,"href":"https:\/\/grandepremio.com\/br\/wp-json\/wp\/v2\/tags?post=104129"},{"taxonomy":"42wp_author","embeddable":true,"href":"https:\/\/grandepremio.com\/br\/wp-json\/wp\/v2\/42wp_author?post=104129"}],"curies":[{"name":"wp","href":"https:\/\/api.w.org\/{rel}","templated":true}]}}