{"id":104198,"date":"2023-04-03T12:06:34","date_gmt":"2023-04-03T15:06:34","guid":{"rendered":"https:\/\/grandepremio.com\/br\/noticias\/gabriel-bortoleto-celebra-vantagem-rejeita-rotulo-homem-ser-batido-f3-cedo\/"},"modified":"2023-04-03T12:21:37","modified_gmt":"2023-04-03T15:21:37","slug":"gabriel-bortoleto-celebra-vantagem-rejeita-rotulo-homem-ser-batido-f3-cedo","status":"publish","type":"post","link":"https:\/\/grandepremio.com\/br\/f3\/gabriel-bortoleto-celebra-vantagem-rejeita-rotulo-homem-ser-batido-f3-cedo\/","title":{"rendered":"Bortoleto celebra vantagem, mas rejeita r\u00f3tulo de &#8220;homem a ser batido&#8221; na F3: &#8220;\u00c9 cedo&#8221;"},"content":{"rendered":"\n<figure class=\"wp-block-embed is-type-video is-provider-youtube wp-block-embed-youtube wp-embed-aspect-16-9 wp-has-aspect-ratio\"><div class=\"wp-block-embed__wrapper\">\n<iframe loading=\"lazy\" title=\"RESSACA DA F1! &quot;FIA TRANSFORMOU GP DA AUSTR\u00c1LIA EM GINCANA&quot; | GP \u00e0s 10\" width=\"500\" height=\"281\" src=\"https:\/\/www.youtube.com\/embed\/lWavu9O4zDI?feature=oembed\" frameborder=\"0\" allow=\"accelerometer; autoplay; clipboard-write; encrypted-media; gyroscope; picture-in-picture; web-share\" referrerpolicy=\"strict-origin-when-cross-origin\" allowfullscreen><\/iframe>\n<\/div><\/figure>\n\n\n\n<p class=\"wp-block-paragraph\"><strong>Gabriel Bortoleto<\/strong> teve um come\u00e7o de temporada dos sonhos na <strong>F\u00f3rmula 3<\/strong>. Estreante na categoria, o brasileiro venceu as corridas principais das duas etapas realizadas at\u00e9 aqui, no <strong>Bahrein<\/strong> e na <strong>Austr\u00e1lia<\/strong>, mas preferiu conter a euforia sobre um poss\u00edvel favoritismo na temporada 2023.<\/p>\n\n\n\n<p class=\"wp-block-paragraph\"><a href=\"https:\/\/www.grandepremio.com\/br\/f3\/noticias\/gabriel-bortoleto-vence-amplia-lideranca-confira-classificacao-f3-australia\/\" class=\"ek-link\">Ap\u00f3s a vit\u00f3ria em <strong>Melbourne<\/strong><\/a>, que recebeu a categoria pela primeira vez na hist\u00f3ria, Bortoleto foi questionado na coletiva de imprensa se a boa performance j\u00e1 o colocava como homem a ser batido para a fase europeia. &#8220;Acho que mostrei potencial e ritmo, mas ainda \u00e9 muito cedo para dizer isso&#8221;, admitiu o jovem de 18 anos, que tamb\u00e9m fez a pole-position na pista de Albert Park. <\/p>\n\n\n\n<p class=\"wp-block-paragraph\"><strong>\u25b6\ufe0f\u00a0Inscreva-se nos dois canais do GRANDE PR\u00caMIO no YouTube:\u00a0<a href=\"https:\/\/www.youtube.com\/channel\/UC9OlHEgxoaY6QY6nWPoiqQg?sub_confirmation=1\" target=\"_blank\" rel=\"noreferrer noopener\">GP<\/a>\u00a0|\u00a0<a href=\"https:\/\/www.youtube.com\/channel\/UC9csiS6q_C3C0FYhyr1rnFA?sub_confirmation=1\" target=\"_blank\" rel=\"noreferrer noopener\">GP2<\/a><\/strong><br><strong>\u25b6\ufe0f\u00a0<a href=\"https:\/\/www.twitch.tv\/grandepremio\" target=\"_blank\" rel=\"noreferrer noopener\">Conhe\u00e7a o canal do GRANDE PR\u00caMIO na Twitch clicando aqui!<\/a><\/strong><\/p>\n\n\n\n<figure class=\"wp-block-image size-large\"><img decoding=\"async\" src=\"https:\/\/www.grandepremio.com\/br\/wp-content\/uploads\/2023\/04\/420568_1053230_jgp2331ma224-1024x683.jpg\" alt=\"\" class=\"wp-image-669602\"\/><figcaption>Gabriel Bortoleto venceu a corrida principal na Austr\u00e1lia depois de partir da pole (Foto: James Gasperotti\/KTF Sports)<\/figcaption><\/figure>\n\n\n\n<p class=\"wp-block-paragraph\">&#8220;Acho que podemos fazer um trabalho muito bom nesta temporada, vencemos ambas as corridas que tivemos, mas isso n\u00e3o significa nada&#8221;, salientou. Em seguida, Gabriel explicou que os resultados daqui em diante v\u00e3o depender tamb\u00e9m do rendimento do carro da Trident. <\/p>\n\n\n\n<p class=\"wp-block-paragraph\">&#8220;Se o carro estiver bom e eu estiver pilotando bem, estarei na frente. Se uma dessas partes n\u00e3o estiver conectada, ent\u00e3o n\u00e3o vamos brigar pelo campeonato&#8221;, avaliou o piloto. &#8220;Mas acho que se a equipe continuar com o trabalho que tem feito e eu focar em mim, ent\u00e3o penso que, sim, serei o homem a ser batido&#8221;, completou.<\/p>\n\n\n\n<p class=\"wp-block-paragraph\">Sobre a corrida australiana, Bortoleto celebrou o resultado que o fez ampliar ainda mais a vantagem na lideran\u00e7a \u2014 agora s\u00e3o 20 pontos de frente para o segundo colocado, <strong>Gr\u00e9goire Saucy<\/strong>. &#8220;Estou muito muito feliz com o resultado que conquistamos hoje. O Saucy, que vinha logo atr\u00e1s, estava bem r\u00e1pido, mas nosso equipamento esteve perfeito.&#8221;<\/p>\n\n\n\n<p class=\"wp-block-paragraph\">&#8220;Minha comunica\u00e7\u00e3o com o time tamb\u00e9m foi muito boa durante as duas corridas, eles foram me orientando de todos os enroscos que apareceram. Fiquei feliz porque, com os resultados, eu consegui abrir exatos 20 pontos na classifica\u00e7\u00e3o e vamos ainda mais fortes e confiantes para \u00cdmola, nossa terceira rodada do ano e uma pista que eu adoro\u201d, concluiu.<\/p>\n\n\n\n<p class=\"wp-block-paragraph\">A F\u00f3rmula 3 volta \u00e0s pistas em maio, entre os dias 18 e 21, para a disputa da terceira etapa, em\u00a0<strong><a href=\"https:\/\/www.grandepremio.com\/br\/circuito\/399739\/\" target=\"_blank\" rel=\"noreferrer noopener\">\u00cdmola<\/a><\/strong>. O\u00a0<strong>GRANDE PR\u00caMIO<\/strong>\u00a0acompanha todas as atividades da temporada 2023.<\/p>\n","protected":false},"excerpt":{"rendered":"<p>Gabriel Bortoleto explicou ap\u00f3s a corrida 2 da F3 na Austr\u00e1lia que se a Trident continuar com o trabalho que tem feito, ele pode se tornar o favorito na temporada 2023<\/p>\n","protected":false},"author":0,"featured_media":1000669482,"comment_status":"closed","ping_status":"closed","sticky":false,"template":"","format":"standard","meta":{"42wp_featured_image_caption":"","42wp_featured_image_credits":"","42wp_featured_video":"","42wp_featured_image_hidden":false,"42wp_authors_list":[],"footnotes":""},"categories":[10],"tags":[448,31948,1008,32563,25440,350,1491,25438,26668,33331],"42wp_author":[47147],"class_list":["post-104198","post","type-post","status-publish","format-standard","has-post-thumbnail","hentry","category-f3","tag-caio-collet","tag-classificacao-f3","tag-f3","tag-formula-3-2023","tag-franco-colapinto","tag-gabriel-bortoleto","tag-grande-premio","tag-gregoire-saucy","tag-roberto-faria","tag-temporada-2023-f3","42wp_author-luana-marino"],"_links":{"self":[{"href":"https:\/\/grandepremio.com\/br\/wp-json\/wp\/v2\/posts\/104198","targetHints":{"allow":["GET"]}}],"collection":[{"href":"https:\/\/grandepremio.com\/br\/wp-json\/wp\/v2\/posts"}],"about":[{"href":"https:\/\/grandepremio.com\/br\/wp-json\/wp\/v2\/types\/post"}],"replies":[{"embeddable":true,"href":"https:\/\/grandepremio.com\/br\/wp-json\/wp\/v2\/comments?post=104198"}],"version-history":[{"count":0,"href":"https:\/\/grandepremio.com\/br\/wp-json\/wp\/v2\/posts\/104198\/revisions"}],"wp:featuredmedia":[{"embeddable":true,"href":"https:\/\/grandepremio.com\/br\/wp-json\/wp\/v2\/media\/1000669482"}],"wp:attachment":[{"href":"https:\/\/grandepremio.com\/br\/wp-json\/wp\/v2\/media?parent=104198"}],"wp:term":[{"taxonomy":"category","embeddable":true,"href":"https:\/\/grandepremio.com\/br\/wp-json\/wp\/v2\/categories?post=104198"},{"taxonomy":"post_tag","embeddable":true,"href":"https:\/\/grandepremio.com\/br\/wp-json\/wp\/v2\/tags?post=104198"},{"taxonomy":"42wp_author","embeddable":true,"href":"https:\/\/grandepremio.com\/br\/wp-json\/wp\/v2\/42wp_author?post=104198"}],"curies":[{"name":"wp","href":"https:\/\/api.w.org\/{rel}","templated":true}]}}