{"id":104201,"date":"2023-04-03T11:14:19","date_gmt":"2023-04-03T14:14:19","guid":{"rendered":"https:\/\/grandepremio.com\/br\/noticias\/gabriel-bortoleto-vence-amplia-lideranca-confira-classificacao-f3-australia\/"},"modified":"2023-04-03T11:23:34","modified_gmt":"2023-04-03T14:23:34","slug":"gabriel-bortoleto-vence-amplia-lideranca-confira-classificacao-f3-australia","status":"publish","type":"post","link":"https:\/\/grandepremio.com\/br\/f3\/gabriel-bortoleto-vence-amplia-lideranca-confira-classificacao-f3-australia\/","title":{"rendered":"Bortoleto vence mais uma e amplia lideran\u00e7a. Confira classifica\u00e7\u00e3o da F3 ap\u00f3s Austr\u00e1lia"},"content":{"rendered":"\n<figure class=\"wp-block-embed is-type-video is-provider-youtube wp-block-embed-youtube wp-embed-aspect-16-9 wp-has-aspect-ratio\"><div class=\"wp-block-embed__wrapper\">\n<iframe loading=\"lazy\" title=\"RESSACA DA F1! &quot;FIA TRANSFORMOU GP DA AUSTR\u00c1LIA EM GINCANA&quot; | GP \u00e0s 10\" width=\"500\" height=\"281\" src=\"https:\/\/www.youtube.com\/embed\/lWavu9O4zDI?feature=oembed\" frameborder=\"0\" allow=\"accelerometer; autoplay; clipboard-write; encrypted-media; gyroscope; picture-in-picture; web-share\" referrerpolicy=\"strict-origin-when-cross-origin\" allowfullscreen><\/iframe>\n<\/div><\/figure>\n\n\n\n<p class=\"wp-block-paragraph\"><strong>Gabriel Bortoleto<\/strong> <a href=\"https:\/\/www.grandepremio.com\/br\/f3\/noticias\/gabriel-bortoleto-segura-gregorie-saucy-vence-corrida-2-f3-australia-caio-collet-sofre-furo-pneu-16o\/\" class=\"ek-link\">conseguiu 100% de aproveitamento em corridas principais com a vit\u00f3ria na <strong>Austr\u00e1lia<\/strong><\/a>, que recebeu pela primeira vez a <strong>F\u00f3rmula 3<\/strong> no final de semana. O piloto da <strong>Trident<\/strong> ainda fez a pole-position e terminou a sprint em sexto, saindo de <strong>Melbourne<\/strong> com 32 pontos de 39 poss\u00edveis.<\/p>\n\n\n\n<p class=\"wp-block-paragraph\">O bom resultado deixou o brasileiro com 58 tentos na lideran\u00e7a, 20 a mais que<strong> Gr\u00e9goire Saucy<\/strong>. O su\u00ed\u00e7o foi o segundo colocado na corrida 2 australiana e tamb\u00e9m terminou a sprint nos pontos, anotando 22 no total e deixando o quinto lugar na tabela.<\/p>\n\n\n\n<p class=\"wp-block-paragraph\"><strong>\u25b6\ufe0f\u00a0Inscreva-se nos dois canais do GRANDE PR\u00caMIO no YouTube:\u00a0<a href=\"https:\/\/www.youtube.com\/channel\/UC9OlHEgxoaY6QY6nWPoiqQg?sub_confirmation=1\" target=\"_blank\" rel=\"noreferrer noopener\">GP<\/a>\u00a0|\u00a0<a href=\"https:\/\/www.youtube.com\/channel\/UC9csiS6q_C3C0FYhyr1rnFA?sub_confirmation=1\" target=\"_blank\" rel=\"noreferrer noopener\">GP2<\/a><\/strong><br><strong>\u25b6\ufe0f\u00a0<a href=\"https:\/\/www.twitch.tv\/grandepremio\" target=\"_blank\" rel=\"noreferrer noopener\">Conhe\u00e7a o canal do GRANDE PR\u00caMIO na Twitch clicando aqui!<\/a><\/strong><\/p>\n\n\n\n<figure class=\"wp-block-image size-large\"><img decoding=\"async\" src=\"https:\/\/www.grandepremio.com\/br\/wp-content\/uploads\/2020\/05\/420568_1053226_jgp2331ma540-1024x683.jpg\" alt=\"\" class=\"wp-image-669482\"\/><figcaption>Gabriel Bortoleto saiu da Austr\u00e1lia com 20 pontos de frente para Gr\u00e9goire Saucy (Foto: James Gasperotti\/KTF Sports)<\/figcaption><\/figure>\n\n\n\n<p class=\"wp-block-paragraph\"><strong>Dino Beganovic <\/strong>manteve o terceiro posto gra\u00e7as aos seis tentos conquistados na prova curta de s\u00e1bado. Ele est\u00e1 empatado com <strong>Gabriele Min\u00ec<\/strong>, da <strong>Hitech<\/strong>, terceiro colocado na corrida de domingo e quarto no s\u00e1bado em Melbourne.<\/p>\n\n\n\n<p class=\"wp-block-paragraph\"><strong>Oliver Goethe<\/strong>, em contrapartida, saiu zerado da Austr\u00e1lia e perdeu a vice-lideran\u00e7a. O companheiro de equipe de Bortoleto manteve os 23 pontos da rodada de abertura da temporada e agora \u00e9 o sexto colocado.<\/p>\n\n\n\n<p class=\"wp-block-paragraph\"><strong>Paul Aron <\/strong>vem em seguida, com 22 pontos, seguido por <strong>Zak O&#8217;Sullivan<\/strong> \u2014 que herdou a vit\u00f3ria na sprint ap\u00f3s a desclassifica\u00e7\u00e3o de <strong>Franco Colapinto<\/strong> por irregularidades no carro \u2014, com 20, e <strong>Leonardo Fornaroli<\/strong>, com 19. Os tr\u00eas pontuaram em ambas as provas do final de semana. <\/p>\n\n\n\n<p class=\"wp-block-paragraph\"><strong>Luke Browning<\/strong> fecha o top-10 da classifica\u00e7\u00e3o. <strong>Caio Collet <\/strong>tamb\u00e9m n\u00e3o conseguiu pontuar na Austr\u00e1lia \u2014 era oitavo na corrida principal, mas foi acertado por Beganovic e caiu para 16\u00ba na \u00faltima volta. Ele \u00e9 o 13\u00ba, com oito tentos. <strong>Roberto Faria<\/strong> ainda n\u00e3o pontuou na temporada.<\/p>\n\n\n\n<p class=\"wp-block-paragraph\">A F\u00f3rmula 3 volta \u00e0s pistas em maio, entre os dias 18 e 21, para a disputa da terceira etapa, em\u00a0<strong><a href=\"https:\/\/www.grandepremio.com\/br\/circuito\/399739\/\" target=\"_blank\" rel=\"noreferrer noopener\">\u00cdmola<\/a><\/strong>. O\u00a0<strong>GRANDE PR\u00caMIO<\/strong>\u00a0acompanha todas as atividades da temporada 2023.<\/p>\n\n\n\n<p class=\"wp-block-paragraph\"><strong>F3 2023, classifica\u00e7\u00e3o ap\u00f3s rodada da Austr\u00e1lia:<\/strong><\/p>\n\n\n\n<figure class=\"wp-block-table\"><table><tbody><tr><td>&nbsp;<\/td><td>&nbsp;<\/td><td>&nbsp;<\/td><td>Poles<\/td><td>Vit\u00f3rias<\/td><td>Pontos<\/td><\/tr><tr><td>1<\/td><td>G BORTOLETO<\/td><td>Trident<\/td><td>1<\/td><td>2<\/td><td>58<\/td><\/tr><tr><td>2<\/td><td>G SAUCY<\/td><td>ART<\/td><td>0<\/td><td>0<\/td><td>38<\/td><\/tr><tr><td>3<\/td><td>D BEGANOVIC<\/td><td>Prema<\/td><td>0<\/td><td>0<\/td><td>28<\/td><\/tr><tr><td>4<\/td><td>G MIN\u00cc<\/td><td>Hitech<\/td><td>1<\/td><td>0<\/td><td>28<\/td><\/tr><tr><td>5<\/td><td>J. M. MART\u00cd<\/td><td>Campos<\/td><td>0<\/td><td>1<\/td><td>25<\/td><\/tr><tr><td>6<\/td><td>O GOETHE<\/td><td>Trident<\/td><td>0<\/td><td>0<\/td><td>23<\/td><\/tr><tr><td>7<\/td><td>P ARON<\/td><td>Prema<\/td><td>0<\/td><td>0<\/td><td>22<\/td><\/tr><tr><td>8<\/td><td>Z O&#8217;SULLIVAN<\/td><td>Prema<\/td><td>0<\/td><td>1<\/td><td>20<\/td><\/tr><tr><td>9<\/td><td>L FORNAROLI<\/td><td>Trident<\/td><td>0<\/td><td>0<\/td><td>19<\/td><\/tr><tr><td>10<\/td><td>L BROWNING<\/td><td>Hitech<\/td><td>0<\/td><td>0<\/td><td>14<\/td><\/tr><tr><td>11<\/td><td>S MONTOYA<\/td><td>Hitech<\/td><td>0<\/td><td>0<\/td><td>12<\/td><\/tr><tr><td>12<\/td><td>F COLAPINTO<\/td><td>MP<\/td><td>0<\/td><td>0<\/td><td>10<\/td><\/tr><tr><td>13<\/td><td>C COLLET<\/td><td>Van Amersfoort<\/td><td>0<\/td><td>0<\/td><td>8<\/td><\/tr><tr><td>14<\/td><td>K FREDERICK<\/td><td>ART<\/td><td>0<\/td><td>0<\/td><td>7<\/td><\/tr><tr><td>15<\/td><td>C MANSELL<\/td><td>Campos<\/td><td>0<\/td><td>0<\/td><td>4<\/td><\/tr><tr><td>16<\/td><td>J EDGAR<\/td><td>MP<\/td><td>0<\/td><td>0<\/td><td>2<\/td><\/tr><tr><td>17<\/td><td>T BARNARD<\/td><td>Jenzer<\/td><td>0<\/td><td>0<\/td><td>2<\/td><\/tr><tr><td>18<\/td><td>T SMITH<\/td><td>Van Amersfoort<\/td><td>0<\/td><td>0<\/td><td>0<\/td><\/tr><tr><td>19<\/td><td>O GRAY<\/td><td>Carlin<\/td><td>0<\/td><td>0<\/td><td>0<\/td><\/tr><tr><td>20<\/td><td>H BARTER<\/td><td>Campos<\/td><td>0<\/td><td>0<\/td><td>0<\/td><\/tr><tr><td>21<\/td><td>H YEANY<\/td><td>Carlin<\/td><td>0<\/td><td>0<\/td><td>0<\/td><\/tr><tr><td>22<\/td><td>S FL\u00d6RSCH<\/td><td>PHM<\/td><td>0<\/td><td>0<\/td><td>0<\/td><\/tr><tr><td>23<\/td><td>R VILLAG\u00d3MEZ<\/td><td>Van Amersfoort<\/td><td>0<\/td><td>0<\/td><td>0<\/td><\/tr><tr><td>24<\/td><td>A GARC\u00cdA<\/td><td>Jenzer<\/td><td>0<\/td><td>0<\/td><td>0<\/td><\/tr><tr><td>25<\/td><td>N TSOLOV<\/td><td>ART<\/td><td>0<\/td><td>0<\/td><td>0<\/td><\/tr><tr><td>26<\/td><td>N BEDRIN<\/td><td>Jenzer<\/td><td>0<\/td><td>0<\/td><td>0<\/td><\/tr><tr><td>27<\/td><td>I COHEN<\/td><td>Carlin<\/td><td>0<\/td><td>0<\/td><td>0<\/td><\/tr><tr><td>28<\/td><td>R FARIA<\/td><td>PHM<\/td><td>0<\/td><td>0<\/td><td>0<\/td><\/tr><tr><td>29<\/td><td>P WISNICKI<\/td><td>PHM<\/td><td>0<\/td><td>0<\/td><td>0<\/td><\/tr><tr><td>30<\/td><td>M BOYA<\/td><td>MP<\/td><td>0<\/td><td>0<\/td><td>0<\/td><\/tr><\/tbody><\/table><\/figure>\n","protected":false},"excerpt":{"rendered":"<p>Gabriel Bortoleto fez a pole-position, pontuou na sprint e venceu a corrida principal da rodada da Austr\u00e1lia da F3. Confira a classifica\u00e7\u00e3o ap\u00f3s duas etapas<\/p>\n","protected":false},"author":0,"featured_media":1000669603,"comment_status":"closed","ping_status":"closed","sticky":false,"template":"","format":"standard","meta":{"42wp_featured_image_caption":"","42wp_featured_image_credits":"","42wp_featured_video":"","42wp_featured_image_hidden":false,"42wp_authors_list":[],"footnotes":""},"categories":[10],"tags":[448,31948,1008,32563,25440,350,1491,25438,26668,33331],"42wp_author":[47147],"class_list":["post-104201","post","type-post","status-publish","format-standard","has-post-thumbnail","hentry","category-f3","tag-caio-collet","tag-classificacao-f3","tag-f3","tag-formula-3-2023","tag-franco-colapinto","tag-gabriel-bortoleto","tag-grande-premio","tag-gregoire-saucy","tag-roberto-faria","tag-temporada-2023-f3","42wp_author-luana-marino"],"_links":{"self":[{"href":"https:\/\/grandepremio.com\/br\/wp-json\/wp\/v2\/posts\/104201","targetHints":{"allow":["GET"]}}],"collection":[{"href":"https:\/\/grandepremio.com\/br\/wp-json\/wp\/v2\/posts"}],"about":[{"href":"https:\/\/grandepremio.com\/br\/wp-json\/wp\/v2\/types\/post"}],"replies":[{"embeddable":true,"href":"https:\/\/grandepremio.com\/br\/wp-json\/wp\/v2\/comments?post=104201"}],"version-history":[{"count":0,"href":"https:\/\/grandepremio.com\/br\/wp-json\/wp\/v2\/posts\/104201\/revisions"}],"wp:featuredmedia":[{"embeddable":true,"href":"https:\/\/grandepremio.com\/br\/wp-json\/wp\/v2\/media\/1000669603"}],"wp:attachment":[{"href":"https:\/\/grandepremio.com\/br\/wp-json\/wp\/v2\/media?parent=104201"}],"wp:term":[{"taxonomy":"category","embeddable":true,"href":"https:\/\/grandepremio.com\/br\/wp-json\/wp\/v2\/categories?post=104201"},{"taxonomy":"post_tag","embeddable":true,"href":"https:\/\/grandepremio.com\/br\/wp-json\/wp\/v2\/tags?post=104201"},{"taxonomy":"42wp_author","embeddable":true,"href":"https:\/\/grandepremio.com\/br\/wp-json\/wp\/v2\/42wp_author?post=104201"}],"curies":[{"name":"wp","href":"https:\/\/api.w.org\/{rel}","templated":true}]}}