{"id":104212,"date":"2023-04-03T07:50:21","date_gmt":"2023-04-03T10:50:21","guid":{"rendered":"https:\/\/grandepremio.com\/br\/noticias\/fernando-alonso-punicao-muito-severa-carlos-sainz-brinca-batida-estou-muito-atraente\/"},"modified":"2023-04-03T07:59:17","modified_gmt":"2023-04-03T10:59:17","slug":"fernando-alonso-punicao-muito-severa-carlos-sainz-brinca-batida-estou-muito-atraente","status":"publish","type":"post","link":"https:\/\/grandepremio.com\/br\/f1\/fernando-alonso-punicao-muito-severa-carlos-sainz-brinca-batida-estou-muito-atraente\/","title":{"rendered":"Alonso v\u00ea puni\u00e7\u00e3o &#8220;muito severa&#8221; a Sainz e brinca sobre batida: &#8220;Estou muito atraente&#8221;"},"content":{"rendered":"\n<figure class=\"wp-block-embed is-type-video is-provider-youtube wp-block-embed-youtube wp-embed-aspect-16-9 wp-has-aspect-ratio\"><div class=\"wp-block-embed__wrapper\">\n<iframe loading=\"lazy\" title=\"MELHORES MOMENTOS F1: SHOW DE HORROR DA FIA NA AUSTR\u00c1LIA\" width=\"500\" height=\"281\" src=\"https:\/\/www.youtube.com\/embed\/zrO-FWbsoo8?feature=oembed\" frameborder=\"0\" allow=\"accelerometer; autoplay; clipboard-write; encrypted-media; gyroscope; picture-in-picture; web-share\" referrerpolicy=\"strict-origin-when-cross-origin\" allowfullscreen><\/iframe>\n<\/div><\/figure>\n\n\n\n<p class=\"wp-block-paragraph\">Por muito pouco, <strong>Fernando Alonso<\/strong> n\u00e3o viu sua corrida na <strong>Austr\u00e1lia <\/strong>ser completamente arruinada ap\u00f3s o toque de <strong>Carlos Sainz <\/strong>na segunda relargada. O <strong>Aston Martin<\/strong> #14, no entanto, resistiu bem ao impacto, e o bicampe\u00e3o ainda saiu em defesa do compatriota, que acabou levando uma puni\u00e7\u00e3o &#8220;muito severa&#8221;, em sua opini\u00e3o.<\/p>\n\n\n\n<p class=\"wp-block-paragraph\">No ca\u00f3tico GP da Austr\u00e1lia, a dire\u00e7\u00e3o de prova decidiu acionar a bandeira vermelha a tr\u00eas voltas do fim ap\u00f3s <strong>Kevin Magnussen <\/strong>bater no muro. A relargada, no entanto, trouxe um big-one que causou nova paralisa\u00e7\u00e3o, e Alonso acabou acertado por Sainz no meio do bolo.<\/p>\n\n\n\n<p class=\"wp-block-paragraph\"><strong>\u25b6\ufe0f\u00a0Inscreva-se nos dois canais do GRANDE PR\u00caMIO no YouTube:\u00a0<a href=\"https:\/\/www.youtube.com\/channel\/UC9OlHEgxoaY6QY6nWPoiqQg?sub_confirmation=1\" target=\"_blank\" rel=\"noreferrer noopener\">GP<\/a>\u00a0|\u00a0<a href=\"https:\/\/www.youtube.com\/channel\/UC9csiS6q_C3C0FYhyr1rnFA?sub_confirmation=1\" target=\"_blank\" rel=\"noreferrer noopener\">GP2<\/a><\/strong><br><strong>\u25b6\ufe0f\u00a0<a href=\"https:\/\/www.twitch.tv\/grandepremio\" target=\"_blank\" rel=\"noreferrer noopener\">Conhe\u00e7a o canal do GRANDE PR\u00caMIO na Twitch clicando aqui!<\/a><\/strong><\/p>\n\n\n\n<figure class=\"wp-block-image size-large\"><img decoding=\"async\" src=\"https:\/\/www.grandepremio.com\/br\/wp-content\/uploads\/2023\/03\/astonmartin-fernandoalonso-01-10-1024x683.jpg\" alt=\"\" class=\"wp-image-666668\"\/><figcaption>Fernando Alonso vira e mexe \u00e9 acertado por algum piloto na largada e fez piada com a coincid\u00eancia (Foto: Aston Martin)<\/figcaption><\/figure>\n\n\n\n<p class=\"wp-block-paragraph\">Os comiss\u00e1rios consideraram a manobra do piloto da Ferrari agressiva demais e decidiram puni-lo em 5s. &#8220;Acredito que a puni\u00e7\u00e3o foi muito severa, pois \u00e9 sempre muito dif\u00edcil julgar o n\u00edvel de ader\u00eancia da primeira volta, e acho que n\u00f3s n\u00e3o vamos para cima do outro carro intencionalmente&#8221;, avaliou Alonso conquistar mais um p\u00f3dio \u2014 o terceiro em tr\u00eas etapas realizadas.<\/p>\n\n\n\n<p class=\"wp-block-paragraph\">&#8220;Sabemos que tamb\u00e9m estamos arriscando nosso carro e nossa posi\u00e7\u00e3o final, ent\u00e3o \u00e0s vezes voc\u00ea vai parar em lugares que n\u00e3o desejou naquele momento, e isso faz parte da corrida. N\u00e3o vi o replay direito, mas, para mim, [a puni\u00e7\u00e3o] pareceu muito severa&#8221;, reiterou.<\/p>\n\n\n\n<p class=\"wp-block-paragraph\">Ainda na primeira volta, outra Ferrari tamb\u00e9m se enroscou com o carro do asturiano: Charles Leclerc, que acabou abandonando pela segunda vez na temporada. &#8220;Obviamente, n\u00e3o sabia quem havia tocado em mim naquele momento. Na volta 1 da primeira largada, alguns me acertaram na curva 3, e ent\u00e3o, na \u00faltima relargada, Carlos tocou em mim na curva 1.&#8221;<\/p>\n\n\n\n<p class=\"wp-block-paragraph\">&#8220;Acho que s\u00f3 em Jed\u00e1 tivemos uma largada normal \u2014 no Bahrein, Lance [Stroll] tamb\u00e9m me acertou na curva 4&#8221;, lembrou Alonso, que n\u00e3o perdeu a chance de emendar uma piada pela coincid\u00eancia das batidas. &#8220;Estou muito atraente aqui! Mas nosso carro \u00e9 forte o bastante, ent\u00e3o n\u00e3o importa se os toques continuarem&#8221;, finalizou.<\/p>\n\n\n\n<p class=\"wp-block-paragraph\">A\u00a0<a href=\"https:\/\/www.grandepremio.com\/formula-1\/\" target=\"_blank\" rel=\"noreferrer noopener\">F\u00f3rmula 1<\/a>\u00a0faz um recesso for\u00e7ado de quatro semanas, por conta do cancelamento do\u00a0<strong>GP da China<\/strong>, e retoma a temporada 2023 entre os dias 28 e 30 de abril, com o\u00a0<strong>GP do Azerbaij\u00e3o<\/strong>, nas ruas de\u00a0<strong><a href=\"https:\/\/www.grandepremio.com\/br\/circuito\/baku\/\" target=\"_blank\" rel=\"noreferrer noopener\">Baku<\/a><\/strong>.<\/p>\n","protected":false},"excerpt":{"rendered":"<p>Fernando Alonso quase viu sua corrida na Austr\u00e1lia ser arruinada por Carlos Sainz, mas saiu em defesa do compatriota e ainda brincou sobre os constantes toques que tem recebido em largadas<\/p>\n","protected":false},"author":0,"featured_media":1000668745,"comment_status":"closed","ping_status":"closed","sticky":false,"template":"","format":"standard","meta":{"42wp_featured_image_caption":"","42wp_featured_image_credits":"","42wp_featured_video":"","42wp_featured_image_hidden":false,"42wp_authors_list":[],"footnotes":""},"categories":[2],"tags":[4346,309,546,6533,176,30722,1753,34197,1491,30103,28285,1757],"42wp_author":[47147],"class_list":["post-104212","post","type-post","status-publish","format-standard","has-post-thumbnail","hentry","category-f1","tag-albert-park","tag-aston-martin","tag-carlos-sainz","tag-f1-2023","tag-fernando-alonso","tag-formula-1-2023","tag-gp-da-australia","tag-gp-de-melbourne","tag-grande-premio","tag-grande-premio-f1","tag-grandepremio","tag-melbourne","42wp_author-luana-marino"],"_links":{"self":[{"href":"https:\/\/grandepremio.com\/br\/wp-json\/wp\/v2\/posts\/104212","targetHints":{"allow":["GET"]}}],"collection":[{"href":"https:\/\/grandepremio.com\/br\/wp-json\/wp\/v2\/posts"}],"about":[{"href":"https:\/\/grandepremio.com\/br\/wp-json\/wp\/v2\/types\/post"}],"replies":[{"embeddable":true,"href":"https:\/\/grandepremio.com\/br\/wp-json\/wp\/v2\/comments?post=104212"}],"version-history":[{"count":0,"href":"https:\/\/grandepremio.com\/br\/wp-json\/wp\/v2\/posts\/104212\/revisions"}],"wp:featuredmedia":[{"embeddable":true,"href":"https:\/\/grandepremio.com\/br\/wp-json\/wp\/v2\/media\/1000668745"}],"wp:attachment":[{"href":"https:\/\/grandepremio.com\/br\/wp-json\/wp\/v2\/media?parent=104212"}],"wp:term":[{"taxonomy":"category","embeddable":true,"href":"https:\/\/grandepremio.com\/br\/wp-json\/wp\/v2\/categories?post=104212"},{"taxonomy":"post_tag","embeddable":true,"href":"https:\/\/grandepremio.com\/br\/wp-json\/wp\/v2\/tags?post=104212"},{"taxonomy":"42wp_author","embeddable":true,"href":"https:\/\/grandepremio.com\/br\/wp-json\/wp\/v2\/42wp_author?post=104212"}],"curies":[{"name":"wp","href":"https:\/\/api.w.org\/{rel}","templated":true}]}}