{"id":104213,"date":"2023-04-03T07:48:25","date_gmt":"2023-04-03T10:48:25","guid":{"rendered":"https:\/\/grandepremio.com\/br\/noticias\/max-verstappen-coro-reclamacoes-decisoes-fia-australia-baguncaram-tudo\/"},"modified":"2023-04-03T08:00:05","modified_gmt":"2023-04-03T11:00:05","slug":"max-verstappen-coro-reclamacoes-decisoes-fia-australia-baguncaram-tudo","status":"publish","type":"post","link":"https:\/\/grandepremio.com\/br\/f1\/max-verstappen-coro-reclamacoes-decisoes-fia-australia-baguncaram-tudo\/","title":{"rendered":"Verstappen puxa coro de reclama\u00e7\u00f5es sobre FIA na Austr\u00e1lia: &#8220;Bagun\u00e7aram tudo&#8221;"},"content":{"rendered":"\n<figure class=\"wp-block-embed is-type-video is-provider-youtube wp-block-embed-youtube wp-embed-aspect-16-9 wp-has-aspect-ratio\"><div class=\"wp-block-embed__wrapper\">\n<iframe loading=\"lazy\" title=\"COPIAR RED BULL \u00c9 QUEIMA-FILME PARA MERCEDES\" width=\"500\" height=\"281\" src=\"https:\/\/www.youtube.com\/embed\/0vemYGzIG6w?feature=oembed\" frameborder=\"0\" allow=\"accelerometer; autoplay; clipboard-write; encrypted-media; gyroscope; picture-in-picture; web-share\" referrerpolicy=\"strict-origin-when-cross-origin\" allowfullscreen><\/iframe>\n<\/div><\/figure>\n\n\n\n<p class=\"wp-block-paragraph\"><a href=\"https:\/\/www.grandepremio.com\/br\/f1\/noticias\/max-verstappen-recupera-ataque-mercedes-vence-caotico-gp-da-australia-formula-1\/\" target=\"_blank\" aria-label=\"As bandeiras vermelhas que tomaram conta (opens in a new tab)\" rel=\"noreferrer noopener\" class=\"ek-link\">As bandeiras vermelhas que tomaram conta<\/a> do <strong>GP da Austr\u00e1lia<\/strong> tornaram a corrida de Melbourne uma recordista no quesito, com tr\u00eas paralisa\u00e7\u00f5es que alteraram completamente os rumos da disputa. Apesar da imprevisibilidade na reta final, as interven\u00e7\u00f5es n\u00e3o agradaram aos pilotos, e o bicampe\u00e3o \u2014 e vencedor da prova \u2014 <strong>Max Verstappen <\/strong>puxou o coro de reclama\u00e7\u00f5es em torno da dire\u00e7\u00e3o de prova. Para o holand\u00eas, n\u00e3o havia a necessidade de paralisar a corrida ap\u00f3s o acidente de <strong>Kevin Magnussen<\/strong>.<\/p>\n\n\n\n<p class=\"wp-block-paragraph\">&#8220;Estou muito feliz pela corrida, claro, mas acho que perto do fim, as decis\u00f5es bagun\u00e7aram tudo&#8221;, admitiu Verstappen. &#8220;Acho que n\u00e3o precis\u00e1vamos daquela segunda bandeira vermelha, acho que aquilo poderia ter sido feito com um safety-car virtual \u2014 ou, na pior das hip\u00f3teses, um safety-car&#8221;, explicou.<\/p>\n\n\n\n<p class=\"wp-block-paragraph\">&#8220;Vamos falar sobre isso, acho que deixou muitos pilotos confusos sobre a necessidade de uma bandeira vermelha&#8221;, ressaltou. &#8220;Vamos abordar isso em Baku&#8221;, frisou.<\/p>\n\n\n\n<p class=\"wp-block-paragraph\"><strong>\u25b6\ufe0f&nbsp;<a href=\"https:\/\/www.twitch.tv\/grandepremio\" target=\"_blank\" rel=\"noreferrer noopener\">Conhe\u00e7a o canal do GRANDE PR\u00caMIO na Twitch clicando aqui!<\/a><\/strong><\/p>\n\n\n\n<figure class=\"wp-block-image size-large\"><img decoding=\"async\" src=\"https:\/\/www.grandepremio.com\/br\/wp-content\/uploads\/2023\/04\/redbull-maxverstappen-07-1-1024x683.jpg\" alt=\"\" class=\"wp-image-668853\"\/><figcaption>Max Verstappen venceu, mas n\u00e3o deixou de reclamar da FIA (Foto: Red Bull Content Pool)<\/figcaption><\/figure>\n\n\n\n<p class=\"wp-block-paragraph\">Apesar de garantir que vai haver uma conversa com a <strong>FIA<\/strong>, Verstappen defendeu novamente que n\u00e3o havia a necessidade de uma paralisa\u00e7\u00e3o quando o piloto da Haas encontrou a barreira de prote\u00e7\u00e3o, j\u00e1 na 56\u00aa de 58 voltas previstas na disputa australiana. Para ele, foi esse o motivo principal para tantos acidentes no fim \u2014 j\u00e1 que a pista e os pneus estavam completamente frios na relargada.<\/p>\n\n\n\n<p class=\"wp-block-paragraph\">&#8220;Apenas n\u00e3o entendo o motivo de precisarmos de uma bandeira vermelha&#8221;, admitiu. &#8220;Acho que se tiv\u00e9ssemos um safety-car e uma largada em movimento, n\u00e3o ter\u00edamos tido tantas batidas. E ter\u00edamos um final normal. Ent\u00e3o, eles mesmos criaram os problemas&#8221;, apontou.<\/p>\n\n\n\n<p class=\"wp-block-paragraph\"><strong>Fernando Alonso<\/strong>, terceiro colocado ao fim da disputa, tamb\u00e9m saiu inconformado com o n\u00famero de paralisa\u00e7\u00f5es. No entanto, um pouco menos incisivo do que Verstappen, o espanhol afirmou que os pilotos tentam confiar na FIA quando a entidade toma decis\u00f5es focada na seguran\u00e7a dos competidores.<\/p>\n\n\n\n<p class=\"wp-block-paragraph\">&#8220;Eu fiquei surpreso com tantas bandeiras vermelhas, para ser honesto&#8221;, disse Alonso. &#8220;A primeira foi por causa de uma Williams na curva 6, mas fizemos uma volta por l\u00e1 atr\u00e1s do safety-car e tinha um pouco de brita na pista, mas nada t\u00e3o complicado assim&#8221;, admitiu.<\/p>\n\n\n\n<figure class=\"wp-block-image size-large\"><img decoding=\"async\" src=\"https:\/\/www.grandepremio.com\/br\/wp-content\/uploads\/2023\/04\/astonmartin-fernandoalonso-afp-02-1-1024x683.jpg\" alt=\"\" class=\"wp-image-668689\"\/><figcaption>Alonso admitiu n\u00e3o ter entendido algumas decis\u00f5es da dire\u00e7\u00e3o de prova (Foto: AFP)<\/figcaption><\/figure>\n\n\n\n<p class=\"wp-block-paragraph\"><strong>\u25b6\ufe0f&nbsp;Inscreva-se nos dois canais do GRANDE PR\u00caMIO no YouTube:&nbsp;<a href=\"https:\/\/www.youtube.com\/channel\/UC9OlHEgxoaY6QY6nWPoiqQg?sub_confirmation=1\" target=\"_blank\" rel=\"noreferrer noopener\">GP<\/a>&nbsp;|&nbsp;<a href=\"https:\/\/www.youtube.com\/channel\/UC9csiS6q_C3C0FYhyr1rnFA?sub_confirmation=1\" target=\"_blank\" rel=\"noreferrer noopener\">GP2<\/a><\/strong><\/p>\n\n\n\n<p class=\"wp-block-paragraph\">&#8220;Mas nunca sabemos se o carro em si estava indo para a pista. Ent\u00e3o, aparentemente uma barreira n\u00e3o estava propriamente fixada&#8221;, afirmou. &#8220;Acho que a FIA tem mais informa\u00e7\u00f5es do que n\u00f3s. Ent\u00e3o, se houve uma bandeira vermelha, tem de ter sido por esse motivo&#8221;, salientou.<\/p>\n\n\n\n<p class=\"wp-block-paragraph\">Alonso, entretanto, tamb\u00e9m opinou sobre o incidente de Magnussen e seguiu a opini\u00e3o do holand\u00eas: n\u00e3o havia a necessidade de paralisar a corrida com uma bandeira vermelha. Apesar disso, o asturiano repetiu mais uma vez que ainda precisa conversar com a FIA para entender o motivo das decis\u00f5es.<\/p>\n\n\n\n<p class=\"wp-block-paragraph\">&#8220;Provavelmente, vamos perguntar em Baku os motivos para a segunda [bandeira vermelha]&#8221;, garantiu. &#8220;Sei que tinha detritos de pneus na reta. Mas o carro em si estava por dentro na curva 4, ent\u00e3o parecia seguro atr\u00e1s do safety-car. Para n\u00f3s, talvez haja uma diferen\u00e7a de opini\u00e3o, mas como eu disse, a FIA \u00e9 a \u00fanica com todas as cartas na mesa. Nesse tipo de situa\u00e7\u00e3o, confiamos neles e tentamos seguir em frente&#8221;, ressaltou.<\/p>\n\n\n\n<figure class=\"wp-block-image size-large\"><img decoding=\"async\" src=\"https:\/\/www.grandepremio.com\/br\/wp-content\/uploads\/2023\/04\/mercedes-georgerussell-afp-05-1024x683.jpg\" alt=\"\" class=\"wp-image-668746\"\/><figcaption>Russell viu a primeira bandeira vermelha atrapalhar sua estrat\u00e9gia, mas depois abandonou com problemas no motor (Foto: AFP)<\/figcaption><\/figure>\n\n\n\n<p class=\"wp-block-paragraph\">Por fim, <strong>George Russell <\/strong>\u2014 que tamb\u00e9m \u00e9 presidente da Associa\u00e7\u00e3o de Pilotos \u2014 criticou bastante as decis\u00f5es da dire\u00e7\u00e3o de prova, principalmente a acionada pelo acidente de <strong>Alexander Albon<\/strong>. Na opini\u00e3o do brit\u00e2nico, a quantidade de brita na pista n\u00e3o justificava a necessidade de paralisar a corrida. Al\u00e9m disso, sobrou uma alfinetada para a FIA por parte do piloto da <strong>Mercedes<\/strong>.<\/p>\n\n\n\n<p class=\"wp-block-paragraph\">&#8220;Acho que a bandeira vermelha foi totalmente desnecess\u00e1ria&#8221;, destacou Russell. &#8220;Obviamente, t\u00ednhamos muita brita na linha de corrida. Mas vimos coisas muito piores no passado. Me lembrou da decis\u00e3o da semana passada, na Ar\u00e1bia Saudita, quando o safety-car foi acionado quando o carro [de Lance Stroll] estava totalmente fora da pista&#8221;, relembrou.<\/p>\n\n\n\n<p class=\"wp-block-paragraph\">&#8220;Eu n\u00e3o sei, realmente, o que tem acontecido com algumas decis\u00f5es no momento&#8221;, reclamou. &#8220;Estamos todos tentando trabalhar juntos com a FIA para melhorar as coisas, mas parece um pouco desafiador&#8221;, alfinetou.<\/p>\n\n\n\n<figure class=\"wp-block-video\"><video class=\"video-js vjs-big-play-centered\" data-gp-vjs=\"1\" controls poster=\"https:\/\/www.grandepremio.com\/br\/wp-content\/uploads\/2023\/04\/Largada-poster.jpeg\" src=\"https:\/\/www.grandepremio.com\/br\/wp-content\/uploads\/2023\/04\/Largada.mp4\"><\/video><figcaption>Relargada ca\u00f3tica do GP da Austr\u00e1lia teve quatro abandonos e muita confus\u00e3o no fim (V\u00eddeo: Sky F1)<\/figcaption><\/figure>\n","protected":false},"excerpt":{"rendered":"<p>Pilotos admitiram confus\u00e3o com as tr\u00eas bandeiras vermelhas acionadas durante o GP da Austr\u00e1lia, e Max Verstappen reclamou da &#8220;bagun\u00e7a&#8221; causada pelas decis\u00f5es da dire\u00e7\u00e3o de prova<\/p>\n","protected":false},"author":0,"featured_media":1000668701,"comment_status":"closed","ping_status":"closed","sticky":false,"template":"","format":"standard","meta":{"42wp_featured_image_caption":"","42wp_featured_image_credits":"","42wp_featured_video":"","42wp_featured_image_hidden":false,"42wp_authors_list":[],"footnotes":""},"categories":[2],"tags":[309,26006,147,6533,176,103,180,800,1753,1491,30103,28285,203,1757,82,19348,204],"42wp_author":[47142],"class_list":["post-104213","post","type-post","status-publish","format-standard","has-post-thumbnail","hentry","category-f1","tag-aston-martin","tag-direcao-de-prova","tag-f1","tag-f1-2023","tag-fernando-alonso","tag-fia","tag-formula-1","tag-george-russell","tag-gp-da-australia","tag-grande-premio","tag-grande-premio-f1","tag-grandepremio","tag-max-verstappen","tag-melbourne","tag-mercedes","tag-podio","tag-red-bull","42wp_author-jp-nascimento"],"_links":{"self":[{"href":"https:\/\/grandepremio.com\/br\/wp-json\/wp\/v2\/posts\/104213","targetHints":{"allow":["GET"]}}],"collection":[{"href":"https:\/\/grandepremio.com\/br\/wp-json\/wp\/v2\/posts"}],"about":[{"href":"https:\/\/grandepremio.com\/br\/wp-json\/wp\/v2\/types\/post"}],"replies":[{"embeddable":true,"href":"https:\/\/grandepremio.com\/br\/wp-json\/wp\/v2\/comments?post=104213"}],"version-history":[{"count":0,"href":"https:\/\/grandepremio.com\/br\/wp-json\/wp\/v2\/posts\/104213\/revisions"}],"wp:featuredmedia":[{"embeddable":true,"href":"https:\/\/grandepremio.com\/br\/wp-json\/wp\/v2\/media\/1000668701"}],"wp:attachment":[{"href":"https:\/\/grandepremio.com\/br\/wp-json\/wp\/v2\/media?parent=104213"}],"wp:term":[{"taxonomy":"category","embeddable":true,"href":"https:\/\/grandepremio.com\/br\/wp-json\/wp\/v2\/categories?post=104213"},{"taxonomy":"post_tag","embeddable":true,"href":"https:\/\/grandepremio.com\/br\/wp-json\/wp\/v2\/tags?post=104213"},{"taxonomy":"42wp_author","embeddable":true,"href":"https:\/\/grandepremio.com\/br\/wp-json\/wp\/v2\/42wp_author?post=104213"}],"curies":[{"name":"wp","href":"https:\/\/api.w.org\/{rel}","templated":true}]}}