{"id":104262,"date":"2023-04-02T05:58:00","date_gmt":"2023-04-02T08:58:00","guid":{"rendered":"https:\/\/grandepremio.com\/br\/noticias\/lewis-hamilton-vibra-com-2o-lugar-australia-mas-reforca-ainda-me-sinto-desconfortavel\/"},"modified":"2023-04-02T06:38:51","modified_gmt":"2023-04-02T09:38:51","slug":"lewis-hamilton-vibra-com-2o-lugar-australia-mas-reforca-ainda-me-sinto-desconfortavel","status":"publish","type":"post","link":"https:\/\/grandepremio.com\/br\/f1\/lewis-hamilton-vibra-com-2o-lugar-australia-mas-reforca-ainda-me-sinto-desconfortavel\/","title":{"rendered":"Hamilton vibra com 2\u00ba lugar na Austr\u00e1lia, mas refor\u00e7a: &#8220;Ainda me sinto desconfort\u00e1vel&#8221;"},"content":{"rendered":"\n<figure class=\"wp-block-embed is-type-video is-provider-youtube wp-block-embed-youtube wp-embed-aspect-16-9 wp-has-aspect-ratio\"><div class=\"wp-block-embed__wrapper\">\n<iframe loading=\"lazy\" title=\"F1 2023: VERSTAPPEN 1\u00ba NO CAOS DA AUSTR\u00c1LIA. HAMILTON 2\u00ba. ALONSO 3\u00ba | Briefing\" width=\"500\" height=\"281\" src=\"https:\/\/www.youtube.com\/embed\/MZ-wKlZvf7c?feature=oembed\" frameborder=\"0\" allow=\"accelerometer; autoplay; clipboard-write; encrypted-media; gyroscope; picture-in-picture; web-share\" referrerpolicy=\"strict-origin-when-cross-origin\" allowfullscreen><\/iframe>\n<\/div><figcaption>\ud83d\udd34F1 2O23 AO VIVO: TUDO SOBRE O GP DA AUSTR\u00c1LIA | Briefing<\/figcaption><\/figure>\n\n\n\n<p class=\"wp-block-paragraph\">Ao menos por um fim de semana, a <strong>Mercedes <\/strong>est\u00e1 reagiu no campeonato. Apesar do abandono de <strong>George Russell, <\/strong>a equipe marcou presen\u00e7a no p\u00f3dio pela primeira vez em 2023 com o segundo lugar de <strong>Lewis Hamilton <\/strong>no <strong><a href=\"https:\/\/www.grandepremio.com\/br\/f1\/noticias\/max-verstappen-recupera-ataque-mercedes-vence-caotico-gp-da-australia-formula-1\/\" class=\"ek-link\">GP da Austr\u00e1lia<\/a> <\/strong>deste domingo (2). Um desempenho contundente do heptacampe\u00e3o, que comemorou o dia, mas foi claro: ainda se sente desconfort\u00e1vel com o <strong>W14<\/strong>.<\/p>\n\n\n\n<p class=\"wp-block-paragraph\"><strong>\u25b6\ufe0f&nbsp;Inscreva-se nos dois canais do GRANDE PR\u00caMIO no YouTube:&nbsp;<a href=\"https:\/\/www.youtube.com\/channel\/UC9OlHEgxoaY6QY6nWPoiqQg?sub_confirmation=1\" target=\"_blank\" rel=\"noreferrer noopener\">GP<\/a>&nbsp;|&nbsp;<a href=\"https:\/\/www.youtube.com\/channel\/UC9csiS6q_C3C0FYhyr1rnFA?sub_confirmation=1\" target=\"_blank\" rel=\"noreferrer noopener\">GP2<\/a><\/strong><\/p>\n\n\n\n<p class=\"wp-block-paragraph\">Desta forma, Melbourne marcou o retorno de Hamilton no p\u00f3dio pela primeira vez desde o <strong>GP de S\u00e3o Paulo<\/strong>, em novembro do ano passado. Hamilton contou que \u201cdefinitivamente n\u00e3o esperava ser o segundo&#8221; e, por conta disso, celebrou. &#8220;Sou super grato por isso\u201d, disse. <\/p>\n\n\n\n<p class=\"wp-block-paragraph\">\u201cTive a melhor semana aqui. O tempo estava incr\u00edvel hoje e esta pista e cidade continuam a proporcionar um grande show. \u00c9 um azar para George [que <strong><a href=\"https:\/\/www.grandepremio.com\/br\/f1\/noticias\/george-russell-motor-mercedes-pegar-fogo-abandona-gp-da-australia\/\" class=\"ek-link\">abandonou com um problema no motor que causou fogo<\/a><\/strong>], e precisamos investigar. Nossa confiabilidade tem sido geralmente boa, ent\u00e3o \u00e9 uma pena\u201d, disse.<\/p>\n\n\n\n<figure class=\"wp-block-image size-large\"><img decoding=\"async\" src=\"https:\/\/www.grandepremio.com\/br\/wp-content\/uploads\/2023\/04\/mercedes-lewishamilton-afp-02-1-1024x682.jpg\" alt=\"\" class=\"wp-image-668697\"\/><figcaption>Lewis Hamilton ainda est\u00e1 buscando se adaptar ao W14 (Foto: AFP) <\/figcaption><\/figure>\n\n\n\n<p class=\"wp-block-paragraph\">Apesar de ter conseguido o p\u00f3dio, Lewis contou que ainda n\u00e3o se entendeu com o carro. Por outro lado, mostrou-se animado com a possibilidade real de brigar com a <strong>Aston Martin<\/strong>.<\/p>\n\n\n\n<p class=\"wp-block-paragraph\">\u201cAinda me sinto desconfort\u00e1vel no carro. Eu n\u00e3o me sinto conectado a ele. Ent\u00e3o, estou pilotando o melhor que posso com essa desconex\u00e3o e trabalhando o m\u00e1ximo que posso para tentar criar essa conex\u00e3o, mas \u00e9 um projeto longo\u201d, refletiu Hamilton.<\/p>\n\n\n\n<p class=\"wp-block-paragraph\">\u201cConsiderando que estamos abaixo em desempenho e em ritmo constante em compara\u00e7\u00e3o \u00e0 Red Bull, estar aqui lutando com a Aston Martin \u00e9 incr\u00edvel neste ponto da temporada. Precisamos continuar lutando. Muito obrigado a todas as pessoas na f\u00e1brica, podemos fechar essa lacuna. Vai ser dif\u00edcil, mas n\u00e3o imposs\u00edvel\u201d, afirmou.<\/p>\n\n\n\n<p class=\"wp-block-paragraph\"><strong>\u25b6\ufe0f&nbsp;<a href=\"https:\/\/www.twitch.tv\/grandepremio\" target=\"_blank\" rel=\"noreferrer noopener\">Conhe\u00e7a o canal do GRANDE PR\u00caMIO na Twitch clicando aqui!<\/a><\/strong><\/p>\n\n\n\n<figure class=\"wp-block-image size-large\"><img decoding=\"async\" src=\"https:\/\/www.grandepremio.com\/br\/wp-content\/uploads\/2023\/04\/redbull-maxverstappen-11-scaled-e1680425126960-1024x805.jpg\" alt=\"\" class=\"wp-image-668859\"\/><figcaption>O p\u00f3dio do GP da Austr\u00e1lia teve 11 t\u00edtulos mundiais somados (Foto: Red Bull Content Pool)<\/figcaption><\/figure>\n\n\n\n<p class=\"wp-block-paragraph\">Al\u00e9m disso, enalteceu a presen\u00e7a de tr\u00eas campe\u00f5es no p\u00f3dio: juntos, somam 11 t\u00edtulos da F\u00f3rmula 1.<\/p>\n\n\n\n<p class=\"wp-block-paragraph\">\u201cEstava tendo que for\u00e7ar muito para manter a diferen\u00e7a [para Alonso]. No come\u00e7o eu tinha que for\u00e7ar para manter Max atr\u00e1s, ent\u00e3o Fernando estava empurrando &#8211; eles s\u00e3o muito r\u00e1pidos. Eles foram mais r\u00e1pidos atr\u00e1s de mim, mas consegui segur\u00e1-los. Temos um campe\u00e3o na frente e dois atr\u00e1s. Quero dizer, tr\u00eas campe\u00f5es no p\u00f3dio. Isso \u00e9 mega\u201d, finalizou<\/p>\n\n\n\n<p class=\"wp-block-paragraph\">Agora, a F1 faz uma pausa for\u00e7ada de tr\u00eas semanas, pelo cancelamento do GP da China, e volta com o<strong> GP do Azerbaij\u00e3o<\/strong>. A quarta corrida do campeonato acontece entre os dias 28 a 30 de abril.<\/p>\n\n\n\n<figure class=\"wp-block-video\"><video class=\"video-js vjs-big-play-centered\" data-gp-vjs=\"1\" controls poster=\"https:\/\/www.grandepremio.com\/br\/wp-content\/uploads\/2023\/04\/Russell-video-poster.jpeg\" src=\"https:\/\/www.grandepremio.com\/br\/wp-content\/uploads\/2023\/04\/Russell-video.mp4\"><\/video><figcaption>Motor Mercedes de George Russell pegou fogo, e piloto abandonou em Melbourne (V\u00eddeo: F1 TV\/Sky F1)<\/figcaption><\/figure>\n","protected":false},"excerpt":{"rendered":"<p>Lewis Hamilton celebrou a conquista do segundo lugar no GP da Austr\u00e1lia, mas destacou que se sente desconfort\u00e1vel com o W14<\/p>\n","protected":false},"author":0,"featured_media":1000668729,"comment_status":"closed","ping_status":"closed","sticky":false,"template":"","format":"standard","meta":{"42wp_featured_image_caption":"","42wp_featured_image_credits":"","42wp_featured_video":"","42wp_featured_image_hidden":false,"42wp_authors_list":[],"footnotes":""},"categories":[2],"tags":[4346,6533,176,30722,800,1753,34197,1491,30103,28285,87,203,1757,82],"42wp_author":[47150],"class_list":["post-104262","post","type-post","status-publish","format-standard","has-post-thumbnail","hentry","category-f1","tag-albert-park","tag-f1-2023","tag-fernando-alonso","tag-formula-1-2023","tag-george-russell","tag-gp-da-australia","tag-gp-de-melbourne","tag-grande-premio","tag-grande-premio-f1","tag-grandepremio","tag-lewis-hamilton","tag-max-verstappen","tag-melbourne","tag-mercedes","42wp_author-carol-sales"],"_links":{"self":[{"href":"https:\/\/grandepremio.com\/br\/wp-json\/wp\/v2\/posts\/104262","targetHints":{"allow":["GET"]}}],"collection":[{"href":"https:\/\/grandepremio.com\/br\/wp-json\/wp\/v2\/posts"}],"about":[{"href":"https:\/\/grandepremio.com\/br\/wp-json\/wp\/v2\/types\/post"}],"replies":[{"embeddable":true,"href":"https:\/\/grandepremio.com\/br\/wp-json\/wp\/v2\/comments?post=104262"}],"version-history":[{"count":0,"href":"https:\/\/grandepremio.com\/br\/wp-json\/wp\/v2\/posts\/104262\/revisions"}],"wp:featuredmedia":[{"embeddable":true,"href":"https:\/\/grandepremio.com\/br\/wp-json\/wp\/v2\/media\/1000668729"}],"wp:attachment":[{"href":"https:\/\/grandepremio.com\/br\/wp-json\/wp\/v2\/media?parent=104262"}],"wp:term":[{"taxonomy":"category","embeddable":true,"href":"https:\/\/grandepremio.com\/br\/wp-json\/wp\/v2\/categories?post=104262"},{"taxonomy":"post_tag","embeddable":true,"href":"https:\/\/grandepremio.com\/br\/wp-json\/wp\/v2\/tags?post=104262"},{"taxonomy":"42wp_author","embeddable":true,"href":"https:\/\/grandepremio.com\/br\/wp-json\/wp\/v2\/42wp_author?post=104262"}],"curies":[{"name":"wp","href":"https:\/\/api.w.org\/{rel}","templated":true}]}}