{"id":104265,"date":"2023-04-02T05:43:29","date_gmt":"2023-04-02T08:43:29","guid":{"rendered":"https:\/\/grandepremio.com\/br\/noticias\/por-que-max-verstappen-nao-foi-punido-relargada-gp-da-australia-f1\/"},"modified":"2023-04-02T06:22:20","modified_gmt":"2023-04-02T09:22:20","slug":"por-que-max-verstappen-nao-foi-punido-relargada-gp-da-australia-f1","status":"publish","type":"post","link":"https:\/\/grandepremio.com\/br\/f1\/por-que-max-verstappen-nao-foi-punido-relargada-gp-da-australia-f1\/","title":{"rendered":"Por que Verstappen n\u00e3o foi punido na relargada do GP da Austr\u00e1lia de F1"},"content":{"rendered":"\n<figure class=\"wp-block-embed is-type-video is-provider-youtube wp-block-embed-youtube wp-embed-aspect-16-9 wp-has-aspect-ratio\"><div class=\"wp-block-embed__wrapper\">\n<iframe loading=\"lazy\" title=\"F1 2023: VERSTAPPEN 1\u00ba NO CAOS DA AUSTR\u00c1LIA. HAMILTON 2\u00ba. ALONSO 3\u00ba | Briefing\" width=\"500\" height=\"281\" src=\"https:\/\/www.youtube.com\/embed\/MZ-wKlZvf7c?feature=oembed\" frameborder=\"0\" allow=\"accelerometer; autoplay; clipboard-write; encrypted-media; gyroscope; picture-in-picture; web-share\" referrerpolicy=\"strict-origin-when-cross-origin\" allowfullscreen><\/iframe>\n<\/div><\/figure>\n\n\n\n<p class=\"wp-block-paragraph\">Uma verdadeira pol\u00eamica tomou conta da pen\u00faltima relargada do <strong>GP da Austr\u00e1lia<\/strong>, <a href=\"https:\/\/www.grandepremio.com\/br\/f1\/noticias\/max-verstappen-recupera-ataque-mercedes-vence-caotico-gp-da-australia-formula-1\/\" target=\"_blank\" aria-label=\"logo antes do caos tomar conta da corrida (opens in a new tab)\" rel=\"noreferrer noopener\" class=\"ek-link\">logo antes do caos tomar conta da corrida<\/a> e diversos pilotos se envolverem em toques nas tr\u00eas primeiras curvas. Imagens de <strong>Max Verstappen <\/strong>supostamente fora da posi\u00e7\u00e3o permitida de largada come\u00e7aram a circular na internet, e o <strong>GRANDE PR\u00caMIO <\/strong>explica os movivos para que o bicampe\u00e3o n\u00e3o tenha sido punido.<\/p>\n\n\n\n<p class=\"wp-block-paragraph\">O principal motivo, obviamente, \u00e9 que Verstappen n\u00e3o estava descumprindo a regra. Conforme pode ser observado nas imagens, as rodas dianteiras do RB19 #1 tocam a parte branca da linha, mas n\u00e3o chegam a ultrapassar o colchete. Al\u00e9m disso, o carro do bicampe\u00e3o se encontra dentro do &#8216;box&#8217; que delimita a posi\u00e7\u00e3o de largada, o que tamb\u00e9m confirma a posi\u00e7\u00e3o correta do holand\u00eas.<\/p>\n\n\n\n<p class=\"wp-block-paragraph\"><strong>\u25b6\ufe0f&nbsp;<a href=\"https:\/\/www.twitch.tv\/grandepremio\" target=\"_blank\" rel=\"noreferrer noopener\">Conhe\u00e7a o canal do GRANDE PR\u00caMIO na Twitch clicando aqui!<\/a><\/strong><\/p>\n\n\n\n<figure class=\"wp-block-image size-large\"><img decoding=\"async\" src=\"https:\/\/www.grandepremio.com\/br\/wp-content\/uploads\/2023\/04\/VER-1024x768.jpg\" alt=\"\" class=\"wp-image-668848\"\/><figcaption>A mesma relargada de Verstappen, mas vista pelo outro lado (Foto: Reprodu\u00e7\u00e3o\/Twitter)<\/figcaption><\/figure>\n\n\n\n<p class=\"wp-block-paragraph\"><strong>\u25b6\ufe0f&nbsp;Inscreva-se nos dois canais do GRANDE PR\u00caMIO no YouTube:&nbsp;<a href=\"https:\/\/www.youtube.com\/channel\/UC9OlHEgxoaY6QY6nWPoiqQg?sub_confirmation=1\" target=\"_blank\" rel=\"noreferrer noopener\">GP<\/a>&nbsp;|&nbsp;<a href=\"https:\/\/www.youtube.com\/channel\/UC9csiS6q_C3C0FYhyr1rnFA?sub_confirmation=1\" target=\"_blank\" rel=\"noreferrer noopener\">GP2<\/a><\/strong><\/p>\n\n\n\n<p class=\"wp-block-paragraph\">De acordo com o regulamento da FIA, ser\u00e1 considerada uma viola\u00e7\u00e3o da regra se &#8220;qualquer parte dos pontos de contato dos pneus dianteiros esteja fora das linhas \u2014 frontais e laterais \u2014 no momento do sinal de largada&#8221;.<\/p>\n\n\n\n<p class=\"wp-block-paragraph\">Na relargada, Verstappen segurou a primeira posi\u00e7\u00e3o e viu Lewis Hamilton manter o segundo lugar, mas uma confus\u00e3o de propor\u00e7\u00f5es gigantescas tomou conta da corrida mais atr\u00e1s. Carlos Sainz atingiu o terceiro colocado Fernando Alonso; Pierre Gasly e Esteban Ocon, companheiros de Alpine, se enroscaram e abandonaram; Logan Sargeant perdeu o ponto de frenagem e abalroou Nyck de Vries; por fim, Lance Stroll perdeu o controle e foi na brita, mas conseguiu voltar.<\/p>\n\n\n\n<p class=\"wp-block-paragraph\">A pr\u00f3xima etapa da\u00a0<a href=\"https:\/\/www.grandepremio.com\/formula-1\/\" target=\"_blank\" rel=\"noreferrer noopener\">F\u00f3rmula 1<\/a>\u00a0est\u00e1 marcada para acontecer entre os dias 28 e 30 de abril, com o\u00a0<strong>GP do Azerbaij\u00e3o<\/strong>. A corrida, que ser\u00e1 realizada em\u00a0<strong><a href=\"https:\/\/www.grandepremio.com\/br\/circuito\/baku\/\" target=\"_blank\" rel=\"noreferrer noopener\">Baku<\/a><\/strong>, ter\u00e1 a primeira corrida sprint da temporada e cobertura completa do\u00a0<strong>GRANDE PR\u00caMIO<\/strong>.<\/p>\n\n\n\n<figure class=\"wp-block-video\"><video class=\"video-js vjs-big-play-centered\" data-gp-vjs=\"1\" controls src=\"https:\/\/www.grandepremio.com\/br\/wp-content\/uploads\/2023\/04\/Largada.mp4\"><\/video><figcaption>Relargada ca\u00f3tica do GP da Austr\u00e1lia teve quatro abandonos e muita confus\u00e3o no fim (V\u00eddeo: Sky F1)<\/figcaption><\/figure>\n","protected":false},"excerpt":{"rendered":"<p>Imagens que supostamente mostrariam Max Verstappen fora da posi\u00e7\u00e3o permitida de largada come\u00e7aram a circular na internet logo ap\u00f3s o fim do GP da Austr\u00e1lia, mas o regulamento da FIA indica que o bicampe\u00e3o n\u00e3o descumpriu nenhuma regra<\/p>\n","protected":false},"author":0,"featured_media":1000668849,"comment_status":"closed","ping_status":"closed","sticky":false,"template":"","format":"standard","meta":{"42wp_featured_image_caption":"","42wp_featured_image_credits":"","42wp_featured_video":"","42wp_featured_image_hidden":false,"42wp_authors_list":[],"footnotes":""},"categories":[2],"tags":[147,6533,180,1753,1491,30103,28285,610,203,1757],"42wp_author":[47142],"class_list":["post-104265","post","type-post","status-publish","format-standard","has-post-thumbnail","hentry","category-f1","tag-f1","tag-f1-2023","tag-formula-1","tag-gp-da-australia","tag-grande-premio","tag-grande-premio-f1","tag-grandepremio","tag-largada","tag-max-verstappen","tag-melbourne","42wp_author-jp-nascimento"],"_links":{"self":[{"href":"https:\/\/grandepremio.com\/br\/wp-json\/wp\/v2\/posts\/104265","targetHints":{"allow":["GET"]}}],"collection":[{"href":"https:\/\/grandepremio.com\/br\/wp-json\/wp\/v2\/posts"}],"about":[{"href":"https:\/\/grandepremio.com\/br\/wp-json\/wp\/v2\/types\/post"}],"replies":[{"embeddable":true,"href":"https:\/\/grandepremio.com\/br\/wp-json\/wp\/v2\/comments?post=104265"}],"version-history":[{"count":0,"href":"https:\/\/grandepremio.com\/br\/wp-json\/wp\/v2\/posts\/104265\/revisions"}],"wp:featuredmedia":[{"embeddable":true,"href":"https:\/\/grandepremio.com\/br\/wp-json\/wp\/v2\/media\/1000668849"}],"wp:attachment":[{"href":"https:\/\/grandepremio.com\/br\/wp-json\/wp\/v2\/media?parent=104265"}],"wp:term":[{"taxonomy":"category","embeddable":true,"href":"https:\/\/grandepremio.com\/br\/wp-json\/wp\/v2\/categories?post=104265"},{"taxonomy":"post_tag","embeddable":true,"href":"https:\/\/grandepremio.com\/br\/wp-json\/wp\/v2\/tags?post=104265"},{"taxonomy":"42wp_author","embeddable":true,"href":"https:\/\/grandepremio.com\/br\/wp-json\/wp\/v2\/42wp_author?post=104265"}],"curies":[{"name":"wp","href":"https:\/\/api.w.org\/{rel}","templated":true}]}}