{"id":104266,"date":"2023-04-02T05:34:35","date_gmt":"2023-04-02T08:34:35","guid":{"rendered":"https:\/\/grandepremio.com\/br\/noticias\/band-fica-atras-sbt-audiencia-mesmo-com-gp-da-australia-madrugada\/"},"modified":"2023-04-02T05:49:26","modified_gmt":"2023-04-02T08:49:26","slug":"band-fica-atras-sbt-audiencia-mesmo-com-gp-da-australia-madrugada","status":"publish","type":"post","link":"https:\/\/grandepremio.com\/br\/f1\/band-fica-atras-sbt-audiencia-mesmo-com-gp-da-australia-madrugada\/","title":{"rendered":"Band fica atr\u00e1s do SBT na audi\u00eancia mesmo com GP da Austr\u00e1lia na madrugada"},"content":{"rendered":"\n<figure class=\"wp-block-embed is-type-video is-provider-youtube wp-block-embed-youtube wp-embed-aspect-16-9 wp-has-aspect-ratio\"><div class=\"wp-block-embed__wrapper\">\n<iframe loading=\"lazy\" title=\"F1 2023: VERSTAPPEN 1\u00ba NO CAOS DA AUSTR\u00c1LIA. HAMILTON 2\u00ba. ALONSO 3\u00ba | Briefing\" width=\"500\" height=\"281\" src=\"https:\/\/www.youtube.com\/embed\/MZ-wKlZvf7c?feature=oembed\" frameborder=\"0\" allow=\"accelerometer; autoplay; clipboard-write; encrypted-media; gyroscope; picture-in-picture; web-share\" referrerpolicy=\"strict-origin-when-cross-origin\" allowfullscreen><\/iframe>\n<\/div><figcaption>\ud83d\udd34F1 2O23 AO VIVO: TUDO SOBRE O GP DA AUSTR\u00c1LIA | Briefing<\/figcaption><\/figure>\n\n\n\n<p class=\"wp-block-paragraph\">Assim como <strong>Fernando Alonso<\/strong>, a <strong>Band<\/strong> n\u00e3o sai do terceiro lugar. A emissora paulistana voltou a ficar com essa posi\u00e7\u00e3o no ranking das audi\u00eancias da TV aberta brasileira com a transmiss\u00e3o do <strong><a href=\"https:\/\/www.grandepremio.com\/br\/f1\/noticias\/max-verstappen-recupera-ataque-mercedes-vence-caotico-gp-da-australia-formula-1\/\" class=\"ek-link\">GP da Austr\u00e1lia<\/a><\/strong> de <strong>F\u00f3rmula 1<\/strong>, realizado na madrugada deste domingo (2). Foi a terceira vez em tr\u00eaz corridas que ficou com o posto.<\/p>\n\n\n\n<p class=\"wp-block-paragraph\">Por um lado, a posi\u00e7\u00e3o aponta vit\u00f3ria para a Band, que novamente desbancou a <strong>Record<\/strong>, uma das duas rivais poss\u00edveis para o campo das audi\u00eancias. Entretanto, nem mesmo o hor\u00e1rio menos concorrido da madrugada permitiu que superasse o <strong>SBT<\/strong>, que manteve o segundo lugar. A <strong>Globo<\/strong> liderou.<\/p>\n\n\n\n<p class=\"wp-block-paragraph\">As informa\u00e7\u00f5es s\u00e3o do site <strong><a href=\"https:\/\/teleguiado.com\/\" class=\"ek-link\">Teleguiado<\/a><\/strong>, parceiro do <strong>GRANDE PR\u00caMIO<\/strong>. A transmiss\u00e3o do GP da Austr\u00e1lia durou entre 2h03 e 4h35 [de Bras\u00edlia, GMT-3], e rendeu 1,5 ponto de m\u00e9dia para a Band. A Record ficou com somente 0,4 ponto, enquanto SBT bateu 1,8 e a Globo, 4,5. No s\u00e1bado, a transmiss\u00e3o da classifica\u00e7\u00e3o ficara com apenas 1 ponto e empatada com a <strong>RedeTV!<\/strong>.<\/p>\n\n\n\n<p class=\"wp-block-paragraph\"><strong>\u25b6\ufe0f\u00a0Inscreva-se nos dois canais do GRANDE PR\u00caMIO no YouTube:\u00a0<a href=\"https:\/\/www.youtube.com\/channel\/UC9OlHEgxoaY6QY6nWPoiqQg?sub_confirmation=1\" target=\"_blank\" rel=\"noreferrer noopener\">GP<\/a>\u00a0|\u00a0<a href=\"https:\/\/www.youtube.com\/channel\/UC9csiS6q_C3C0FYhyr1rnFA?sub_confirmation=1\" target=\"_blank\" rel=\"noreferrer noopener\">GP2<\/a><\/strong><br><strong>\u25b6\ufe0f\u00a0<a href=\"https:\/\/www.twitch.tv\/grandepremio\" target=\"_blank\" rel=\"noreferrer noopener\">Conhe\u00e7a o canal do GRANDE PR\u00caMIO na Twitch clicando aqui!<\/a><\/strong><\/p>\n\n\n\n<figure class=\"wp-block-image size-large\"><img decoding=\"async\" src=\"https:\/\/www.grandepremio.com\/br\/wp-content\/uploads\/2023\/04\/redbull-maxverstappen-01-1-1024x576.jpg\" alt=\"\" class=\"wp-image-668677\"\/><figcaption>Max Verstappen venceu o GP da Austr\u00e1lia (Foto: Red Bull Content Pool)<\/figcaption><\/figure>\n\n\n\n<p class=\"wp-block-paragraph\">A medi\u00e7\u00e3o \u00e9 feita pelo grupo Kantar Ibope Media e \u00e9 correspondente \u00e0 regi\u00e3o da Grande S\u00e3o Paulo, tida pelo mercado publicit\u00e1rio como a mais importante do pa\u00eds. Os n\u00fameros por enquanto s\u00e3o preliminares e passam por consolida\u00e7\u00e3o somente na segunda-feira.<\/p>\n\n\n\n<p class=\"wp-block-paragraph\">Na pista, <strong>Max Verstappen<\/strong> venceu uma corrida ca\u00f3tica, que contou com quatro bandeiras vermelhas. <strong>Lewis Hamilton<\/strong> e <strong>Fernando Alonso<\/strong> completaram um p\u00f3dio de 11 t\u00edtulos mundiais. <\/p>\n\n\n\n<p class=\"wp-block-paragraph\">A F\u00f3rmula 1 faz um recesso for\u00e7ado de quatro semanas, por conta do cancelamento do <strong>GP da China<\/strong>, e retoma a temporada 2023 entre os dias 28 e 30 de abril, com o <strong>GP do Azerbaij\u00e3o<\/strong>, nas ruas de <strong>Baku<\/strong>.<\/p>\n\n\n\n<figure class=\"wp-block-video\"><video class=\"video-js vjs-big-play-centered\" data-gp-vjs=\"1\" controls src=\"https:\/\/www.grandepremio.com\/br\/wp-content\/uploads\/2023\/04\/Largada.mp4\"><\/video><figcaption>Relargada ca\u00f3tica do GP da Austr\u00e1lia teve quatro abandonos e muita confus\u00e3o no fim (V\u00eddeo: Sky F1)<\/figcaption><\/figure>\n","protected":false},"excerpt":{"rendered":"<p>A Band voltou a ficar com a terceira coloca\u00e7\u00e3o da audi\u00eancia na TV brasileira ao levar ao ar a transmiss\u00e3o do GP da Austr\u00e1lia de F\u00f3rmula 1<\/p>\n","protected":false},"author":0,"featured_media":1000668693,"comment_status":"closed","ping_status":"closed","sticky":false,"template":"","format":"standard","meta":{"42wp_featured_image_caption":"","42wp_featured_image_credits":"","42wp_featured_video":"","42wp_featured_image_hidden":false,"42wp_authors_list":[],"footnotes":""},"categories":[2],"tags":[4346,1280,6533,30722,1753,34197,1491,30103,28285,1757],"42wp_author":[47120],"class_list":["post-104266","post","type-post","status-publish","format-standard","has-post-thumbnail","hentry","category-f1","tag-albert-park","tag-band","tag-f1-2023","tag-formula-1-2023","tag-gp-da-australia","tag-gp-de-melbourne","tag-grande-premio","tag-grande-premio-f1","tag-grandepremio","tag-melbourne","42wp_author-pedro-henrique-marum"],"_links":{"self":[{"href":"https:\/\/grandepremio.com\/br\/wp-json\/wp\/v2\/posts\/104266","targetHints":{"allow":["GET"]}}],"collection":[{"href":"https:\/\/grandepremio.com\/br\/wp-json\/wp\/v2\/posts"}],"about":[{"href":"https:\/\/grandepremio.com\/br\/wp-json\/wp\/v2\/types\/post"}],"replies":[{"embeddable":true,"href":"https:\/\/grandepremio.com\/br\/wp-json\/wp\/v2\/comments?post=104266"}],"version-history":[{"count":0,"href":"https:\/\/grandepremio.com\/br\/wp-json\/wp\/v2\/posts\/104266\/revisions"}],"wp:featuredmedia":[{"embeddable":true,"href":"https:\/\/grandepremio.com\/br\/wp-json\/wp\/v2\/media\/1000668693"}],"wp:attachment":[{"href":"https:\/\/grandepremio.com\/br\/wp-json\/wp\/v2\/media?parent=104266"}],"wp:term":[{"taxonomy":"category","embeddable":true,"href":"https:\/\/grandepremio.com\/br\/wp-json\/wp\/v2\/categories?post=104266"},{"taxonomy":"post_tag","embeddable":true,"href":"https:\/\/grandepremio.com\/br\/wp-json\/wp\/v2\/tags?post=104266"},{"taxonomy":"42wp_author","embeddable":true,"href":"https:\/\/grandepremio.com\/br\/wp-json\/wp\/v2\/42wp_author?post=104266"}],"curies":[{"name":"wp","href":"https:\/\/api.w.org\/{rel}","templated":true}]}}