{"id":10429,"date":"2026-03-30T11:48:35","date_gmt":"2026-03-30T14:48:35","guid":{"rendered":"https:\/\/grandepremio.com\/br\/noticias\/por-que-andrea-kimi-antonelli-teve-celebracao-sem-alcool-podio-gp-do-japao-f1\/"},"modified":"2026-03-30T11:50:40","modified_gmt":"2026-03-30T14:50:40","slug":"por-que-andrea-kimi-antonelli-teve-celebracao-sem-alcool-podio-gp-do-japao-f1","status":"publish","type":"post","link":"https:\/\/grandepremio.com\/br\/f1\/por-que-andrea-kimi-antonelli-teve-celebracao-sem-alcool-podio-gp-do-japao-f1\/","title":{"rendered":"Por que Antonelli teve celebra\u00e7\u00e3o sem \u00e1lcool no p\u00f3dio do GP do Jap\u00e3o da F1"},"content":{"rendered":"\n<p class=\"wp-block-paragraph\">O p\u00f3dio do <strong>GP do Jap\u00e3o<\/strong> teve um sabor diferente para <strong>Andrea Kimi Antonelli<\/strong>. N\u00e3o apenas pelo fato de ser a <a href=\"https:\/\/www.grandepremio.com\/br\/f1\/noticias\/andrea-kimi-antonelli-repete-feito-alberto-ascari-formula-1-vitoria-gp-do-japao\/\">segunda vit\u00f3ria seguida do italiano<\/a>, que agora assume a lideran\u00e7a do <strong>Mundial de Pilotos<\/strong> da <strong>F1<\/strong>, mas tamb\u00e9m literalmente, porque o jovem piloto da <strong>Mercedes <\/strong>n\u00e3o p\u00f4de brindar com champanhe durante a celebra\u00e7\u00e3o em <strong>Suzuka<\/strong>, <a href=\"https:\/\/www.grandepremio.com\/br\/f1\/noticias\/kimi-antonelli-vale-safety-car-largada-ruim-vence-gp-japao-gabriel-bortoleto-13o\/\">neste \u00faltimo domingo (29)<\/a>. <\/p>\n\n\n\n<p class=\"wp-block-paragraph\">Antonelli, <a href=\"https:\/\/www.grandepremio.com\/br\/f1\/noticias\/andrea-kimi-antonelli-supera-lewis-hamilton-torna-lider-mais-jovem-historia-mundial-pilotos-f1\/\">que tem apenas 19 anos<\/a> e faz anivers\u00e1rio no dia 25 de agosto, n\u00e3o tem a idade m\u00ednima para beber \u00e1lcool no Jap\u00e3o. Por isso, nas comemora\u00e7\u00f5es, recebeu uma garrafa diferenciada que continha uma vers\u00e3o n\u00e3o alco\u00f3lica do tradicional champanhe entregue no p\u00f3dio. <strong>Oscar Piastri<\/strong> e <strong>Charles Leclerc<\/strong>, que completaram o top-3, brindaram normalmente. <\/p>\n\n\n\n<figure class=\"wp-block-embed is-type-video is-provider-youtube wp-block-embed-youtube wp-embed-aspect-16-9 wp-has-aspect-ratio\"><div class=\"wp-block-embed__wrapper\">\n<iframe loading=\"lazy\" title=\"F1 2026 HIGHLIGHTS: ANTONELLI VENCE, BEARMAN ASSUSTA FORMULA 1 NO JAP\u00c3O [narra\u00e7\u00e3o + Briefing]\" width=\"500\" height=\"281\" src=\"https:\/\/www.youtube.com\/embed\/V5Gm_7E0gMc?feature=oembed\" frameborder=\"0\" allow=\"accelerometer; autoplay; clipboard-write; encrypted-media; gyroscope; picture-in-picture; web-share\" referrerpolicy=\"strict-origin-when-cross-origin\" allowfullscreen><\/iframe>\n<\/div><\/figure>\n\n\n\n<p class=\"wp-block-paragraph\"><strong><mark>+ GP EXPERIENCE: o novo produto do GRANDE PR\u00caMIO conecta voc\u00ea aos maiores eventos de esporte a motor do mundo. V\u00e1 para Indian\u00e1polis com a gente:\u00a0<a href=\"https:\/\/gpexperience.tur.br\/\">saiba aqui todos os detalhes<\/a>.<\/mark><\/strong><\/p>\n\n\n\n<p class=\"wp-block-paragraph\">No Jap\u00e3o, a idade m\u00ednima para consumir \u00e1lcool \u00e9 20 anos. Em 2022, o pa\u00eds asi\u00e1tico reduziu a maioridade legal de 20 para 18 anos, mas a lei que restringe o consumo de \u00e1lcool e tabaco n\u00e3o foi alterada. <\/p>\n\n\n\n<p class=\"wp-block-paragraph\">Essa, por\u00e9m, n\u00e3o \u00e9 a primeira ocasi\u00e3o em que a F1 precisa encontrar uma alternativa para o champagne no p\u00f3dio. Tradicionalmente, em corridas no <strong>Oriente M\u00e9dio<\/strong>, a bebida costuma ser substitu\u00edda por vers\u00f5es sem \u00e1lcool do espumante. No <strong>GP do Bahrein<\/strong> do ano passado, por exemplo, os pilotos receberam uma garrafa de um suco de frutas gaseificado feito de rom\u00e3 e \u00e1gua de rosas. <\/p>\n\n\n\n<p class=\"wp-block-paragraph\">A&nbsp;<strong>F\u00f3rmula 1<\/strong>&nbsp;agora entra em hiato ap\u00f3s a suspens\u00e3o dos GPs do&nbsp;<strong>Bahrein&nbsp;<\/strong>e da<strong>&nbsp;Ar\u00e1bia Saudita<\/strong>&nbsp;e retorna de 1\u00ba a 3 de maio com o&nbsp;<strong>GP de Miami<\/strong>.<\/p>\n\n\n\n<p class=\"wp-block-paragraph\">\u00a0<strong>Inscreva-se nos dois canais do GRANDE PR\u00caMIO no YouTube:<\/strong>\u00a0<strong><a href=\"https:\/\/www.youtube.com\/channel\/UC9OlHEgxoaY6QY6nWPoiqQg?sub_confirmation=1\">GP<\/a>\u00a0|\u00a0<a href=\"https:\/\/www.youtube.com\/channel\/UC9csiS6q_C3C0FYhyr1rnFA?sub_confirmation=1\">GPTV<\/a><\/strong><\/p>\n\n\n\n<h2 class=\"wp-block-heading\" id=\"h-f1-hoje-saiba-aqui-as-noticias-mais-importantes-do-dia-da-formula-1\"><strong>F1 hoje: saiba aqui as not\u00edcias mais importantes do dia da F\u00f3rmula 1<\/strong><\/h2>\n\n\n\n<p class=\"wp-block-paragraph\">A reda\u00e7\u00e3o do&nbsp;<strong>GRANDE PR\u00caMIO<\/strong>&nbsp;selecionou as not\u00edcias mais importantes das \u00faltimas horas para voc\u00ea ficar por dentro de tudo que acontece na F1.<\/p>\n\n\n\n<p class=\"wp-block-paragraph\"><a href=\"https:\/\/www.grandepremio.com\/br\/f1\/noticias\/confira-voltas-mais-rapidas-cada-piloto-gp-do-japao-f1-2026\/\">Confira voltas mais r\u00e1pidas de cada piloto no GP do Jap\u00e3o da F1 2026<\/a><br><a href=\"https:\/\/www.grandepremio.com\/br\/f1\/noticias\/max-verstappen-critica-corrida-pouco-autentica-japao-impossivel-usar-bateria\/\">Verstappen critica corrida \u201cpouco aut\u00eantica\u201d no Jap\u00e3o: \u201cImposs\u00edvel usar bateria\u201d<\/a><br><a href=\"https:\/\/www.grandepremio.com\/br\/f1\/noticias\/lando-norris-critica-efeito-ioio-corridas-novo-regulamento-f1-piloto-perdeu-controle\/\">Norris detona \u2018efeito ioi\u00f4\u2019 de corridas com novo regulamento da F1: \u201cPiloto perdeu controle\u201d<\/a><br><a href=\"https:\/\/www.grandepremio.com\/br\/f1\/noticias\/speed-trap-confira-velocidades-maximas-gp-do-japao-f1-2026\/\">Speed Trap: confira velocidades m\u00e1ximas do GP do Jap\u00e3o da F1 2026<\/a><br><a href=\"https:\/\/www.grandepremio.com\/br\/f1\/noticias\/max-verstappen-nega-choro-falta-competitividade-f1-nao-precisa-ter-pena\/\">Verstappen nega \u2018choro\u2019 por falta de competitividade na F1: \u201cN\u00e3o precisa ter pena\u201d<\/a><\/p>\n","protected":false},"excerpt":{"rendered":"<p>Andrea Kimi Antonelli n\u00e3o tem idade para beber no Jap\u00e3o. Por isso, foi impedido de brindar com champanhe no p\u00f3dio de Suzuka, e a F1 precisou encontrar uma alternativa<\/p>\n","protected":false},"author":0,"featured_media":1001073375,"comment_status":"closed","ping_status":"closed","sticky":false,"template":"","format":"standard","meta":{"42wp_featured_image_caption":"","42wp_featured_image_credits":"","42wp_featured_video":"","42wp_featured_image_hidden":false,"42wp_authors_list":[],"footnotes":""},"categories":[2],"tags":[27861,26271,5273,147,29516,29148,180,31425,28995,800,3023,38972,1491,28285,30840,24855,46326,32659,82,35129,19348,608,46327,32660,31470,150],"42wp_author":[47162],"class_list":["post-10429","post","type-post","status-publish","format-standard","has-post-thumbnail","hentry","category-f1","tag-andrea-kimi-antonelli","tag-calendario-f1","tag-classificacao-f1","tag-f1","tag-f1-2026","tag-f1-hoje","tag-formula-1","tag-formula-1-2026","tag-formula-1-hoje","tag-george-russell","tag-gp-do-japao","tag-gp-do-japao-f1","tag-grande-premio","tag-grandepremio","tag-horarios-f1","tag-japao","tag-japao-2026","tag-japao-f1","tag-mercedes","tag-onde-assistir-f1","tag-podio","tag-suzuka","tag-suzuka-2026","tag-suzuka-f1","tag-temporada-2026-f1","tag-toto-wolff","42wp_author-giovani-danjo"],"_links":{"self":[{"href":"https:\/\/grandepremio.com\/br\/wp-json\/wp\/v2\/posts\/10429","targetHints":{"allow":["GET"]}}],"collection":[{"href":"https:\/\/grandepremio.com\/br\/wp-json\/wp\/v2\/posts"}],"about":[{"href":"https:\/\/grandepremio.com\/br\/wp-json\/wp\/v2\/types\/post"}],"replies":[{"embeddable":true,"href":"https:\/\/grandepremio.com\/br\/wp-json\/wp\/v2\/comments?post=10429"}],"version-history":[{"count":0,"href":"https:\/\/grandepremio.com\/br\/wp-json\/wp\/v2\/posts\/10429\/revisions"}],"wp:featuredmedia":[{"embeddable":true,"href":"https:\/\/grandepremio.com\/br\/wp-json\/wp\/v2\/media\/1001073375"}],"wp:attachment":[{"href":"https:\/\/grandepremio.com\/br\/wp-json\/wp\/v2\/media?parent=10429"}],"wp:term":[{"taxonomy":"category","embeddable":true,"href":"https:\/\/grandepremio.com\/br\/wp-json\/wp\/v2\/categories?post=10429"},{"taxonomy":"post_tag","embeddable":true,"href":"https:\/\/grandepremio.com\/br\/wp-json\/wp\/v2\/tags?post=10429"},{"taxonomy":"42wp_author","embeddable":true,"href":"https:\/\/grandepremio.com\/br\/wp-json\/wp\/v2\/42wp_author?post=10429"}],"curies":[{"name":"wp","href":"https:\/\/api.w.org\/{rel}","templated":true}]}}