{"id":104294,"date":"2023-04-01T15:58:53","date_gmt":"2023-04-01T18:58:53","guid":{"rendered":"https:\/\/grandepremio.com\/br\/noticias\/felix-rosenqvist-exalta-mclaren-texas-ve-nivel-confianca-diferente-2023\/"},"modified":"2023-04-01T16:11:08","modified_gmt":"2023-04-01T19:11:08","slug":"felix-rosenqvist-exalta-mclaren-texas-ve-nivel-confianca-diferente-2023","status":"publish","type":"post","link":"https:\/\/grandepremio.com\/br\/indy\/felix-rosenqvist-exalta-mclaren-texas-ve-nivel-confianca-diferente-2023\/","title":{"rendered":"Rosenqvist exalta McLaren no Texas e v\u00ea &#8220;n\u00edvel de confian\u00e7a diferente&#8221; para 2023"},"content":{"rendered":"\n<p class=\"wp-block-paragraph\">Pelo segundo ano consecutivo, o sueco<strong> Felix Rosenqvist<\/strong> vai largar na pole-position do <strong>GP do Texas<\/strong> da <strong>Indy<\/strong>. Na sess\u00e3o realizada neste s\u00e1bado (1), o piloto da <strong>McLaren<\/strong> repetiu o feito de 2022, e ao anotar o tempo de 47s070 no combinado de duas voltas, vai largar na pole-position no oval de Fort Worth.<\/p>\n\n\n\n<p class=\"wp-block-paragraph\">Repetindo o feito do ano passado, Rosenqvist tem a miss\u00e3o de transformar a posi\u00e7\u00e3o de honra em vit\u00f3ria no Texas, sem repetir os erros do pssado. <a href=\"https:\/\/www.grandepremio.com\/br\/indy\/noticias\/josef-newgarden-passa-scott-mclaughlin-ultima-curva-vence-eletrizante-gp-do-texas\/\" class=\"ek-link\">quando ele e <strong>Pato O\u2019Ward <\/strong>companheiros de time, erraram na entrada do pit-box e perderam muitas posi\u00e7\u00f5es<\/a>. Mas o sueco garante que o momento \u00e9 outro e que a confian\u00e7a da equipe est\u00e1 em alta, principalmente ap\u00f3s a boa classifica\u00e7\u00e3o.<\/p>\n\n\n\n<p class=\"wp-block-paragraph\">\u201c\u00c9 um carro bom, ent\u00e3o a McLaren apenas deu uma ajustada novamente para hoje. Acho que meio que constru\u00edmos isso no ano passado. Talvez tenha sido bom sair antes na pista, n\u00e3o sei. A pista meio que aqueceu. Vamos aceitar isso\u201d, ponderou em entrevista \u00e0 emissora americana NBC Sports.<\/p>\n\n\n\n<p class=\"wp-block-paragraph\">\u201cDe qualquer forma, temos que agradecer muito a todos os parceiros. Voc\u00eas conhecem a Arrow [McLaren], sabem que eles fazem um trabalho fenomenal. Acho que sempre fomos bons aqui, mas agora temos um n\u00edvel de confian\u00e7a totalmente diferente em compara\u00e7\u00e3o com o ano passado. Ent\u00e3o, vamos para amanh\u00e3\u201d, completou.<\/p>\n\n\n\n<p class=\"wp-block-paragraph\"><strong>\u25b6\ufe0f&nbsp;Inscreva-se nos dois canais do GRANDE PR\u00caMIO no YouTube:&nbsp;<a href=\"https:\/\/www.youtube.com\/channel\/UC9OlHEgxoaY6QY6nWPoiqQg?sub_confirmation=1\" target=\"_blank\" rel=\"noreferrer noopener\">GP<\/a>&nbsp;|&nbsp;<a href=\"https:\/\/www.youtube.com\/channel\/UC9csiS6q_C3C0FYhyr1rnFA?sub_confirmation=1\" target=\"_blank\" rel=\"noreferrer noopener\">GP2<\/a><\/strong><br><strong>\u25b6\ufe0f&nbsp;<a href=\"https:\/\/www.twitch.tv\/grandepremio\" target=\"_blank\" rel=\"noreferrer noopener\">Conhe\u00e7a o canal do GRANDE PR\u00caMIO na Twitch clicando aqui!<\/a><\/strong><\/p>\n\n\n\n<figure class=\"wp-block-image size-large\"><img decoding=\"async\" src=\"https:\/\/www.grandepremio.com\/br\/wp-content\/uploads\/2023\/04\/INDY-2023-TEXAS-SABADO-MCLAREN-FELIX-ROSENQVIST-4-1024x683.jpg\" alt=\"\" class=\"wp-image-668281\"\/><figcaption>Rosenqvist teve que secar v\u00e1rios dos seus advers\u00e1rios antes de ter a pole-position confirmada no GP do Texas (Foto: Chris Jones \/ Indy)<\/figcaption><\/figure>\n\n\n\n<p class=\"wp-block-paragraph\">Apesar da pole ter sido conquistada com uma grande performance, Rosenqvist n\u00e3o deixou de ter emo\u00e7\u00e3o. Como foi um dos primeiros a ir para a pista, ele precisou secar v\u00e1rios dos concorrentes ao longo da prova, e a transmiss\u00e3o oficial, por diversas vezes, mostrou o sueco tenso ao lado da equipe \u2013 que vibrava a cada piloto que n\u00e3o conseguia superar o tempo do #6.<\/p>\n\n\n\n<p class=\"wp-block-paragraph\">\u201cEu acho que todos n\u00f3s somos muito bons. Todos [os pilotos s\u00e3o] \u00f3timos e calmos nos seus carros. Acho que t\u00ednhamos que fazer o nosso trabalho e realmente n\u00e3o olhar muito para os outros\u201d, comentou Rosenqvist.<\/p>\n\n\n\n<p class=\"wp-block-paragraph\">\u201cNaquele momento [quando Marcus Ericsson estava fazendo a sua tomada de tempo], est\u00e1vamos apenas conversando, e quando eu olho para os lados, vejo algumas pessoas comemorando muito cedo. Voc\u00ea sabe\u2026 Eu nunca sei quando tem uma \u2018corrente de ar m\u00e1gica\u2019 colocando Marcus em primeiro. Mas acho que n\u00e3o poder\u00edamos ter feito muito melhor do que fizemos, ent\u00e3o muito obrigado a todos\u201d, encerrou.<\/p>\n\n\n\n<p class=\"wp-block-paragraph\">Os pilotos far\u00e3o mais duas atividades de pista no Texas neste s\u00e1bado. Um treino apenas na parte alta do oval, a partir de 14h45 (de Bras\u00edlia, GMT-3), e o segundo treino livre, \u00e0s 15h30. A largada acontece neste domingo (2), a partir de 13h10.<\/p>\n","protected":false},"excerpt":{"rendered":"<p>Felix Rosenqvist conseguiu a pole-position no GP do Texas da Indy, assim como em 2022. Por\u00e9m, neste ano, piloto sueco v\u00ea equipe mais confiante em conseguir um grande resultado<\/p>\n","protected":false},"author":0,"featured_media":1000668282,"comment_status":"closed","ping_status":"closed","sticky":false,"template":"","format":"standard","meta":{"42wp_featured_image_caption":"","42wp_featured_image_credits":"","42wp_featured_video":"","42wp_featured_image_hidden":false,"42wp_authors_list":[],"footnotes":""},"categories":[3],"tags":[2448,9828,617,417,31686,1848,649,1579,1824,831,334,6190,1825,3144,619,322,1595,3920,34230,3475,267,93,25977,4835,94,32892,2514,1555,4157,791,1569,90,1782,99,265,2188,1331,120,830,732,266,1596,3500,1326,3133],"42wp_author":[47153],"class_list":["post-104294","post","type-post","status-publish","format-standard","has-post-thumbnail","hentry","category-indy","tag-agustin-canapino","tag-alex-palou","tag-alexander-rossi","tag-andretti","tag-benjamin-pedersen","tag-callum-ilott","tag-christian-lundgaard","tag-colton-herta","tag-conor-daly","tag-dale-coyne","tag-david-malukas","tag-devlin-defrancesco","tag-ed-carpenter","tag-felix-rosenqvist","tag-formula-indy","tag-foyt","tag-ganassi","tag-gp-do-texas","tag-gp-do-texas-2023","tag-graham-rahal","tag-helio-castroneves","tag-indy","tag-indy-2023","tag-indy-texas","tag-indycar","tag-indycar-2023","tag-jack-harvey","tag-josef-newgarden","tag-juncos","tag-kyle-kirkwood","tag-marcus-ericsson","tag-mclaren","tag-meyer-shank","tag-pato-oward","tag-penske","tag-rinus-veekay","tag-rll","tag-romain-grosjean","tag-santino-ferrucci","tag-scott-dixon","tag-scott-mclaughlin","tag-simon-pagenaud","tag-sting-ray-robb","tag-takuma-sato","tag-will-power","42wp_author-gabriel-pitor"],"_links":{"self":[{"href":"https:\/\/grandepremio.com\/br\/wp-json\/wp\/v2\/posts\/104294","targetHints":{"allow":["GET"]}}],"collection":[{"href":"https:\/\/grandepremio.com\/br\/wp-json\/wp\/v2\/posts"}],"about":[{"href":"https:\/\/grandepremio.com\/br\/wp-json\/wp\/v2\/types\/post"}],"replies":[{"embeddable":true,"href":"https:\/\/grandepremio.com\/br\/wp-json\/wp\/v2\/comments?post=104294"}],"version-history":[{"count":0,"href":"https:\/\/grandepremio.com\/br\/wp-json\/wp\/v2\/posts\/104294\/revisions"}],"wp:featuredmedia":[{"embeddable":true,"href":"https:\/\/grandepremio.com\/br\/wp-json\/wp\/v2\/media\/1000668282"}],"wp:attachment":[{"href":"https:\/\/grandepremio.com\/br\/wp-json\/wp\/v2\/media?parent=104294"}],"wp:term":[{"taxonomy":"category","embeddable":true,"href":"https:\/\/grandepremio.com\/br\/wp-json\/wp\/v2\/categories?post=104294"},{"taxonomy":"post_tag","embeddable":true,"href":"https:\/\/grandepremio.com\/br\/wp-json\/wp\/v2\/tags?post=104294"},{"taxonomy":"42wp_author","embeddable":true,"href":"https:\/\/grandepremio.com\/br\/wp-json\/wp\/v2\/42wp_author?post=104294"}],"curies":[{"name":"wp","href":"https:\/\/api.w.org\/{rel}","templated":true}]}}