{"id":104314,"date":"2023-04-01T05:44:31","date_gmt":"2023-04-01T08:44:31","guid":{"rendered":"https:\/\/grandepremio.com\/br\/noticias\/speed-trap-velocidades-maximas-classificacao-gp-da-australia-2023\/"},"modified":"2023-04-01T07:00:46","modified_gmt":"2023-04-01T10:00:46","slug":"speed-trap-velocidades-maximas-classificacao-gp-da-australia-2023","status":"publish","type":"post","link":"https:\/\/grandepremio.com\/br\/f1\/speed-trap-velocidades-maximas-classificacao-gp-da-australia-2023\/","title":{"rendered":"Speed Trap: confira velocidades m\u00e1ximas da classifica\u00e7\u00e3o do GP da Austr\u00e1lia de 2023"},"content":{"rendered":"\n<figure class=\"wp-block-embed is-type-video is-provider-youtube wp-block-embed-youtube wp-embed-aspect-16-9 wp-has-aspect-ratio\"><div class=\"wp-block-embed__wrapper\">\n<iframe loading=\"lazy\" title=\"COPIAR RED BULL \u00c9 QUEIMA-FILME PARA MERCEDES\" width=\"500\" height=\"281\" src=\"https:\/\/www.youtube.com\/embed\/0vemYGzIG6w?feature=oembed\" frameborder=\"0\" allow=\"accelerometer; autoplay; clipboard-write; encrypted-media; gyroscope; picture-in-picture; web-share\" referrerpolicy=\"strict-origin-when-cross-origin\" allowfullscreen><\/iframe>\n<\/div><\/figure>\n\n\n\n<p class=\"wp-block-paragraph\">A <strong>F\u00f3rmula 1<\/strong> realizou sua terceira classifica\u00e7\u00e3o da temporada neste s\u00e1bado (1\u00ba), na <strong>Austr\u00e1lia<\/strong>, e o resultado passou longe de surpreender: <strong>Max Verstappen<\/strong>, da <strong>Red Bull<\/strong>, conquistou a primeira posi\u00e7\u00e3o do grid de largada sem problemas. N\u00e3o foi, entretanto, a \u00fanica lideran\u00e7a do holand\u00eas neste segundo dia de atividades em Melbourne, j\u00e1 que o bicampe\u00e3o tamb\u00e9m registrou a velocidade mais alta das sess\u00f5es.<\/p>\n\n\n\n<p class=\"wp-block-paragraph\">Verstappen levou o RB19 a <strong>328,8 km\/h<\/strong>, \u00fanico a passar da casa de 326 km. Para se ter uma ideia, o segundo colocado foi seu companheiro de equipe <strong>Sergio P\u00e9rez<\/strong>, que alcan\u00e7ou <strong>326,7 km\/h<\/strong>. <strong>Alexander Albon<\/strong>, oitavo colocado no grid com a <strong>Williams<\/strong>, fechou o &#8220;p\u00f3dio&#8221; com <strong>325,6 km\/h<\/strong>.<\/p>\n\n\n\n<p class=\"wp-block-paragraph\"><strong>\u25b6\ufe0f&nbsp;<a href=\"https:\/\/www.twitch.tv\/grandepremio\" target=\"_blank\" rel=\"noreferrer noopener\">Conhe\u00e7a o canal do GRANDE PR\u00caMIO na Twitch clicando aqui!<\/a><\/strong><\/p>\n\n\n\n<figure class=\"wp-block-image size-large\"><img decoding=\"async\" src=\"https:\/\/www.grandepremio.com\/br\/wp-content\/uploads\/2023\/04\/redbull-sergioperez-afp-01-1024x665.jpg\" alt=\"\" class=\"wp-image-667578\"\/><figcaption>Fora da classifica\u00e7\u00e3o ainda no Q1, P\u00e9rez anotou a segunda velocidade mais alta do dia na Austr\u00e1lia (Foto: AFP) <\/figcaption><\/figure>\n\n\n\n<p class=\"wp-block-paragraph\"><strong>\u25b6\ufe0f&nbsp;Inscreva-se nos dois canais do GRANDE PR\u00caMIO no YouTube:&nbsp;<a href=\"https:\/\/www.youtube.com\/channel\/UC9OlHEgxoaY6QY6nWPoiqQg?sub_confirmation=1\" target=\"_blank\" rel=\"noreferrer noopener\">GP<\/a>&nbsp;|&nbsp;<a href=\"https:\/\/www.youtube.com\/channel\/UC9csiS6q_C3C0FYhyr1rnFA?sub_confirmation=1\" target=\"_blank\" rel=\"noreferrer noopener\">GP2<\/a><\/strong><\/p>\n\n\n\n<p class=\"wp-block-paragraph\">A velocidade do tailand\u00eas n\u00e3o foi um acaso, e a presen\u00e7a de <strong>Logan Sargeant <\/strong>\u2014 18\u00ba no grid \u2014 na quarta posi\u00e7\u00e3o da lista, com <strong>325,3 km\/h<\/strong>, comprova isso. Em seguida, a <strong>Mercedes <\/strong>colocou seus dois carros em quinto e sexto, com <strong>Lewis Hamilton <\/strong>marcando <strong>324,3 km\/h<\/strong> e <strong>George Russell <\/strong>atingindo <strong>324,2 km\/h<\/strong>.<\/p>\n\n\n\n<p class=\"wp-block-paragraph\">Atr\u00e1s das Flechas de Prata, tr\u00eas equipes diferentes fecharam o top-10: <strong>Lando Norris<\/strong>, da <strong>McLaren<\/strong>, fez <strong>324 km\/h<\/strong>; <strong>Nico H\u00fclkenberg<\/strong>, da <strong>Haas<\/strong>, chegou a <strong>323,9 km\/h<\/strong>; <strong>Pierre Gasly<\/strong>, da <strong>Alpine<\/strong>, marcou <strong>323,8 km\/h<\/strong>; por fim, <strong>Kevin Magnussen<\/strong>, tamb\u00e9m da equipe americana, anotou <strong>323,7 km\/h <\/strong>de velocidade m\u00e1xima.<\/p>\n\n\n\n<p class=\"wp-block-paragraph\">O&nbsp;<strong>GRANDE PR\u00caMIO<\/strong>&nbsp;acompanha todas as atividades do GP da Austr\u00e1lia de&nbsp;<a href=\"https:\/\/www.grandepremio.com\/formula-1\/\" target=\"_blank\" rel=\"noreferrer noopener\"><strong>F\u00f3rmula 1<\/strong><\/a>&nbsp;<a href=\"https:\/\/www.grandepremio.com\/br\/ao-vivo\/\"><strong>AO VIVO<\/strong>&nbsp;e&nbsp;<strong>EM&nbsp;<\/strong><\/a><strong><a href=\"https:\/\/www.grandepremio.com\/br\/ao-vivo\/\" target=\"_blank\" rel=\"noreferrer noopener\">TEMPO REAL<\/a><\/strong>. A largada est\u00e1 marcada para as 2h00 [de Bras\u00edlia, GMT-3] do domingo: o&nbsp;<strong>GP<\/strong>&nbsp;acompanha com&nbsp;<strong>SEGUNDA TELA, em parceria com a VOZ DO ESPORTE<\/strong>.<\/p>\n\n\n\n<h2 class=\"wp-block-heading\" id=\"h-f1-2023-gp-da-australia-classificacao-speed-trap\"><strong>F1\u00a02023, GP da Austr\u00e1lia, Classifica\u00e7\u00e3o, Speed Trap:<\/strong><\/h2>\n\n\n\n<figure class=\"wp-block-table\"><table><tbody><tr><td>1<\/td><td>M VERSTAPPEN<\/td><td>328.8<\/td><\/tr><tr><td>2<\/td><td>S P\u00c9REZ<\/td><td>326.7<\/td><\/tr><tr><td>3<\/td><td>A ALBON<\/td><td>325.6<\/td><\/tr><tr><td>4<\/td><td>L SARGEANT<\/td><td>325.3<\/td><\/tr><tr><td>5<\/td><td>L HAMILTON<\/td><td>324.3<\/td><\/tr><tr><td>6<\/td><td>G RUSSELL<\/td><td>324.2<\/td><\/tr><tr><td>7<\/td><td>L NORRIS<\/td><td>324<\/td><\/tr><tr><td>8<\/td><td>N H\u00dcLKENBERG<\/td><td>323.9<\/td><\/tr><tr><td>9<\/td><td>P GASLY<\/td><td>323.8<\/td><\/tr><tr><td>10<\/td><td>K MAGNUSSEN<\/td><td>323.7<\/td><\/tr><tr><td>11<\/td><td>C LECLERC<\/td><td>323.4<\/td><\/tr><tr><td>12<\/td><td>L STROLL<\/td><td>322.5<\/td><\/tr><tr><td>13<\/td><td>F ALONSO<\/td><td>322.2<\/td><\/tr><tr><td>14<\/td><td>C SAINZ<\/td><td>322<\/td><\/tr><tr><td>15<\/td><td>E OCON<\/td><td>321.9<\/td><\/tr><tr><td>16<\/td><td>Y TSUNODA<\/td><td>321.2<\/td><\/tr><tr><td>17<\/td><td>O PIASTRI<\/td><td>321.1<\/td><\/tr><tr><td>18<\/td><td>N DE VRIES<\/td><td>320.8<\/td><\/tr><tr><td>19<\/td><td>G ZHOU<\/td><td>319.1<\/td><\/tr><tr><td>20<\/td><td>V BOTTAS<\/td><td>319<\/td><\/tr><\/tbody><\/table><\/figure>\n","protected":false},"excerpt":{"rendered":"<p>Max Verstappen n\u00e3o apenas conquistou a pole-position do GP da Austr\u00e1lia, mas tamb\u00e9m registrou a maior velocidade m\u00e1xima da classifica\u00e7\u00e3o em Melbourne. Sergio P\u00e9rez aparece logo atr\u00e1s<\/p>\n","protected":false},"author":0,"featured_media":1000667531,"comment_status":"closed","ping_status":"closed","sticky":false,"template":"","format":"standard","meta":{"42wp_featured_image_caption":"","42wp_featured_image_credits":"","42wp_featured_video":"","42wp_featured_image_hidden":false,"42wp_authors_list":[],"footnotes":""},"categories":[2],"tags":[147,6533,180,1753,1491,30103,28285,1757,1998],"42wp_author":[47142],"class_list":["post-104314","post","type-post","status-publish","format-standard","has-post-thumbnail","hentry","category-f1","tag-f1","tag-f1-2023","tag-formula-1","tag-gp-da-australia","tag-grande-premio","tag-grande-premio-f1","tag-grandepremio","tag-melbourne","tag-speed-trap","42wp_author-jp-nascimento"],"_links":{"self":[{"href":"https:\/\/grandepremio.com\/br\/wp-json\/wp\/v2\/posts\/104314","targetHints":{"allow":["GET"]}}],"collection":[{"href":"https:\/\/grandepremio.com\/br\/wp-json\/wp\/v2\/posts"}],"about":[{"href":"https:\/\/grandepremio.com\/br\/wp-json\/wp\/v2\/types\/post"}],"replies":[{"embeddable":true,"href":"https:\/\/grandepremio.com\/br\/wp-json\/wp\/v2\/comments?post=104314"}],"version-history":[{"count":0,"href":"https:\/\/grandepremio.com\/br\/wp-json\/wp\/v2\/posts\/104314\/revisions"}],"wp:featuredmedia":[{"embeddable":true,"href":"https:\/\/grandepremio.com\/br\/wp-json\/wp\/v2\/media\/1000667531"}],"wp:attachment":[{"href":"https:\/\/grandepremio.com\/br\/wp-json\/wp\/v2\/media?parent=104314"}],"wp:term":[{"taxonomy":"category","embeddable":true,"href":"https:\/\/grandepremio.com\/br\/wp-json\/wp\/v2\/categories?post=104314"},{"taxonomy":"post_tag","embeddable":true,"href":"https:\/\/grandepremio.com\/br\/wp-json\/wp\/v2\/tags?post=104314"},{"taxonomy":"42wp_author","embeddable":true,"href":"https:\/\/grandepremio.com\/br\/wp-json\/wp\/v2\/42wp_author?post=104314"}],"curies":[{"name":"wp","href":"https:\/\/api.w.org\/{rel}","templated":true}]}}