{"id":104322,"date":"2023-04-01T04:14:59","date_gmt":"2023-04-01T07:14:59","guid":{"rendered":"https:\/\/grandepremio.com\/br\/noticias\/fernando-alonso-muitas-incognitas-australia-provoca-mercedes-vamos-ver-larga-bem\/"},"modified":"2023-04-01T04:27:32","modified_gmt":"2023-04-01T07:27:32","slug":"fernando-alonso-muitas-incognitas-australia-provoca-mercedes-vamos-ver-larga-bem","status":"publish","type":"post","link":"https:\/\/grandepremio.com\/br\/f1\/fernando-alonso-muitas-incognitas-australia-provoca-mercedes-vamos-ver-larga-bem\/","title":{"rendered":"Alonso v\u00ea &#8220;muitas inc\u00f3gnitas&#8221; para Austr\u00e1lia e provoca Mercedes: &#8220;Vamos ver se larga bem&#8221;"},"content":{"rendered":"\n<figure class=\"wp-block-embed is-type-video is-provider-youtube wp-block-embed-youtube wp-embed-aspect-16-9 wp-has-aspect-ratio\"><div class=\"wp-block-embed__wrapper\">\n<iframe loading=\"lazy\" title=\"F1 2023: VERSTAPPEN POLE. MERCEDES CHEGOU? CLASSIFICA\u00c7\u00c3O NA AUSTR\u00c1LIA | Briefing\" width=\"500\" height=\"281\" src=\"https:\/\/www.youtube.com\/embed\/vpwWefc9FkI?feature=oembed\" frameborder=\"0\" allow=\"accelerometer; autoplay; clipboard-write; encrypted-media; gyroscope; picture-in-picture; web-share\" referrerpolicy=\"strict-origin-when-cross-origin\" allowfullscreen><\/iframe>\n<\/div><\/figure>\n\n\n\n<p class=\"wp-block-paragraph\">A <strong>Aston Martin<\/strong> trouxe tanta expectativa neste in\u00edcio de <strong>temporada 2023 da F\u00f3rmula 1 <\/strong>que ver <strong>Fernando Alonso <\/strong>em quarto, atr\u00e1s da <strong>Mercedes<\/strong> no grid para o<strong> GP da Austr\u00e1lia<\/strong>, causou surpresa. O bicampe\u00e3o, no entanto, acredita que ningu\u00e9m est\u00e1 totalmente pronto para a corrida, principalmente ap\u00f3s a sexta-feira atrapalhada pela chuva.<\/p>\n\n\n\n<p class=\"wp-block-paragraph\">No TL2, Alonso liderou a sess\u00e3o quando a pista de <strong>Melbourne<\/strong> ainda estava seca. A chuva ainda chegou a amea\u00e7ar perto do fim do Q3, mas como a previs\u00e3o \u00e9 de sol para domingo, o espanhol v\u00ea as equipes ainda rodeadas de incertezas quanto ao melhor acerto e estrat\u00e9gia.<\/p>\n\n\n\n<p class=\"wp-block-paragraph\"><strong>\u25b6\ufe0f\u00a0Inscreva-se nos dois canais do GRANDE PR\u00caMIO no YouTube:\u00a0<a href=\"https:\/\/www.youtube.com\/channel\/UC9OlHEgxoaY6QY6nWPoiqQg?sub_confirmation=1\" target=\"_blank\" rel=\"noreferrer noopener\">GP<\/a>\u00a0|\u00a0<a href=\"https:\/\/www.youtube.com\/channel\/UC9csiS6q_C3C0FYhyr1rnFA?sub_confirmation=1\" target=\"_blank\" rel=\"noreferrer noopener\">GP2<\/a><\/strong><br><strong>\u25b6\ufe0f\u00a0<a href=\"https:\/\/www.twitch.tv\/grandepremio\" target=\"_blank\" rel=\"noreferrer noopener\">Conhe\u00e7a o canal do GRANDE PR\u00caMIO na Twitch clicando aqui!<\/a><\/strong><\/p>\n\n\n\n<figure class=\"wp-block-image size-large\"><img decoding=\"async\" src=\"https:\/\/www.grandepremio.com\/br\/wp-content\/uploads\/2023\/04\/astonmartin-fernandoalonso-afp-03-1024x683.jpg\" alt=\"\" class=\"wp-image-667554\"\/><figcaption>Fernando Alonso n\u00e3o perdeu a chance de provocar a rival Mercedes (Foto: AFP)<\/figcaption><\/figure>\n\n\n\n<p class=\"wp-block-paragraph\">&#8220;Acho que h\u00e1 muitas inc\u00f3gnitas para a corrida depois de perdermos o TL2&#8221;, avaliou Fernando. &#8220;E ainda mais que a temperatura ser\u00e1 muito diferente amanh\u00e3. Acho que vai estar ensolarado. Em termos de estrat\u00e9gia e prepara\u00e7\u00e3o de corrida, ningu\u00e9m est\u00e1 totalmente pronto ainda&#8221;, acrescentou.<\/p>\n\n\n\n<p class=\"wp-block-paragraph\">Alonso perdeu o terceiro posto para <strong>Lewis Hamilton <\/strong>por apenas 0s035 \u2014 o ingl\u00eas, inclusive, n\u00e3o escondeu a surpresa ap\u00f3s ver os dois carros da Mercedes apenas atr\u00e1s de <strong>Max Verstappen<\/strong> \u2014, mas n\u00e3o perdeu a oportunidade de dar aquela cutucada na equipe alem\u00e3.<\/p>\n\n\n\n<p class=\"wp-block-paragraph\">&#8220;\u00c9 uma corrida para descobrir quem ter\u00e1 o melhor ritmo e o melhor gerenciamento. Vamos ver se a Mercedes consegue fazer uma boa largada e parar Max de alguma forma. Ou ser\u00e1 uma corrida entediante para eles&#8221;, provocou.<\/p>\n\n\n\n<p class=\"wp-block-paragraph\">O\u00a0<strong>GRANDE PR\u00caMIO<\/strong>\u00a0acompanha todas as atividades do GP da Austr\u00e1lia de\u00a0<a href=\"https:\/\/www.grandepremio.com\/formula-1\/\" target=\"_blank\" rel=\"noreferrer noopener\"><strong>F\u00f3rmula 1<\/strong><\/a><a href=\"https:\/\/www.grandepremio.com\/br\/ao-vivo\/\"><strong>AO VIVO<\/strong>\u00a0e\u00a0<strong>EM\u00a0<\/strong><\/a><strong><a href=\"https:\/\/www.grandepremio.com\/br\/ao-vivo\/\" target=\"_blank\" rel=\"noreferrer noopener\">TEMPO REAL<\/a><\/strong>. A largada est\u00e1 marcada para as 2h00 (de Bras\u00edlia, GMT-3) do domingo: o\u00a0<strong>GP<\/strong>\u00a0acompanha com\u00a0<strong>SEGUNDA TELA, em parceria com a VOZ DO ESPORTE<\/strong>.<\/p>\n","protected":false},"excerpt":{"rendered":"<p>Fernando Alonso foi desbancado pela dupla da Mercedes na classifica\u00e7\u00e3o deste s\u00e1bado (1) para o GP da Austr\u00e1lia e larga em quarto com a Aston Martin<\/p>\n","protected":false},"author":0,"featured_media":1000667556,"comment_status":"closed","ping_status":"closed","sticky":false,"template":"","format":"standard","meta":{"42wp_featured_image_caption":"","42wp_featured_image_credits":"","42wp_featured_video":"","42wp_featured_image_hidden":false,"42wp_authors_list":[],"footnotes":""},"categories":[2],"tags":[4346,309,6533,176,30722,1753,34197,1491,30103,28285,1757],"42wp_author":[47147],"class_list":["post-104322","post","type-post","status-publish","format-standard","has-post-thumbnail","hentry","category-f1","tag-albert-park","tag-aston-martin","tag-f1-2023","tag-fernando-alonso","tag-formula-1-2023","tag-gp-da-australia","tag-gp-de-melbourne","tag-grande-premio","tag-grande-premio-f1","tag-grandepremio","tag-melbourne","42wp_author-luana-marino"],"_links":{"self":[{"href":"https:\/\/grandepremio.com\/br\/wp-json\/wp\/v2\/posts\/104322","targetHints":{"allow":["GET"]}}],"collection":[{"href":"https:\/\/grandepremio.com\/br\/wp-json\/wp\/v2\/posts"}],"about":[{"href":"https:\/\/grandepremio.com\/br\/wp-json\/wp\/v2\/types\/post"}],"replies":[{"embeddable":true,"href":"https:\/\/grandepremio.com\/br\/wp-json\/wp\/v2\/comments?post=104322"}],"version-history":[{"count":0,"href":"https:\/\/grandepremio.com\/br\/wp-json\/wp\/v2\/posts\/104322\/revisions"}],"wp:featuredmedia":[{"embeddable":true,"href":"https:\/\/grandepremio.com\/br\/wp-json\/wp\/v2\/media\/1000667556"}],"wp:attachment":[{"href":"https:\/\/grandepremio.com\/br\/wp-json\/wp\/v2\/media?parent=104322"}],"wp:term":[{"taxonomy":"category","embeddable":true,"href":"https:\/\/grandepremio.com\/br\/wp-json\/wp\/v2\/categories?post=104322"},{"taxonomy":"post_tag","embeddable":true,"href":"https:\/\/grandepremio.com\/br\/wp-json\/wp\/v2\/tags?post=104322"},{"taxonomy":"42wp_author","embeddable":true,"href":"https:\/\/grandepremio.com\/br\/wp-json\/wp\/v2\/42wp_author?post=104322"}],"curies":[{"name":"wp","href":"https:\/\/api.w.org\/{rel}","templated":true}]}}