{"id":104333,"date":"2023-03-31T21:31:36","date_gmt":"2023-04-01T00:31:36","guid":{"rendered":"https:\/\/grandepremio.com\/br\/noticias\/formula-1-realiza-classificacao-gp-da-australia-tarde-baixa-temperatura\/"},"modified":"2023-03-31T22:11:22","modified_gmt":"2023-04-01T01:11:22","slug":"formula-1-realiza-classificacao-gp-da-australia-tarde-baixa-temperatura","status":"publish","type":"post","link":"https:\/\/grandepremio.com\/br\/f1\/formula-1-realiza-classificacao-gp-da-australia-tarde-baixa-temperatura\/","title":{"rendered":"F\u00f3rmula 1 realiza classifica\u00e7\u00e3o do GP da Austr\u00e1lia em tarde de baixa temperatura"},"content":{"rendered":"\n<figure class=\"wp-block-embed is-type-video is-provider-youtube wp-block-embed-youtube wp-embed-aspect-16-9 wp-has-aspect-ratio\"><div class=\"wp-block-embed__wrapper\">\n<iframe loading=\"lazy\" title=\"F1 2023: ALONSO LIDERA TREINOS LIVRES COM CHUVA NA AUSTR\u00c1LIA | Briefing\" width=\"500\" height=\"281\" src=\"https:\/\/www.youtube.com\/embed\/Kj34tdMFIVM?feature=oembed\" frameborder=\"0\" allow=\"accelerometer; autoplay; clipboard-write; encrypted-media; gyroscope; picture-in-picture; web-share\" referrerpolicy=\"strict-origin-when-cross-origin\" allowfullscreen><\/iframe>\n<\/div><figcaption>\ud83d\udd34F1 2O23 AO VIVO: TREINOS LIVRES GP DA AUSTR\u00c1LIA | Briefing<\/figcaption><\/figure>\n\n\n\n<p class=\"wp-block-paragraph\">\u00c9 dia de formar o grid de largada do <strong>GP da Austr\u00e1lia<\/strong>! A <strong>F\u00f3rmula 1<\/strong> retorna \u00e0 pista do <strong>Albert Park<\/strong>, nos sub\u00farbios de <strong>Melbourne<\/strong>, para o s\u00e1bado (1) de <strong>classifica\u00e7\u00e3o<\/strong> da edi\u00e7\u00e3o 2023 da prova australiana. Se a chuva \u00e9 amea\u00e7a ao longo do dia, n\u00e3o tende a ser para o momento da defini\u00e7\u00e3o do grid. Mas a temperatura fica baixa.<\/p>\n\n\n\n<p class=\"wp-block-paragraph\">A classifica\u00e7\u00e3o est\u00e1 marcada para as 16h locais [2h de Bras\u00edlia, GMT-3]. A expectativa para o momento do princ\u00edpio da tomada de tempos \u00e9 que o sol apare\u00e7a um pouco entre muitas nuvens, mas a temperatura n\u00e3o passe de 15\u00b0C. A sensa\u00e7\u00e3o t\u00e9rmica fica ainda mais baixa que isso, em 12\u00b0C, com possibilidade de varia\u00e7\u00e3o para 13\u00b0C na parte final.<\/p>\n\n\n\n<p class=\"wp-block-paragraph\">Al\u00e9m disso, a for\u00e7a dos ventos \u00e9 consider\u00e1vel: 22 km\/h de m\u00e9dia e rajadas de at\u00e9 39 km\/h, com a umidade relativa do ar em 65%. A chances de chuva, entretanto, fica em somente 4%. As informa\u00e7\u00f5es s\u00e3o do servi\u00e7o de meteorologia Accuweather.<\/p>\n\n\n\n<p class=\"wp-block-paragraph\"><strong>\u25b6\ufe0f\u00a0Inscreva-se nos dois canais do GRANDE PR\u00caMIO no YouTube:\u00a0<a href=\"https:\/\/www.youtube.com\/channel\/UC9OlHEgxoaY6QY6nWPoiqQg?sub_confirmation=1\" target=\"_blank\" rel=\"noreferrer noopener\">GP<\/a>\u00a0|\u00a0<a href=\"https:\/\/www.youtube.com\/channel\/UC9csiS6q_C3C0FYhyr1rnFA?sub_confirmation=1\" target=\"_blank\" rel=\"noreferrer noopener\">GP2<\/a><\/strong><br><strong>\u25b6\ufe0f\u00a0<a href=\"https:\/\/www.twitch.tv\/grandepremio\" target=\"_blank\" rel=\"noreferrer noopener\" class=\"ek-link\">Conhe\u00e7a o canal do GRANDE PR\u00caMIO na Twitch clicando aqui!<\/a><\/strong><\/p>\n\n\n\n<figure class=\"wp-block-image size-large\"><img decoding=\"async\" src=\"https:\/\/www.grandepremio.com\/br\/wp-content\/uploads\/2023\/03\/astonmartin-fernandoalonso-afp-02-10-1024x683.jpg\" alt=\"\" class=\"wp-image-666831\"\/><figcaption>Fernando Alonso liderou o TL2 da sexta-feira (Foto: AFP)<\/figcaption><\/figure>\n\n\n\n<p class=\"wp-block-paragraph\">Antes disso, a F\u00f3rmula 1 realiza o <strong>terceiro e \u00faltimo treino livre<\/strong> \u00e0s 12h30 locais [22h30 da sexta, segundo o Hor\u00e1rio de Bras\u00edlia]. A expectativa \u00e9 que a temperatura fique em 13\u00b0C, com varia\u00e7\u00e3o poss\u00edvel para 14\u00b0C, mas sensa\u00e7\u00e3o t\u00e9rmica em 10\u00b0C.<\/p>\n\n\n\n<p class=\"wp-block-paragraph\">O treino, por\u00e9m, vive a amea\u00e7a da chuva. As chances para o come\u00e7o da sess\u00e3o s\u00e3o de 49%, seguido para 55% e na segunda metade. Os ventos ficam em 20 km\/h de m\u00e9dia, rajadas de at\u00e9 35 km\/h e umidade relativa do ar em 72%.<\/p>\n\n\n\n<p class=\"wp-block-paragraph\">O\u00a0<strong>GRANDE PR\u00caMIO<\/strong>\u00a0acompanha todas as atividades do GP da Austr\u00e1lia de\u00a0<a href=\"https:\/\/www.grandepremio.com\/formula-1\/\" target=\"_blank\" rel=\"noreferrer noopener\" class=\"ek-link\"><strong>F\u00f3rmula 1<\/strong><\/a>\u00a0<a href=\"https:\/\/www.grandepremio.com\/br\/ao-vivo\/\"><strong>AO VIVO<\/strong>\u00a0e\u00a0<strong>EM\u00a0<\/strong><\/a><strong><a href=\"https:\/\/www.grandepremio.com\/br\/ao-vivo\/\" target=\"_blank\" rel=\"noreferrer noopener\">TEMPO REAL<\/a><\/strong>. O GP tamb\u00e9m acompanha a classifica\u00e7\u00e3o com <strong><a href=\"https:\/\/www.youtube.com\/watch?v=TE5KkbGFnGU\" class=\"ek-link\">TRANSMISS\u00c3O EM\u00a0SEGUNDA TELA<\/a><\/strong>.<\/p>\n\n\n\n<figure class=\"wp-block-video\"><video class=\"video-js vjs-big-play-centered\" data-gp-vjs=\"1\" controls poster=\"https:\/\/www.grandepremio.com\/br\/wp-content\/uploads\/2023\/03\/3eH2_kUYVSuVZNtN-poster.jpeg\" src=\"https:\/\/www.grandepremio.com\/br\/wp-content\/uploads\/2023\/03\/3eH2_kUYVSuVZNtN.mp4\"><\/video><figcaption>Tsunoda perdeu o controle de sua AlphaTauri e passou perto de uma batida na Austr\u00e1lia (V\u00eddeo: F1TV)<\/figcaption><\/figure>\n","protected":false},"excerpt":{"rendered":"<p>Depois do fim da tarde de Melbourne guardar chuva na sexta-feira, o s\u00e1bado mostra somente baixas temperaturas para a F\u00f3rmula 1<\/p>\n","protected":false},"author":0,"featured_media":1000666805,"comment_status":"closed","ping_status":"closed","sticky":false,"template":"","format":"standard","meta":{"42wp_featured_image_caption":"","42wp_featured_image_credits":"","42wp_featured_video":"","42wp_featured_image_hidden":false,"42wp_authors_list":[],"footnotes":""},"categories":[2],"tags":[4346,6106,2032,6533,34196,34195,30722,1753,34197,1491,30103,28285,1757,2033],"42wp_author":[47120],"class_list":["post-104333","post","type-post","status-publish","format-standard","has-post-thumbnail","hentry","category-f1","tag-albert-park","tag-australia","tag-clima","tag-f1-2023","tag-f1-da-australia","tag-f1-melbourne","tag-formula-1-2023","tag-gp-da-australia","tag-gp-de-melbourne","tag-grande-premio","tag-grande-premio-f1","tag-grandepremio","tag-melbourne","tag-temperatura","42wp_author-pedro-henrique-marum"],"_links":{"self":[{"href":"https:\/\/grandepremio.com\/br\/wp-json\/wp\/v2\/posts\/104333","targetHints":{"allow":["GET"]}}],"collection":[{"href":"https:\/\/grandepremio.com\/br\/wp-json\/wp\/v2\/posts"}],"about":[{"href":"https:\/\/grandepremio.com\/br\/wp-json\/wp\/v2\/types\/post"}],"replies":[{"embeddable":true,"href":"https:\/\/grandepremio.com\/br\/wp-json\/wp\/v2\/comments?post=104333"}],"version-history":[{"count":0,"href":"https:\/\/grandepremio.com\/br\/wp-json\/wp\/v2\/posts\/104333\/revisions"}],"wp:featuredmedia":[{"embeddable":true,"href":"https:\/\/grandepremio.com\/br\/wp-json\/wp\/v2\/media\/1000666805"}],"wp:attachment":[{"href":"https:\/\/grandepremio.com\/br\/wp-json\/wp\/v2\/media?parent=104333"}],"wp:term":[{"taxonomy":"category","embeddable":true,"href":"https:\/\/grandepremio.com\/br\/wp-json\/wp\/v2\/categories?post=104333"},{"taxonomy":"post_tag","embeddable":true,"href":"https:\/\/grandepremio.com\/br\/wp-json\/wp\/v2\/tags?post=104333"},{"taxonomy":"42wp_author","embeddable":true,"href":"https:\/\/grandepremio.com\/br\/wp-json\/wp\/v2\/42wp_author?post=104333"}],"curies":[{"name":"wp","href":"https:\/\/api.w.org\/{rel}","templated":true}]}}