{"id":104358,"date":"2023-03-31T08:35:00","date_gmt":"2023-03-31T11:35:00","guid":{"rendered":"https:\/\/grandepremio.com\/br\/noticias\/5-coisas-que-aprendemos-na-sexta-feira-do-gp-da-australia-da-f1-2023\/"},"modified":"2023-03-31T08:35:57","modified_gmt":"2023-03-31T11:35:57","slug":"5-coisas-que-aprendemos-na-sexta-feira-do-gp-da-australia-da-f1-2023","status":"publish","type":"post","link":"https:\/\/grandepremio.com\/br\/f1\/5-coisas-que-aprendemos-na-sexta-feira-do-gp-da-australia-da-f1-2023\/","title":{"rendered":"5 coisas que aprendemos na sexta-feira do GP da Austr\u00e1lia da F1 2023"},"content":{"rendered":"\n<figure class=\"wp-block-embed is-type-video is-provider-youtube wp-block-embed-youtube wp-embed-aspect-16-9 wp-has-aspect-ratio\"><div class=\"wp-block-embed__wrapper\">\n<iframe loading=\"lazy\" title=\"F1 2023: ALONSO LIDERA TREINOS LIVRES COM CHUVA NA AUSTR\u00c1LIA | Briefing\" width=\"500\" height=\"281\" src=\"https:\/\/www.youtube.com\/embed\/Kj34tdMFIVM?feature=oembed\" frameborder=\"0\" allow=\"accelerometer; autoplay; clipboard-write; encrypted-media; gyroscope; picture-in-picture; web-share\" referrerpolicy=\"strict-origin-when-cross-origin\" allowfullscreen><\/iframe>\n<\/div><\/figure>\n\n\n\n<p class=\"wp-block-paragraph\">Foi&nbsp;<strong><a href=\"https:\/\/es.grandepremio.com\/\" target=\"_blank\" rel=\"noreferrer noopener\"><\/a><a href=\"https:\/\/www.grandepremio.com\/br\/piloto\/fernando-alonso\/\" target=\"_blank\" rel=\"noreferrer noopener\">Fernando Alonso<\/a><\/strong>&nbsp;quem&nbsp;<a href=\"https:\/\/www.grandepremio.com\/br\/f1\/noticias\/fernando-alonso-lidera-tl2-20-minutos-afetado-pela-chuva-gp-da-australia-formula-1\/\" class=\"ek-link\">terminou na lideran\u00e7a do segundo treino livre<\/a>&nbsp;do&nbsp;<strong>GP da Austr\u00e1lia<\/strong>&nbsp;de&nbsp;<strong><a href=\"https:\/\/www.grandepremio.com\/formula-1\/\" target=\"_blank\" rel=\"noreferrer noopener\">F\u00f3rmula 1<\/a><\/strong>, realizado na tarde australiana \u2014 madrugada brasileira \u2014 desta sexta-feira (31). O piloto da&nbsp;<strong>Aston Martin<\/strong>&nbsp;ficou com a ponta, mas n\u00e3o h\u00e1 muito a tirar do rendimento dos carros. O motivo? Quem brilhou mesmo foi a chuva.<\/p>\n\n\n\n<p class=\"wp-block-paragraph\">A realidade \u00e9 que o tempo de pista seca foi de mais ou menos 20 minutos. Quase no fim dos 20, Alonso conseguiu anotar 1min18s887, ainda usando pneus m\u00e9dios, e terminou na dianteira. Somente&nbsp;<strong><a href=\"https:\/\/www.grandepremio.com\/br\/piloto\/sergio-prez\/\" target=\"_blank\" rel=\"noreferrer noopener\">Sergio P\u00e9rez<\/a><\/strong>&nbsp;e&nbsp;<strong><a href=\"https:\/\/www.grandepremio.com\/br\/piloto\/alexander-albon\/\" target=\"_blank\" rel=\"noreferrer noopener\"><\/a><a href=\"https:\/\/www.grandepremio.com\/br\/piloto\/alexander-albon\/\" target=\"_blank\" rel=\"noreferrer noopener\">Alexander Albon<\/a><\/strong>&nbsp;chegaram a colocar os macios, mas a pista j\u00e1 n\u00e3o estava para eles.<\/p>\n\n\n\n<p class=\"wp-block-paragraph\">Por quase 40 minutos, a chuva caiu e acabou mexendo com o tra\u00e7ado. Os pilotos passaram a andar de pneus intermedi\u00e1rios e n\u00e3o mais tiraram tempo representativo para a tabela. No TL2, ao menos, n\u00e3o teve problema com o sistema de GPS,&nbsp;<a href=\"https:\/\/www.grandepremio.com\/br\/f1\/noticias\/fia-paralisa-tl1-gp-da-australia-problema-tecnico-gps\/\">como aconteceu na atividade da manh\u00e3<\/a>.<\/p>\n\n\n\n<p class=\"wp-block-paragraph\"><strong><a href=\"https:\/\/www.grandepremio.com\/br\/piloto\/charles-leclerc\/\" target=\"_blank\" rel=\"noreferrer noopener\">Charles Leclerc<\/a><\/strong>\u00a0foi segundo colocado, com 0s445 de desvantagem para Alonso.\u00a0<strong><a href=\"https:\/\/www.grandepremio.com\/br\/piloto\/max-verstappen\/\" target=\"_blank\" rel=\"noreferrer noopener\">Max Verstappen<\/a><\/strong>, que\u00a0<a href=\"https:\/\/www.grandepremio.com\/br\/f1\/noticias\/max-verstappen-abre-frente-lidera-tl1-gp-da-australia-falha-gps-causa-interrupcao\/\">dominou o TL1<\/a>,\u00a0foi terceiro, seguido por\u00a0<strong>George Russell<\/strong>,\u00a0<strong>Carlos Sainz<\/strong>,\u00a0<strong><a href=\"https:\/\/www.grandepremio.com\/br\/piloto\/esteban-ocon\/\" target=\"_blank\" rel=\"noreferrer noopener\">Esteban Ocon<\/a><\/strong>,\u00a0<strong><a href=\"https:\/\/www.grandepremio.com\/br\/piloto\/sergio-prez\/\" target=\"_blank\" rel=\"noreferrer noopener\" class=\"ek-link\">Sergio P\u00e9rez<\/a><\/strong>,\u00a0<strong><a href=\"https:\/\/www.grandepremio.com\/br\/piloto\/lando-norris\/\" target=\"_blank\" rel=\"noreferrer noopener\">Lando Norris<\/a><\/strong>,\u00a0<strong><a href=\"https:\/\/www.grandepremio.com\/br\/piloto\/nico-hlkenberg\/\" target=\"_blank\" rel=\"noreferrer noopener\">Nico H\u00fclkenberg<\/a><\/strong>\u00a0e\u00a0<strong><a href=\"https:\/\/www.grandepremio.com\/br\/piloto\/pierre-gasly\/\" target=\"_blank\" rel=\"noreferrer noopener\"><\/a><a href=\"https:\/\/www.grandepremio.com\/br\/piloto\/pierre-gasly\/\" target=\"_blank\" rel=\"noreferrer noopener\">Pierre Gasly<\/a><\/strong>. <strong>Lewis Hamilton<\/strong>, segundo do TL1, foi s\u00f3 13\u00ba no TL2.<\/p>\n\n\n\n<figure class=\"wp-block-image size-large\"><img decoding=\"async\" src=\"https:\/\/www.grandepremio.com\/br\/wp-content\/uploads\/2023\/03\/astonmartin-fernandoalonso-afp-01-13-scaled-e1680248290622-1024x618.jpg\" alt=\"\" class=\"wp-image-666817\"\/><figcaption>Fernando Alonso foi o mais r\u00e1pido do TL2 na Austr\u00e1lia (Foto: AFP)<\/figcaption><\/figure>\n\n\n\n<p class=\"wp-block-paragraph\">Diante deste cen\u00e1rio, o&nbsp;<strong>GRANDE PR\u00caMIO<\/strong>&nbsp;aponta cinco coisas que aprendemos na sexta-feira da terceira etapa da temporada da&nbsp;<a href=\"https:\/\/www.grandepremio.com\/formula-1\/\" target=\"_blank\" rel=\"noreferrer noopener\">F1&nbsp;<\/a>2023, na Austr\u00e1lia:<\/p>\n\n\n\n<p class=\"wp-block-paragraph\"><strong>N\u00e3o adianta fingir: a chuva roubou a cena<\/strong><\/p>\n\n\n\n<p class=\"wp-block-paragraph\">A gente vai fazer aqui nossa an\u00e1lise, tudo certo, mas precisamos ser honestos: a chuva atrapalhou e muito as coisas. Dois ter\u00e7os do TL2, a sess\u00e3o que mais reflete na classifica\u00e7\u00e3o, totalmente tomados pela pista molhada. Complicad\u00edssimo. Pode ser que torne as coisas um pouco mais lot\u00e9ricas na defini\u00e7\u00e3o do grid.<\/p>\n\n\n\n<p class=\"wp-block-paragraph\"><strong>Red Bull domina a parada at\u00e9 quando diz que errou<\/strong><\/p>\n\n\n\n<p class=\"wp-block-paragraph\">Verstappen reclamou de falta de ader\u00eancia, Helmut Marko diz que a Red Bull errou no acerto do holand\u00eas e, no fim das contas, foi Max quem liderou o TL1, a sess\u00e3o da pista seca. N\u00e3o adianta, \u00e9 realmente s\u00f3 a confiabilidade que pode colocar o time em risco. Em performance, at\u00e9 errando acerto, dom\u00ednio total e absoluto na F1 2023.<\/p>\n\n\n\n<figure class=\"wp-block-image size-large\"><img decoding=\"async\" src=\"https:\/\/www.grandepremio.com\/br\/wp-content\/uploads\/2023\/03\/ferrari-charlesleclerc-01-11-1024x683.jpg\" alt=\"\" class=\"wp-image-666804\"\/><figcaption>Charles Leclerc andou forte na sexta-feira (Foto: Ferrari)<\/figcaption><\/figure>\n\n\n\n<p class=\"wp-block-paragraph\"><strong>Aston Martin fort\u00edssima de novo, vem para tentar mais um p\u00f3dio<\/strong><\/p>\n\n\n\n<p class=\"wp-block-paragraph\">Ainda que a chuva tenha atrapalhado, deu para ver de novo um Alonso muito forte &#8211; inclusive liderando o encurtado TL2. \u00c9 a Aston Martin, mais uma vez, a equipe que surge mais pr\u00f3xima de tentar encerrar o dom\u00ednio da Red Bull. Pelo menos com outro p\u00f3dio d\u00e1 para sonhar, sim.<\/p>\n\n\n\n<p class=\"wp-block-paragraph\"><strong>Ferrari finalmente se anima. Agora vai?<\/strong><\/p>\n\n\n\n<p class=\"wp-block-paragraph\">Admita: voc\u00ea j\u00e1 nem lembrava mais como era a vers\u00e3o animada de Leclerc. Mas ela apareceu na sexta-feira da Austr\u00e1lia! Agora \u00e9 ver se finalmente a Ferrari pega no tranco, j\u00e1 que as impress\u00f5es deixadas no primeiro dia s\u00e3o positivas, depois de tantas frustra\u00e7\u00f5es. Parece um carro mais bem acertadinho, sim.<\/p>\n\n\n\n<p class=\"wp-block-paragraph\"><strong>Hamilton desanimado de novo: Mercedes deve decepcionar outra vez<\/strong><\/p>\n\n\n\n<p class=\"wp-block-paragraph\">Se Russell saiu falando em boas novidades, Lewis Hamilton garantiu que a Mercedes fez mudan\u00e7as que n\u00e3o surtiram efeito. E, vamos l\u00e1, o papo \u00e9 que apenas na Em\u00edlia-Romanha as atualiza\u00e7\u00f5es v\u00e3o aparecer e a sorte do time pode mudar, n\u00e9? Ent\u00e3o, \u00e9 bom esperar mais uma etapa de sofrimento para os ex-prateados.<\/p>\n\n\n\n<p class=\"wp-block-paragraph\">O&nbsp;<strong>GRANDE PR\u00caMIO<\/strong>&nbsp;acompanha todas as atividades do GP da Austr\u00e1lia de&nbsp;<a href=\"https:\/\/www.grandepremio.com\/formula-1\/\" target=\"_blank\" rel=\"noreferrer noopener\">F\u00f3rmula 1<\/a>&nbsp;<a href=\"https:\/\/www.grandepremio.com\/br\/ao-vivo\/\"><strong>AO VIVO<\/strong>&nbsp;e&nbsp;<strong>EM&nbsp;<\/strong><\/a><strong><a href=\"https:\/\/www.grandepremio.com\/br\/ao-vivo\/\" target=\"_blank\" rel=\"noreferrer noopener\">TEMPO REAL<\/a><\/strong>. O fim de semana continua com o TL3, marcado para as 22h30 [de Bras\u00edlia, GMT-3], da sexta-feira. Pouco depois, \u00e0s 2h do s\u00e1bado, a classifica\u00e7\u00e3o, que o GP tamb\u00e9m acompanha com&nbsp;<strong>SEGUNDA TELA<\/strong>.<\/p>\n\n\n\n<figure class=\"wp-block-embed is-type-video is-provider-youtube wp-block-embed-youtube wp-embed-aspect-16-9 wp-has-aspect-ratio\"><div class=\"wp-block-embed__wrapper\">\n<iframe loading=\"lazy\" title=\"HAMILTON FELIZ COM BRASIL E MERCEDES + ALONSO \u00c9 MAGIA: A F1 NA AUSTR\u00c1LIA | WGP\" width=\"500\" height=\"281\" src=\"https:\/\/www.youtube.com\/embed\/mSI5mN6Htr0?feature=oembed\" frameborder=\"0\" allow=\"accelerometer; autoplay; clipboard-write; encrypted-media; gyroscope; picture-in-picture; web-share\" referrerpolicy=\"strict-origin-when-cross-origin\" allowfullscreen><\/iframe>\n<\/div><\/figure>\n","protected":false},"excerpt":{"rendered":"<p>Max Verstappen liderou o TL1 na Austr\u00e1lia, enquanto Fernando Alonso apareceu na frente na sess\u00e3o que geralmente d\u00e1 sinais de como vai ser a classifica\u00e7\u00e3o. E foi tudo bem ca\u00f3tico, j\u00e1 que a chuva resolveu aparecer<\/p>\n","protected":false},"author":0,"featured_media":1000666840,"comment_status":"closed","ping_status":"closed","sticky":false,"template":"","format":"standard","meta":{"42wp_featured_image_caption":"","42wp_featured_image_credits":"","42wp_featured_video":"","42wp_featured_image_hidden":false,"42wp_authors_list":[],"footnotes":""},"categories":[2],"tags":[4346,457,524,20491,309,546,209,302,6533,176,207,30722,800,1753,34197,1491,30103,28285,3746,119,117,485,547,87,25553,203,90,1757,82,1521,1556,2916,676,204,3132,612,215,597],"42wp_author":[47117],"class_list":["post-104358","post","type-post","status-publish","format-standard","has-post-thumbnail","hentry","category-f1","tag-albert-park","tag-alfa-romeo","tag-alphatauri","tag-alpine","tag-aston-martin","tag-carlos-sainz","tag-charles-leclerc","tag-esteban-ocon","tag-f1-2023","tag-fernando-alonso","tag-ferrari","tag-formula-1-2023","tag-george-russell","tag-gp-da-australia","tag-gp-de-melbourne","tag-grande-premio","tag-grande-premio-f1","tag-grandepremio","tag-guanyu-zhou","tag-haas","tag-kevin-magnussen","tag-lance-stroll","tag-lando-norris","tag-lewis-hamilton","tag-logan-sargeant","tag-max-verstappen","tag-mclaren","tag-melbourne","tag-mercedes","tag-nico-hulkenberg","tag-nyck-de-vries","tag-oscar-piastri","tag-pierre-gasly","tag-red-bull","tag-sergio-perez","tag-valtteri-bottas","tag-williams","tag-yuki-tsunoda","42wp_author-gabriel-curty"],"_links":{"self":[{"href":"https:\/\/grandepremio.com\/br\/wp-json\/wp\/v2\/posts\/104358","targetHints":{"allow":["GET"]}}],"collection":[{"href":"https:\/\/grandepremio.com\/br\/wp-json\/wp\/v2\/posts"}],"about":[{"href":"https:\/\/grandepremio.com\/br\/wp-json\/wp\/v2\/types\/post"}],"replies":[{"embeddable":true,"href":"https:\/\/grandepremio.com\/br\/wp-json\/wp\/v2\/comments?post=104358"}],"version-history":[{"count":0,"href":"https:\/\/grandepremio.com\/br\/wp-json\/wp\/v2\/posts\/104358\/revisions"}],"wp:featuredmedia":[{"embeddable":true,"href":"https:\/\/grandepremio.com\/br\/wp-json\/wp\/v2\/media\/1000666840"}],"wp:attachment":[{"href":"https:\/\/grandepremio.com\/br\/wp-json\/wp\/v2\/media?parent=104358"}],"wp:term":[{"taxonomy":"category","embeddable":true,"href":"https:\/\/grandepremio.com\/br\/wp-json\/wp\/v2\/categories?post=104358"},{"taxonomy":"post_tag","embeddable":true,"href":"https:\/\/grandepremio.com\/br\/wp-json\/wp\/v2\/tags?post=104358"},{"taxonomy":"42wp_author","embeddable":true,"href":"https:\/\/grandepremio.com\/br\/wp-json\/wp\/v2\/42wp_author?post=104358"}],"curies":[{"name":"wp","href":"https:\/\/api.w.org\/{rel}","templated":true}]}}