{"id":104387,"date":"2023-03-30T23:30:36","date_gmt":"2023-03-31T02:30:36","guid":{"rendered":"https:\/\/grandepremio.com\/br\/noticias\/fia-paralisa-tl1-gp-da-australia-problema-tecnico-gps\/"},"modified":"2023-03-30T23:40:05","modified_gmt":"2023-03-31T02:40:05","slug":"fia-paralisa-tl1-gp-da-australia-problema-tecnico-gps","status":"publish","type":"post","link":"https:\/\/grandepremio.com\/br\/f1\/fia-paralisa-tl1-gp-da-australia-problema-tecnico-gps\/","title":{"rendered":"FIA paralisa TL1 do GP da Austr\u00e1lia por problema t\u00e9cnico no GPS"},"content":{"rendered":"\n<figure class=\"wp-block-embed is-type-video is-provider-youtube wp-block-embed-youtube wp-embed-aspect-16-9 wp-has-aspect-ratio\"><div class=\"wp-block-embed__wrapper\">\n<iframe loading=\"lazy\" title=\"COPIAR RED BULL \u00c9 QUEIMA-FILME PARA MERCEDES\" width=\"500\" height=\"281\" src=\"https:\/\/www.youtube.com\/embed\/0vemYGzIG6w?feature=oembed\" frameborder=\"0\" allow=\"accelerometer; autoplay; clipboard-write; encrypted-media; gyroscope; picture-in-picture; web-share\" referrerpolicy=\"strict-origin-when-cross-origin\" allowfullscreen><\/iframe>\n<\/div><\/figure>\n\n\n\n<p class=\"wp-block-paragraph\">O primeiro treino livre da <strong>F\u00f3rmula 1 <\/strong>no <strong>GP da Austr\u00e1lia<\/strong>, realizado nesta quinta-feira (30), sofreu uma paralisa\u00e7\u00e3o inusitada com aproximadamente 23 minutos para o fim. A bandeira vermelha foi agitada pela dire\u00e7\u00e3o de prova devido a uma falha t\u00e9cnica no servi\u00e7o de localiza\u00e7\u00e3o da categoria, que apresentou problemas e deixou de indicar corretamente a posi\u00e7\u00e3o dos carros na pista.<\/p>\n\n\n\n<p class=\"wp-block-paragraph\">A falha tamb\u00e9m afetou as equipes, que perderam a localiza\u00e7\u00e3o dos demais competidores e tiveram dificuldades para avisar seus pilotos sobre a presen\u00e7a de outros carros. Como resultado, um tr\u00e1fego intenso se formou na pista de Melbourne e, em v\u00e1rios momentos, alguns pilotos flertaram com acidentes.<\/p>\n\n\n\n<p class=\"wp-block-paragraph\"><strong>\u25b6\ufe0f&nbsp;<a href=\"https:\/\/www.twitch.tv\/grandepremio\" target=\"_blank\" rel=\"noreferrer noopener\">Conhe\u00e7a o canal do GRANDE PR\u00caMIO na Twitch clicando aqui!<\/a><\/strong><\/p>\n\n\n\n<figure class=\"wp-block-image size-large\"><img decoding=\"async\" src=\"https:\/\/www.grandepremio.com\/br\/wp-content\/uploads\/2023\/03\/alpine-estebanocon-afp-01-9-1024x683.jpg\" alt=\"\" class=\"wp-image-666709\"\/><figcaption>TL1 da Austr\u00e1lia chegou a ser interrompido por problema no GPS (Foto: AFP) <\/figcaption><\/figure>\n\n\n\n<p class=\"wp-block-paragraph\"><strong>\u25b6\ufe0f&nbsp;Inscreva-se nos dois canais do GRANDE PR\u00caMIO no YouTube:&nbsp;<a href=\"https:\/\/www.youtube.com\/channel\/UC9OlHEgxoaY6QY6nWPoiqQg?sub_confirmation=1\" target=\"_blank\" rel=\"noreferrer noopener\">GP<\/a>&nbsp;|&nbsp;<a href=\"https:\/\/www.youtube.com\/channel\/UC9csiS6q_C3C0FYhyr1rnFA?sub_confirmation=1\" target=\"_blank\" rel=\"noreferrer noopener\">GP2<\/a><\/strong><\/p>\n\n\n\n<p class=\"wp-block-paragraph\">O problema, entretanto, foi resolvido rapidamente e a sess\u00e3o foi retomada com <strong>14 minutos<\/strong> para o encerramento. Naquele momento, <strong>Max Verstappen <\/strong>liderava a atividade, seguido por <strong>Sergio P\u00e9rez <\/strong>e <strong>Fernando Alonso<\/strong>.<\/p>\n\n\n\n<p class=\"wp-block-paragraph\">O&nbsp;<strong>GRANDE PR\u00caMIO<\/strong>&nbsp;acompanha todas as atividades do GP da Austr\u00e1lia de&nbsp;<a href=\"https:\/\/www.grandepremio.com\/formula-1\/\" target=\"_blank\" rel=\"noreferrer noopener\">F\u00f3rmula 1<\/a>, disputado em Melbourne,&nbsp;<a href=\"https:\/\/www.grandepremio.com\/br\/ao-vivo\/\"><strong>AO VIVO<\/strong>&nbsp;e&nbsp;<strong>EM&nbsp;<\/strong><\/a><strong><a href=\"https:\/\/www.grandepremio.com\/br\/ao-vivo\/\" target=\"_blank\" rel=\"noreferrer noopener\">TEMPO REAL<\/a><\/strong>. O TL2 est\u00e1 programado para come\u00e7ar \u00e0s 2h (hor\u00e1rio de Bras\u00edlia).<\/p>\n","protected":false},"excerpt":{"rendered":"<p>F\u00f3rmula 1 sofreu com problema no servi\u00e7o de localiza\u00e7\u00e3o durante o primeiro treino livre do GP da Austr\u00e1lia, e FIA resolveu paralisar sess\u00e3o com bandeira vermelha devido ao tr\u00e1fego intenso<\/p>\n","protected":false},"author":0,"featured_media":1000666725,"comment_status":"closed","ping_status":"closed","sticky":false,"template":"","format":"standard","meta":{"42wp_featured_image_caption":"","42wp_featured_image_credits":"","42wp_featured_video":"","42wp_featured_image_hidden":false,"42wp_authors_list":[],"footnotes":""},"categories":[2],"tags":[147,6533,103,180,1753,1491,30103,28285,1757],"42wp_author":[47142],"class_list":["post-104387","post","type-post","status-publish","format-standard","has-post-thumbnail","hentry","category-f1","tag-f1","tag-f1-2023","tag-fia","tag-formula-1","tag-gp-da-australia","tag-grande-premio","tag-grande-premio-f1","tag-grandepremio","tag-melbourne","42wp_author-jp-nascimento"],"_links":{"self":[{"href":"https:\/\/grandepremio.com\/br\/wp-json\/wp\/v2\/posts\/104387","targetHints":{"allow":["GET"]}}],"collection":[{"href":"https:\/\/grandepremio.com\/br\/wp-json\/wp\/v2\/posts"}],"about":[{"href":"https:\/\/grandepremio.com\/br\/wp-json\/wp\/v2\/types\/post"}],"replies":[{"embeddable":true,"href":"https:\/\/grandepremio.com\/br\/wp-json\/wp\/v2\/comments?post=104387"}],"version-history":[{"count":0,"href":"https:\/\/grandepremio.com\/br\/wp-json\/wp\/v2\/posts\/104387\/revisions"}],"wp:featuredmedia":[{"embeddable":true,"href":"https:\/\/grandepremio.com\/br\/wp-json\/wp\/v2\/media\/1000666725"}],"wp:attachment":[{"href":"https:\/\/grandepremio.com\/br\/wp-json\/wp\/v2\/media?parent=104387"}],"wp:term":[{"taxonomy":"category","embeddable":true,"href":"https:\/\/grandepremio.com\/br\/wp-json\/wp\/v2\/categories?post=104387"},{"taxonomy":"post_tag","embeddable":true,"href":"https:\/\/grandepremio.com\/br\/wp-json\/wp\/v2\/tags?post=104387"},{"taxonomy":"42wp_author","embeddable":true,"href":"https:\/\/grandepremio.com\/br\/wp-json\/wp\/v2\/42wp_author?post=104387"}],"curies":[{"name":"wp","href":"https:\/\/api.w.org\/{rel}","templated":true}]}}