{"id":104388,"date":"2023-03-30T22:07:52","date_gmt":"2023-03-31T01:07:52","guid":{"rendered":"https:\/\/grandepremio.com\/br\/noticias\/fia-proibe-uso-macaco-hidraulico-punicoes-pit-stop-incidente-fernando-alonso\/"},"modified":"2023-03-30T23:38:16","modified_gmt":"2023-03-31T02:38:16","slug":"fia-proibe-uso-macaco-hidraulico-punicoes-pit-stop-incidente-fernando-alonso","status":"publish","type":"post","link":"https:\/\/grandepremio.com\/br\/f1\/fia-proibe-uso-macaco-hidraulico-punicoes-pit-stop-incidente-fernando-alonso\/","title":{"rendered":"FIA pro\u00edbe uso de macaco hidr\u00e1ulico em puni\u00e7\u00f5es nos boxes ap\u00f3s incidente de Alonso"},"content":{"rendered":"\n<figure class=\"wp-block-embed is-type-video is-provider-youtube wp-block-embed-youtube wp-embed-aspect-16-9 wp-has-aspect-ratio\"><div class=\"wp-block-embed__wrapper\">\n<iframe loading=\"lazy\" title=\"COPIAR RED BULL \u00c9 QUEIMA-FILME PARA MERCEDES\" width=\"500\" height=\"281\" src=\"https:\/\/www.youtube.com\/embed\/0vemYGzIG6w?feature=oembed\" frameborder=\"0\" allow=\"accelerometer; autoplay; clipboard-write; encrypted-media; gyroscope; picture-in-picture; web-share\" referrerpolicy=\"strict-origin-when-cross-origin\" allowfullscreen><\/iframe>\n<\/div><\/figure>\n\n\n\n<p class=\"wp-block-paragraph\">A <strong>Federa\u00e7\u00e3o Internacional de Automobilismo<\/strong> reverteu a puni\u00e7\u00e3o de <strong>Fernando<\/strong> <strong>Alonso <\/strong>no <strong>GP da Ar\u00e1bia Saudita<\/strong> e devolveu o 100\u00ba p\u00f3dio da carreira do espanhol, mas se engana quem pensa que o assunto terminou por a\u00ed. Logo na etapa seguinte, a da <strong>Austr\u00e1lia <\/strong>\u2014 que acontece neste fim de semana \u2014, a entidade decidiu esclarecer de vez o que ser\u00e1 entendido como &#8220;tocar no carro&#8221; durante o pagamento de puni\u00e7\u00f5es no pit-stop.<\/p>\n\n\n\n<p class=\"wp-block-paragraph\">De acordo com a diretiva, os carros que param nos boxes para pagar puni\u00e7\u00f5es n\u00e3o podem ser tocados. Assim, ser\u00e1 considerado toque qualquer contato com o piloto ou carro, seja por m\u00e3os, ferramentas ou qualquer tipo de equipamento \u2014 <strong>incluindo os macacos dianteiro e traseiro<\/strong>, piv\u00f4s da pol\u00eamica que tomou conta do p\u00f3s-corrida em Jed\u00e1.<\/p>\n\n\n\n<p class=\"wp-block-paragraph\"><strong>\u25b6\ufe0f&nbsp;<a href=\"https:\/\/www.twitch.tv\/grandepremio\" target=\"_blank\" rel=\"noreferrer noopener\">Conhe\u00e7a o canal do GRANDE PR\u00caMIO na Twitch clicando aqui!<\/a><\/strong><\/p>\n\n\n\n<figure class=\"wp-block-image size-large\"><img decoding=\"async\" src=\"https:\/\/www.grandepremio.com\/br\/wp-content\/uploads\/2023\/03\/GP2302_184240_U1A7713-1024x683.jpg\" alt=\"\" class=\"wp-image-663124\"\/><figcaption>No fim das contas, Alonso conseguiu recuperar o p\u00f3dio de Jed\u00e1 (Foto: Aston Martin)<\/figcaption><\/figure>\n\n\n\n<p class=\"wp-block-paragraph\"><strong>\u25b6\ufe0f&nbsp;Inscreva-se nos dois canais do GRANDE PR\u00caMIO no YouTube:&nbsp;<a href=\"https:\/\/www.youtube.com\/channel\/UC9OlHEgxoaY6QY6nWPoiqQg?sub_confirmation=1\" target=\"_blank\" rel=\"noreferrer noopener\">GP<\/a>&nbsp;|&nbsp;<a href=\"https:\/\/www.youtube.com\/channel\/UC9csiS6q_C3C0FYhyr1rnFA?sub_confirmation=1\" target=\"_blank\" rel=\"noreferrer noopener\">GP2<\/a><\/strong><\/p>\n\n\n\n<p class=\"wp-block-paragraph\">Na ocasi\u00e3o, Alonso foi punido por estacionar o carro fora do colchete indicado para a largada e, no momento de pagar a puni\u00e7\u00e3o nos boxes, a <strong>Aston Martin <\/strong>encostou o macaco traseiro no <strong>AMR23<\/strong>. Assim, a FIA entendeu que houve um toque inapropriado no carro <a href=\"https:\/\/www.grandepremio.com\/br\/f1\/noticias\/fernando-alonso-punido-10s-arabia-saudita-perde-100o-podio-carreira-f1\/\" target=\"_blank\" aria-label=\" (opens in a new tab)\" rel=\"noreferrer noopener\" class=\"ek-link\">e puniu o piloto ap\u00f3s o fim da prova<\/a>, retirando seu p\u00f3dio \u2014 que j\u00e1 havia sido, inclusive, comemorado na cerim\u00f4nia.<\/p>\n\n\n\n<p class=\"wp-block-paragraph\">Horas depois, entretanto, <a href=\"https:\/\/www.grandepremio.com\/br\/f1\/noticias\/fernando-alonso-recupera-trofeu-e-chega-a-100o-podio-da-carreira-na-f1-confira-ranking\/\" target=\"_blank\" aria-label=\"a entidade voltou atr\u00e1s e retirou a puni\u00e7\u00e3o (opens in a new tab)\" rel=\"noreferrer noopener\" class=\"ek-link\">a entidade voltou atr\u00e1s e retirou a puni\u00e7\u00e3o<\/a> de Alonso, alegando que os limites do regulamento sobre o toque no carro n\u00e3o eram claros o suficiente. Desta forma, a federa\u00e7\u00e3o optou por esclarecer a situa\u00e7\u00e3o logo na etapa seguinte, enquanto a categoria j\u00e1 est\u00e1 na Austr\u00e1lia para a terceira etapa do campeonato.<\/p>\n\n\n\n<p class=\"wp-block-paragraph\">O\u00a0<strong>GRANDE PR\u00caMIO<\/strong>\u00a0acompanha todas as atividades do GP da Austr\u00e1lia de\u00a0<a href=\"https:\/\/www.grandepremio.com\/formula-1\/\" target=\"_blank\" rel=\"noreferrer noopener\">F\u00f3rmula 1<\/a>, disputado em Melbourne,\u00a0<a href=\"https:\/\/www.grandepremio.com\/br\/ao-vivo\/\"><strong>AO VIVO<\/strong>\u00a0e\u00a0<strong>EM\u00a0<\/strong><\/a><strong><a href=\"https:\/\/www.grandepremio.com\/br\/ao-vivo\/\" target=\"_blank\" rel=\"noreferrer noopener\">TEMPO REAL<\/a><\/strong>.<\/p>\n","protected":false},"excerpt":{"rendered":"<p>Ap\u00f3s a pol\u00eamica que tomou conta do p\u00f3dio de Fernando Alonso na Ar\u00e1bia Saudita, FIA decidiu esclarecer regra e proibiu uso do macaco hidr\u00e1ulico durante pagamento de puni\u00e7\u00f5es nos boxes<\/p>\n","protected":false},"author":0,"featured_media":1000658034,"comment_status":"closed","ping_status":"closed","sticky":false,"template":"","format":"standard","meta":{"42wp_featured_image_caption":"","42wp_featured_image_credits":"","42wp_featured_video":"","42wp_featured_image_hidden":false,"42wp_authors_list":[],"footnotes":""},"categories":[2],"tags":[309,147,6533,176,180,1753,1491,30103,28285,26627,1757,1743,2477],"42wp_author":[47142],"class_list":["post-104388","post","type-post","status-publish","format-standard","has-post-thumbnail","hentry","category-f1","tag-aston-martin","tag-f1","tag-f1-2023","tag-fernando-alonso","tag-formula-1","tag-gp-da-australia","tag-grande-premio","tag-grande-premio-f1","tag-grandepremio","tag-jeda","tag-melbourne","tag-pit-stop","tag-punicao","42wp_author-jp-nascimento"],"_links":{"self":[{"href":"https:\/\/grandepremio.com\/br\/wp-json\/wp\/v2\/posts\/104388","targetHints":{"allow":["GET"]}}],"collection":[{"href":"https:\/\/grandepremio.com\/br\/wp-json\/wp\/v2\/posts"}],"about":[{"href":"https:\/\/grandepremio.com\/br\/wp-json\/wp\/v2\/types\/post"}],"replies":[{"embeddable":true,"href":"https:\/\/grandepremio.com\/br\/wp-json\/wp\/v2\/comments?post=104388"}],"version-history":[{"count":0,"href":"https:\/\/grandepremio.com\/br\/wp-json\/wp\/v2\/posts\/104388\/revisions"}],"wp:featuredmedia":[{"embeddable":true,"href":"https:\/\/grandepremio.com\/br\/wp-json\/wp\/v2\/media\/1000658034"}],"wp:attachment":[{"href":"https:\/\/grandepremio.com\/br\/wp-json\/wp\/v2\/media?parent=104388"}],"wp:term":[{"taxonomy":"category","embeddable":true,"href":"https:\/\/grandepremio.com\/br\/wp-json\/wp\/v2\/categories?post=104388"},{"taxonomy":"post_tag","embeddable":true,"href":"https:\/\/grandepremio.com\/br\/wp-json\/wp\/v2\/tags?post=104388"},{"taxonomy":"42wp_author","embeddable":true,"href":"https:\/\/grandepremio.com\/br\/wp-json\/wp\/v2\/42wp_author?post=104388"}],"curies":[{"name":"wp","href":"https:\/\/api.w.org\/{rel}","templated":true}]}}