{"id":104397,"date":"2023-03-30T13:49:53","date_gmt":"2023-03-30T16:49:53","guid":{"rendered":"https:\/\/grandepremio.com\/br\/noticias\/sergio-perez-garante-clima-otimo-red-bull-ve-novo-desafio-australia\/"},"modified":"2023-03-30T15:06:03","modified_gmt":"2023-03-30T18:06:03","slug":"sergio-perez-garante-clima-otimo-red-bull-ve-novo-desafio-australia","status":"publish","type":"post","link":"https:\/\/grandepremio.com\/br\/f1\/sergio-perez-garante-clima-otimo-red-bull-ve-novo-desafio-australia\/","title":{"rendered":"P\u00e9rez garante que &#8220;clima \u00e9 \u00f3timo&#8221; na Red Bull e v\u00ea novo desafio no GP da Austr\u00e1lia"},"content":{"rendered":"\n<p class=\"wp-block-paragraph\">A <strong>F\u00f3rmula 1<\/strong> chega a sua terceira etapa da temporada 2023, no <strong>GP da Austr\u00e1lia<\/strong>, em <strong>Melbourne<\/strong>, com <a href=\"https:\/\/www.grandepremio.com\/br\/f1\/noticias\/acabou-a-paz-sergio-perez-max-verstappen-soltam-faiscas-racham-elenco-red-bull\/\" class=\"ek-link\">a sensa\u00e7\u00e3o de uma briga interna dentro da <strong>Red Bull<\/strong><\/a>. Diante do dom\u00ednio taurino no grid, <strong>Sergio P\u00e9rez<\/strong> e <strong>Max Verstappen<\/strong> s\u00e3o os \u00fanicos postulantes ao t\u00edtulo at\u00e9 o momento, apimentando ainda mais <a href=\"https:\/\/www.grandepremio.com\/br\/f1\/noticias\/sergio-perez-relembra-treta-max-verstappen-cobra-apoio-red-bull-ou-nao-farei-mesmo\/\" class=\"ek-link\">um relacionamento que j\u00e1 n\u00e3o era dos melhores no ano passado<\/a>.<\/p>\n\n\n\n<p class=\"wp-block-paragraph\">Os la\u00e7os ficaram ainda mais estremecidos no <strong>GP da Ar\u00e1bia Saudita<\/strong>, realizado no \u00faltimo dia 19, quando <a href=\"https:\/\/www.grandepremio.com\/br\/f1\/noticias\/red-bull-explica-pedido-para-sergio-perez-baixar-ritmo-e-apoia-briga-por-volta-mais-rapida\/\" class=\"ek-link\">P\u00e9rez recebeu uma instru\u00e7\u00e3o da equipe para diminuir o ritmo de volta<\/a> e, como resposta, questionou se tinham pedido o mesmo para o companheiro de time. Outra situa\u00e7\u00e3o desagrad\u00e1vel foi a volta r\u00e1pida conquistada por Verstappen, tirando o ponto extra de &#8216;Checo&#8217; no momento em que ele acreditava que era para reduzir o ritmo.<\/p>\n\n\n\n<p class=\"wp-block-paragraph\">Mas em entrevista nesta quinta-feira (30), o mexicano tratou de colocar panos quentes na situa\u00e7\u00e3o: \u201c[As coisas] est\u00e3o \u00f3timas, acho que conversamos sobre isso e estamos todos na mesma linha, obviamente aprendemos muito. Naquele momento, pensei que n\u00e3o tinha recebido a informa\u00e7\u00e3o certa, mas agora, olhando para tr\u00e1s, foi tudo muito bem jogado pela equipe.\u201d<\/p>\n\n\n\n<p class=\"wp-block-paragraph\"><strong>\u25b6\ufe0f&nbsp;Inscreva-se nos dois canais do GRANDE PR\u00caMIO no YouTube:&nbsp;<a href=\"https:\/\/www.youtube.com\/channel\/UC9OlHEgxoaY6QY6nWPoiqQg?sub_confirmation=1\" target=\"_blank\" rel=\"noreferrer noopener\">GP<\/a>&nbsp;|&nbsp;<a href=\"https:\/\/www.youtube.com\/channel\/UC9csiS6q_C3C0FYhyr1rnFA?sub_confirmation=1\" target=\"_blank\" rel=\"noreferrer noopener\">GP2<\/a><\/strong><br><strong>\u25b6\ufe0f&nbsp;<a href=\"https:\/\/www.twitch.tv\/grandepremio\" target=\"_blank\" rel=\"noreferrer noopener\">Conhe\u00e7a o canal do GRANDE PR\u00caMIO na Twitch clicando aqui!<\/a><\/strong><\/p>\n\n\n\n<figure class=\"wp-block-image size-large\"><img decoding=\"async\" src=\"https:\/\/www.grandepremio.com\/br\/wp-content\/uploads\/2023\/03\/redbull-sergioperez-04-7-1024x683.jpg\" alt=\"\" class=\"wp-image-662277\"\/><figcaption>Sergio P\u00e9rez venceu o GP da Ar\u00e1bia Saudita e agora v\u00ea novo desafio na Austr\u00e1lia para alcan\u00e7ar a lideran\u00e7a do Mundial de Pilotos (Foto: Red Bull Content Pool)<\/figcaption><\/figure>\n\n\n\n<p class=\"wp-block-paragraph\">Com os acontecimentos passados superados e com a briga pelo t\u00edtulo mundial em vista, P\u00e9rez se mostrou ansioso para correr em Melbourne, onde os taurinos v\u00e3o precisar manter o \u201calto n\u00edvel\u201d dos dois primeiros GPs da temporada.<\/p>\n\n\n\n<p class=\"wp-block-paragraph\">\u201cEsperamos manter o ritmo. Foram \u00f3timas as duas primeiras corridas para a equipe, mas h\u00e1 um longo caminho pela frente, ent\u00e3o ser\u00e1 muito importante. Estou me sentindo bem, mas todo fim de semana \u00e9 um novo desafio, ent\u00e3o [estou] ansioso por esse novo desafio\u201d, disse.<\/p>\n\n\n\n<p class=\"wp-block-paragraph\">\u201c<strong>Bahrein <\/strong>e Ar\u00e1bia [Saudita] s\u00e3o pistas muito diferentes uma da outra, e a Austr\u00e1lia ser\u00e1 outro desafio para n\u00f3s e para este carro. Temos um \u00f3timo ritmo e estamos trabalhando muito juntos para garantir que nossa confiabilidade tamb\u00e9m esteja l\u00e1. Foi um come\u00e7o divertido para 2023, mas isso n\u00e3o importa se n\u00e3o mantivermos nosso alto n\u00edvel\u201d, finalizou.<\/p>\n\n\n\n<p class=\"wp-block-paragraph\">A F\u00f3rmula 1 continua a temporada com o GP da Austr\u00e1lia neste fim de semana. O <strong>GRANDE PR\u00caMIO<\/strong> acompanha todas as atividades <strong>AO VIVO e EM TEMPO REAL<\/strong>. O primeiro treino livre est\u00e1 marcado para as 22h30 [de Bras\u00edlia, GMT-3] na noite de quinta-feira.<\/p>\n","protected":false},"excerpt":{"rendered":"<p>Piloto mexicano descartou briga interna na escuderia austr\u00edaca e disse que compreendeu o jogo da equipe no GP da Ar\u00e1bia Saudita, quando pediu para P\u00e9rez reduzir o ritmo de corrida<\/p>\n","protected":false},"author":0,"featured_media":1000661837,"comment_status":"closed","ping_status":"closed","sticky":false,"template":"","format":"standard","meta":{"42wp_featured_image_caption":"","42wp_featured_image_credits":"","42wp_featured_video":"","42wp_featured_image_hidden":false,"42wp_authors_list":[],"footnotes":""},"categories":[2],"tags":[4346,1566,1280,147,6533,642,160,180,30722,26266,1753,34197,1491,30103,28285,2306,159,26627,26267,203,1757,3724,28415,32087,33467,510,25771,26036,204,34066,3132,675,17143,25978,2036,18713],"42wp_author":[47153],"class_list":["post-104397","post","type-post","status-publish","format-standard","has-post-thumbnail","hentry","category-f1","tag-albert-park","tag-ao-vivo","tag-band","tag-f1","tag-f1-2023","tag-f1-ao-vivo","tag-f1-tv","tag-formula-1","tag-formula-1-2023","tag-gp-da-arabia-saudita","tag-gp-da-australia","tag-gp-de-melbourne","tag-grande-premio","tag-grande-premio-f1","tag-grandepremio","tag-grid-de-largada","tag-horarios-da-f1","tag-jeda","tag-jeddah","tag-max-verstappen","tag-melbourne","tag-mundial-de-f1","tag-novos-carros-da-f1","tag-onde-assistir","tag-onde-assistir-f1-2023","tag-pole","tag-programacao","tag-programacao-de-tv","tag-red-bull","tag-segunda-tela","tag-sergio-perez","tag-streaming","tag-tempo-real","tag-temporada-2023","tag-treinos-livres","tag-vitoria","42wp_author-gabriel-pitor"],"_links":{"self":[{"href":"https:\/\/grandepremio.com\/br\/wp-json\/wp\/v2\/posts\/104397","targetHints":{"allow":["GET"]}}],"collection":[{"href":"https:\/\/grandepremio.com\/br\/wp-json\/wp\/v2\/posts"}],"about":[{"href":"https:\/\/grandepremio.com\/br\/wp-json\/wp\/v2\/types\/post"}],"replies":[{"embeddable":true,"href":"https:\/\/grandepremio.com\/br\/wp-json\/wp\/v2\/comments?post=104397"}],"version-history":[{"count":0,"href":"https:\/\/grandepremio.com\/br\/wp-json\/wp\/v2\/posts\/104397\/revisions"}],"wp:featuredmedia":[{"embeddable":true,"href":"https:\/\/grandepremio.com\/br\/wp-json\/wp\/v2\/media\/1000661837"}],"wp:attachment":[{"href":"https:\/\/grandepremio.com\/br\/wp-json\/wp\/v2\/media?parent=104397"}],"wp:term":[{"taxonomy":"category","embeddable":true,"href":"https:\/\/grandepremio.com\/br\/wp-json\/wp\/v2\/categories?post=104397"},{"taxonomy":"post_tag","embeddable":true,"href":"https:\/\/grandepremio.com\/br\/wp-json\/wp\/v2\/tags?post=104397"},{"taxonomy":"42wp_author","embeddable":true,"href":"https:\/\/grandepremio.com\/br\/wp-json\/wp\/v2\/42wp_author?post=104397"}],"curies":[{"name":"wp","href":"https:\/\/api.w.org\/{rel}","templated":true}]}}