{"id":104409,"date":"2023-03-30T04:00:00","date_gmt":"2023-03-30T07:00:00","guid":{"rendered":"https:\/\/grandepremio.com\/br\/noticias\/gasly-ve-comeco-positivo-na-alpine-mas-admite-tem-de-melhorar-em-classificacao\/"},"modified":"2023-03-29T17:37:06","modified_gmt":"2023-03-29T20:37:06","slug":"gasly-ve-comeco-positivo-na-alpine-mas-admite-tem-de-melhorar-em-classificacao","status":"publish","type":"post","link":"https:\/\/grandepremio.com\/br\/f1\/gasly-ve-comeco-positivo-na-alpine-mas-admite-tem-de-melhorar-em-classificacao\/","title":{"rendered":"Gasly v\u00ea &#8220;come\u00e7o positivo&#8221; na Alpine, mas admite: tem de melhorar em classifica\u00e7\u00e3o"},"content":{"rendered":"\n<figure class=\"wp-block-embed is-type-video is-provider-youtube wp-block-embed-youtube wp-embed-aspect-16-9 wp-has-aspect-ratio\"><div class=\"wp-block-embed__wrapper\">\n<iframe loading=\"lazy\" title=\"F1 QUER FIM DOS TREINOS LIVRES + RED BULL CA\u00c7A AUSTR\u00c1LIA | TT GP #89\" width=\"500\" height=\"281\" src=\"https:\/\/www.youtube.com\/embed\/gSlhX-00AqU?feature=oembed\" frameborder=\"0\" allow=\"accelerometer; autoplay; clipboard-write; encrypted-media; gyroscope; picture-in-picture; web-share\" referrerpolicy=\"strict-origin-when-cross-origin\" allowfullscreen><\/iframe>\n<\/div><\/figure>\n\n\n\n<p class=\"wp-block-paragraph\"><strong>Pierre Gasly<\/strong> <a href=\"https:\/\/www.grandepremio.com\/br\/f1\/noticias\/alpine-nega-escolha-pierre-gasly-frances-ate-se-fosse-bangladesh\/\" class=\"ek-link\">ganhou uma oportunidade, neste ano, na ascendente <strong>Alpine<\/strong><\/a>, depois de <a href=\"https:\/\/www.grandepremio.com\/br\/f1\/noticias\/pierre-gasly-justifica-decisao-deixar-alphatauri-sei-o-que-quero-conquistar-formula-1\/\" class=\"ek-link\">temporadas consistentes na <strong>AlphaTauri<\/strong><\/a>, equipe secund\u00e1ria da <strong>Red Bull<\/strong>. Mas parece que a adapta\u00e7\u00e3o \u00e0 <strong>A523<\/strong> tem sido complicada e o piloto franc\u00eas sabe o que precisa melhorar para elevar o n\u00edvel da equipe na <strong>F\u00f3rmula 1<\/strong>: largar em posi\u00e7\u00f5es melhores.<\/p>\n\n\n\n<p class=\"wp-block-paragraph\"><a href=\"https:\/\/www.grandepremio.com\/br\/video\/f1\/alpine-pode-sonhar-com-mais-ainda-2023\/\" class=\"ek-link\">A inten\u00e7\u00e3o da escuderia francesa \u00e9, em breve, disputar as melhores posi\u00e7\u00f5es do grid com <strong>Mercedes<\/strong> e <strong>Ferrari<\/strong><\/a>. Para isso, Gasly ter\u00e1 de ser consistente, especialmente em ritmo de classifica\u00e7\u00e3o, at\u00e9 o momento tido como fraqueza pelo <strong>#10<\/strong> em suas performances.<\/p>\n\n\n\n<p class=\"wp-block-paragraph\">\u201cEm <strong>Jed\u00e1<\/strong>, ficamos pela segunda vez consecutiva entre os dez primeiros, o que \u00e9 um come\u00e7o positivo para minha passagem na Alpine, mesmo que tenhamos deixado a <strong>Ar\u00e1bia Saudita<\/strong> querendo mais\u201d, ponderou Gasly.<\/p>\n\n\n\n<p class=\"wp-block-paragraph\">\u201cDa minha parte, foi uma corrida tranquila, cheia de aprendizado sobre o carro e as coisas que precisamos fazer para continuar melhorando. Mas provavelmente n\u00e3o demos o passo que precis\u00e1vamos entre sexta e domingo [no <strong>GP da Ar\u00e1bia Saudita<\/strong>] e isso \u00e9 algo que precisamos analisar para garantir que estaremos maximizando tudo neste fim de semana [no <strong>GP da Austr\u00e1lia<\/strong>]\u201d, continuou.<\/p>\n\n\n\n<p class=\"wp-block-paragraph\">O passo em quest\u00e3o \u00e9 justamente transformar a boa performance em stints longos em consist\u00eancia tamb\u00e9m nas defini\u00e7\u00f5es do grid. Em Jed\u00e1, Pierre at\u00e9 foi ao Q3, em d\u00e9cimo, ainda que consideravelmente atr\u00e1s de <strong>Esteban Ocon<\/strong>, que foi s\u00e9timo. No Bahrein, largou em \u00faltimo.<\/p>\n\n\n\n<p class=\"wp-block-paragraph\">\u201cPreciso continuar trabalhando duro com meus engenheiros para estar em melhor forma para a classifica\u00e7\u00e3o, j\u00e1 que ainda n\u00e3o estamos onde queremos em ritmo de volta \u00fanica e n\u00e3o estamos colocando o carro em uma boa janela para competir por lugares mais altos\u201d, finalizou.<\/p>\n\n\n\n<p class=\"wp-block-paragraph\">A oportunidade de mostrar que a Alpine ainda pode subir mais alguns degraus no ranking de for\u00e7as do grid em 2023 ser\u00e1 entre os dias 31 de mar\u00e7o e 2 de abril, no GP da Austr\u00e1lia, no circuito de <strong>Albert Park<\/strong>, em <strong>Melbourne<\/strong>. Uma pista considerada desafiadora pelo piloto franc\u00eas.<\/p>\n\n\n\n<p class=\"wp-block-paragraph\"><strong>\u25b6\ufe0f&nbsp;Inscreva-se nos dois canais do GRANDE PR\u00caMIO no YouTube:&nbsp;<a href=\"https:\/\/www.youtube.com\/channel\/UC9OlHEgxoaY6QY6nWPoiqQg?sub_confirmation=1\" target=\"_blank\" rel=\"noreferrer noopener\">GP<\/a>&nbsp;|&nbsp;<a href=\"https:\/\/www.youtube.com\/channel\/UC9csiS6q_C3C0FYhyr1rnFA?sub_confirmation=1\" target=\"_blank\" rel=\"noreferrer noopener\">GP2<\/a><\/strong><br><strong>\u25b6\ufe0f&nbsp;<a href=\"https:\/\/www.twitch.tv\/grandepremio\" target=\"_blank\" rel=\"noreferrer noopener\">Conhe\u00e7a o canal do GRANDE PR\u00caMIO na Twitch clicando aqui!<\/a><\/strong><\/p>\n\n\n\n<figure class=\"wp-block-image size-large\"><img decoding=\"async\" src=\"https:\/\/www.grandepremio.com\/br\/wp-content\/uploads\/2023\/03\/alpine-pierregasly-afp-01-3-1024x683.jpg\" alt=\"\" class=\"wp-image-662394\"\/><figcaption>Pierre Gasly foi o nono colocado no Bahrein e na Ar\u00e1bia Saudita (Foto: AFP)<\/figcaption><\/figure>\n\n\n\n<p class=\"wp-block-paragraph\">\u201cAlbert Park \u00e9 um grande circuito e outro desafio diferente para n\u00f3s neste ano. Vimos como estamos em um circuito convencional no Bahrein, em um circuito de rua r\u00e1pido na Ar\u00e1bia Saudita e agora veremos como estamos em Albert Park, que \u00e9 diferente em caracter\u00edsticas\u201d, disse Gasly.<\/p>\n\n\n\n<p class=\"wp-block-paragraph\">\u201c\u00c9 um circuito divertido, bastante acidentado em alguns lugares e temos que estar imediatamente atentos nele se quisermos sair com uma sensa\u00e7\u00e3o boa e com pontos na classifica\u00e7\u00e3o\u201d, completou.<\/p>\n\n\n\n<p class=\"wp-block-paragraph\">Na carreira, Gasly correu tr\u00eas vezes em Melbourne por tr\u00eas equipes diferentes: <strong>Toro Rosso<\/strong> em 2018, Red Bull em 2019 e AlphaTauri em 2022 \u2013 mas \u00e9 importante ressaltar que a AlphaTauri herdou o legado da Toro Rosso. O melhor resultado foi um modesto nono lugar no ano passado. Gasly vem ocupando <a href=\"https:\/\/www.grandepremio.com\/br\/f1\/classificacao\/\" class=\"ek-link\">a 11\u00aa posi\u00e7\u00e3o no <strong>Mundial de Pilotos<\/strong><\/a>.<\/p>\n\n\n\n<p class=\"wp-block-paragraph\">A&nbsp;<a href=\"https:\/\/www.grandepremio.com\/formula-1\/\" target=\"_blank\" rel=\"noreferrer noopener\">F\u00f3rmula 1<\/a>&nbsp;continua a temporada com o&nbsp;<strong>GP da Austr\u00e1lia<\/strong>, no circuito de rua de&nbsp;<a href=\"https:\/\/www.grandepremio.com\/br\/circuito\/melbourne\/\" target=\"_blank\" rel=\"noreferrer noopener\">Melbourne<\/a>, entre os dias 31 de mar\u00e7o e 2 de abril. O&nbsp;<strong>GRANDE PR\u00caMIO<\/strong>&nbsp;acompanha todas as atividades&nbsp;<a href=\"https:\/\/www.grandepremio.com\/br\/ao-vivo\/\"><strong>AO VIVO<\/strong>&nbsp;e&nbsp;<strong>EM&nbsp;<\/strong><\/a><strong><a href=\"https:\/\/www.grandepremio.com\/br\/ao-vivo\/\" target=\"_blank\" rel=\"noreferrer noopener\">TEMPO REAL<\/a><\/strong>.<\/p>\n\n\n\n<figure class=\"wp-block-embed is-type-video is-provider-youtube wp-block-embed-youtube wp-embed-aspect-16-9 wp-has-aspect-ratio\"><div class=\"wp-block-embed__wrapper\">\n<iframe loading=\"lazy\" title=\"F1 2023: TRETA E DIV\u00d3RCIO NA RED BULL? MENOS ULTRAPASSAGENS NA AUSTR\u00c1LIA? | Paddock GP #322\" width=\"500\" height=\"281\" src=\"https:\/\/www.youtube.com\/embed\/OY9JledkmQs?feature=oembed\" frameborder=\"0\" allow=\"accelerometer; autoplay; clipboard-write; encrypted-media; gyroscope; picture-in-picture; web-share\" referrerpolicy=\"strict-origin-when-cross-origin\" allowfullscreen><\/iframe>\n<\/div><\/figure>\n","protected":false},"excerpt":{"rendered":"<p>Pierre Gasly terminou as duas primeiras corridas da temporada na zona de pontua\u00e7\u00e3o, mas quer melhorar a performance nas classifica\u00e7\u00f5es para colocar a Alpine em condi\u00e7\u00f5es de brigar com as principais equipes do grid em 2023<\/p>\n","protected":false},"author":0,"featured_media":1000662306,"comment_status":"closed","ping_status":"closed","sticky":false,"template":"","format":"standard","meta":{"42wp_featured_image_caption":"","42wp_featured_image_credits":"","42wp_featured_video":"","42wp_featured_image_hidden":false,"42wp_authors_list":[],"footnotes":""},"categories":[2],"tags":[20491,29664,302,147,6533,180,30722,1753,1491,28285,676],"42wp_author":[47153],"class_list":["post-104409","post","type-post","status-publish","format-standard","has-post-thumbnail","hentry","category-f1","tag-alpine","tag-australian-gp","tag-esteban-ocon","tag-f1","tag-f1-2023","tag-formula-1","tag-formula-1-2023","tag-gp-da-australia","tag-grande-premio","tag-grandepremio","tag-pierre-gasly","42wp_author-gabriel-pitor"],"_links":{"self":[{"href":"https:\/\/grandepremio.com\/br\/wp-json\/wp\/v2\/posts\/104409","targetHints":{"allow":["GET"]}}],"collection":[{"href":"https:\/\/grandepremio.com\/br\/wp-json\/wp\/v2\/posts"}],"about":[{"href":"https:\/\/grandepremio.com\/br\/wp-json\/wp\/v2\/types\/post"}],"replies":[{"embeddable":true,"href":"https:\/\/grandepremio.com\/br\/wp-json\/wp\/v2\/comments?post=104409"}],"version-history":[{"count":0,"href":"https:\/\/grandepremio.com\/br\/wp-json\/wp\/v2\/posts\/104409\/revisions"}],"wp:featuredmedia":[{"embeddable":true,"href":"https:\/\/grandepremio.com\/br\/wp-json\/wp\/v2\/media\/1000662306"}],"wp:attachment":[{"href":"https:\/\/grandepremio.com\/br\/wp-json\/wp\/v2\/media?parent=104409"}],"wp:term":[{"taxonomy":"category","embeddable":true,"href":"https:\/\/grandepremio.com\/br\/wp-json\/wp\/v2\/categories?post=104409"},{"taxonomy":"post_tag","embeddable":true,"href":"https:\/\/grandepremio.com\/br\/wp-json\/wp\/v2\/tags?post=104409"},{"taxonomy":"42wp_author","embeddable":true,"href":"https:\/\/grandepremio.com\/br\/wp-json\/wp\/v2\/42wp_author?post=104409"}],"curies":[{"name":"wp","href":"https:\/\/api.w.org\/{rel}","templated":true}]}}