{"id":104415,"date":"2023-03-30T02:00:00","date_gmt":"2023-03-30T05:00:00","guid":{"rendered":"https:\/\/grandepremio.com\/br\/noticias\/as-corridas-do-fim-de-semana-na-tv-e-no-streaming-30-de-marco-a-2-de-abril\/"},"modified":"2023-03-31T08:49:24","modified_gmt":"2023-03-31T11:49:24","slug":"as-corridas-do-fim-de-semana-na-tv-e-no-streaming-30-de-marco-a-2-de-abril","status":"publish","type":"post","link":"https:\/\/grandepremio.com\/br\/programacao-tv\/as-corridas-do-fim-de-semana-na-tv-e-no-streaming-30-de-marco-a-2-de-abril\/","title":{"rendered":"As corridas do fim de semana na TV e no streaming: 30 de mar\u00e7o a 2 de abril"},"content":{"rendered":"\n<h3 class=\"wp-block-heading\" id=\"h-quinta-feira-30-de-marco\"><strong>Quinta-feira, 30 de mar\u00e7o<\/strong><\/h3>\n\n\n\n<figure class=\"wp-block-table\"><table><tbody><tr><td>CATEGORIA<\/td><td>ETAPA<\/td><td>ATIVIDADE<\/td><td>HORA<\/td><td>EMISSORA<\/td><\/tr><tr><td>F\u00f3rmula 3<\/td><td>Austr\u00e1lia<\/td><td>Treino livre<\/td><td>18:50<\/td><td>F1 TV | BandSports<\/td><\/tr><tr><td>F\u00f3rmula 2<\/td><td>Austr\u00e1lia<\/td><td>Treino livre <\/td><td>20:00<\/td><td>F1 TV | BandSports<\/td><\/tr><tr><td>F\u00f3rmula 1<\/td><td>GP da Austr\u00e1lia<\/td><td>Treino livre 1<\/td><td>22:30<\/td><td>F1 TV | BandSports<\/td><\/tr><\/tbody><\/table><\/figure>\n\n\n\n<h3 class=\"wp-block-heading\"><strong>Sexta-feira, 31 de mar\u00e7o<\/strong><\/h3>\n\n\n\n<figure class=\"wp-block-table\"><table><tbody><tr><td>CATEGORIA<\/td><td>ETAPA<\/td><td>ATIVIDADE<\/td><td>HORA<\/td><td>EMISSORA<\/td><\/tr><tr><td>F\u00f3rmula 3<\/td><td>Austr\u00e1lia<\/td><td>Classifica\u00e7\u00e3o<\/td><td>00:00<\/td><td>F1 TV | BandSports<\/td><\/tr><tr><td>F\u00f3rmula 1<\/td><td>GP da Austr\u00e1lia<\/td><td>Treino livre 2<\/td><td>02:00<\/td><td>F1 TV | BandSports<\/td><\/tr><tr><td>F\u00f3rmula 2<\/td><td>Austr\u00e1lia<\/td><td>Classifica\u00e7\u00e3o<\/td><td>03:30<\/td><td>F1 TV | BandSports<\/td><\/tr><tr><td>Moto3<\/td><td>GP da Argentina<\/td><td>Treino livre 2<\/td><td>13:15<\/td><td>Star+ | ESPN<\/td><\/tr><tr><td>Moto2<\/td><td>GP da Argentina<\/td><td>Treino livre 2<\/td><td>14:05<\/td><td>Star+ | ESPN<\/td><\/tr><tr><td>MotoGP<\/td><td>GP da Argentina<\/td><td>Treino 2<\/td><td>15:00<\/td><td>Star+ | ESPN<\/td><\/tr><tr><td>F\u00f3rmula 3<\/td><td>Austr\u00e1lia<\/td><td>Corrida Sprint<\/td><td>20:45<\/td><td>F1 TV | BandSports<\/td><\/tr><tr><td>F\u00f3rmula 1<\/td><td>GP da Austr\u00e1lia<\/td><td>Treino livre 3<\/td><td>22:30<\/td><td>F1 TV | BandSports<\/td><\/tr><\/tbody><\/table><\/figure>\n\n\n\n<h3 class=\"wp-block-heading\"><strong>S\u00e1bado, 1\u00ba de abril<\/strong><\/h3>\n\n\n\n<figure class=\"wp-block-table\"><table><tbody><tr><td>CATEGORIA<\/td><td>ETAPA<\/td><td>ATIVIDADE<\/td><td>HORA<\/td><td>EMISSORA<\/td><\/tr><tr><td>F\u00f3rmula 2<\/td><td>Austr\u00e1lia<\/td><td>Corrida Sprint<\/td><td>00:20<\/td><td>F1 TV | BandSports<\/td><\/tr><tr><td>F\u00f3rmula 1<\/td><td>GP da Austr\u00e1lia<\/td><td>Classifica\u00e7\u00e3o<\/td><td>01:45<\/td><td><a href=\"https:\/\/bit.ly\/GPCanal\" class=\"ek-link\"><strong>GRANDE PR\u00caM<\/strong><\/a><strong><a href=\"https:\/\/bit.ly\/GPCanal\" class=\"ek-link\">IO<\/a><\/strong><\/td><\/tr><tr><td>F\u00f3rmula 1<\/td><td>GP da Austr\u00e1lia<\/td><td>Classifica\u00e7\u00e3o<\/td><td>02:00<\/td><td>F1 TV | Band | BandSports<\/td><\/tr><tr><td>Moto3<\/td><td>GP da Argentina<\/td><td>Treino livre 3<\/td><td>08:40<\/td><td>Star+ | ESPN<\/td><\/tr><tr><td>Moto2<\/td><td>GP da Argentina<\/td><td>Treino livre 3<\/td><td>09:25<\/td><td>Star+ | ESPN<\/td><\/tr><tr><td>Indy<\/td><td>GP do Texas<\/td><td>Treino livre 1<\/td><td>10:00<\/td><td>Star+ | ESPN<\/td><\/tr><tr><td>MotoGP<\/td><td>GP da Argentina<\/td><td>Treino livre <\/td><td>10:10<\/td><td>Star+ | ESPN<\/td><\/tr><tr><td>MotoGP<\/td><td>GP da Argentina<\/td><td>Classifica\u00e7\u00e3o<\/td><td>10:50<\/td><td>Star+ | ESPN<\/td><\/tr><tr><td>Moto3<\/td><td>GP da Argentina<\/td><td>Classifica\u00e7\u00e3o<\/td><td>12:50<\/td><td>Star+ | ESPN<\/td><\/tr><tr><td>Stock Car<\/td><td>Goi\u00e2nia<\/td><td>Classifica\u00e7\u00e3o<\/td><td>13:00<\/td><td>SporTV 2<\/td><\/tr><tr><td>Indy<\/td><td>GP do Texas<\/td><td>Classifica\u00e7\u00e3o<\/td><td>13:15<\/td><td>Star+<\/td><\/tr><tr><td>Moto2<\/td><td>GP da Argentina<\/td><td>Classifica\u00e7\u00e3o<\/td><td>13:45<\/td><td>Star+ | ESPN<\/td><\/tr><tr><td>MotoGP<\/td><td>GP da Argentina<\/td><td>Corrida Sprint<\/td><td>15:00<\/td><td>Star+ | ESPN<\/td><\/tr><tr><td>F\u00f3rmula 3<\/td><td>Austr\u00e1lia<\/td><td>Corrida Principal<\/td><td>20:05<\/td><td>F1 TV | BandSports<\/td><\/tr><tr><td>F\u00f3rmula 2<\/td><td>Austr\u00e1lia<\/td><td>Corrida Principal<\/td><td>22:35<\/td><td>F1 TV | BandSports<\/td><\/tr><\/tbody><\/table><\/figure>\n\n\n\n<h3 class=\"wp-block-heading\"><strong>Domingo, 2 de abril<\/strong><\/h3>\n\n\n\n<figure class=\"wp-block-table\"><table><tbody><tr><td>CATEGORIA<\/td><td>ETAPA<\/td><td>ATIVIDADE<\/td><td>HORA<\/td><td>EMISSORA<\/td><\/tr><tr><td>F\u00f3rmula 1<\/td><td>GP da Austr\u00e1lia<\/td><td>Corrida<\/td><td>01:40<\/td><td><a href=\"https:\/\/bit.ly\/GPCanal\" class=\"ek-link\"><strong>GRANDE PR\u00caM<\/strong><\/a><strong><a href=\"https:\/\/bit.ly\/GPCanal\" class=\"ek-link\">IO<\/a><\/strong><\/td><\/tr><tr><td>F\u00f3rmula 1<\/td><td>GP da Austr\u00e1lia<\/td><td>Corrida<\/td><td>02:00<\/td><td>F1 TV | Band <\/td><\/tr><tr><td>Moto3<\/td><td>GP da Argentina<\/td><td>Corrida <\/td><td>11:00<\/td><td>Star+ | ESPN<\/td><\/tr><tr><td>Stock Car <\/td><td>Goi\u00e2nia<\/td><td>Corrida 1<\/td><td>11:40<\/td><td>Band | SporTV 3<\/td><\/tr><tr><td>Moto2<\/td><td>GP da Argentina<\/td><td>Corrida<\/td><td>12:15<\/td><td>Star+ | ESPN<\/td><\/tr><tr><td>Stock Car <\/td><td>Goi\u00e2nia<\/td><td>Corrida 2<\/td><td>12:20<\/td><td>Band | SporTV 3<\/td><\/tr><tr><td>Indy<\/td><td>GP do Texas<\/td><td>Corrida<\/td><td>13:00<\/td><td>TV Cultura | Star+ | ESPN 3<\/td><\/tr><tr><td>MotoGP<\/td><td>GP da Argentina<\/td><td>Corrida<\/td><td>14:00<\/td><td>Star+ | ESPN<\/td><\/tr><\/tbody><\/table><\/figure>\n\n\n\n<h3 class=\"wp-block-heading\"><strong>Programa\u00e7\u00e3o do GRANDE PR\u00caMIO<\/strong><\/h3>\n\n\n\n<figure class=\"wp-block-table\"><table><tbody><tr><td>PROGRAMA<\/td><td>ETAPA<\/td><td>ATIVIDADE<\/td><td>HORA<\/td><td>TRANSMISS\u00c3O<\/td><\/tr><tr><td>Briefing (SEX)<\/td><td>GP da Austr\u00e1lia<\/td><td>P\u00f3s-treinos livres<\/td><td>03:00<\/td><td><a href=\"https:\/\/bit.ly\/GPCanal\">GPTV (YouTube)<\/a><\/td><\/tr><tr><td>Briefing (SAB)<\/td><td>GP da Austr\u00e1lia<\/td><td>P\u00f3s-classifica\u00e7\u00e3o<\/td><td>03:00<\/td><td><a href=\"https:\/\/bit.ly\/GPCanal\">GPTV (YouTube)<\/a><\/td><\/tr><tr><td>Briefing (DOM)<\/td><td>GP da Austr\u00e1lia<\/td><td>Pr\u00e9-corrida<\/td><td>00:30<\/td><td><a href=\"https:\/\/bit.ly\/GPCanal\">GPTV (YouTube)<\/a><\/td><\/tr><tr><td>Briefing (DOM)<\/td><td>GP da Austr\u00e1lia<\/td><td>P\u00f3s-corrida<\/td><td>Ap\u00f3s a chegada<\/td><td><a href=\"https:\/\/bit.ly\/GPCanal\">GPTV (YouTube)<\/a><\/td><\/tr><\/tbody><\/table><\/figure>\n","protected":false},"excerpt":{"rendered":"<p>O fim de semana do esporte a motor vem recheado entre os dias 31 de mar\u00e7o e 2 de abril. A F\u00f3rmula 1 viaja \u00e0 Austr\u00e1lia e leva consigo a F2 e a F3. A Indy disputa segunda etapa no Texas, enquanto a MotoGP desembarca na Argentina. E ainda tem a abertura da Stock Car em Goi\u00e2nia. Confira a programa\u00e7\u00e3o de TV e do streaming<\/p>\n","protected":false},"author":0,"featured_media":1000555899,"comment_status":"closed","ping_status":"closed","sticky":false,"template":"","format":"standard","meta":{"42wp_featured_image_caption":"","42wp_featured_image_credits":"","42wp_featured_video":"","42wp_featured_image_hidden":false,"42wp_authors_list":[],"footnotes":""},"categories":[38],"tags":[1159,4346,1566,27776,34186,27487,34185,1280,32017,33847,5660,8235,33526,969,6513,147,6533,642,11958,160,33890,180,30722,2130,5545,1753,3920,1491,30103,28285,2306,159,25977,94,1757,1930,1809,78,27538,3724,28415,32087,33467,29784,34187,25771,26036,34066,31292,29781,69,675,17143,25978,2036],"42wp_author":[47109],"class_list":["post-104415","post","type-post","status-publish","format-standard","has-post-thumbnail","hentry","category-programacao-tv","tag-1159","tag-albert-park","tag-ao-vivo","tag-assistir-f1-ao-vivo","tag-assistir-f1-gratis","tag-assistir-f1-online","tag-australia-f1-2023","tag-band","tag-calendario-f1-2023","tag-calendario-f1-2023-horarios","tag-classificacao","tag-classificacao-da-f1","tag-classificacao-f1-2023","tag-corrida","tag-espn","tag-f1","tag-f1-2023","tag-f1-ao-vivo","tag-f1-live","tag-f1-tv","tag-f1-tv-2023","tag-formula-1","tag-formula-1-2023","tag-goiania","tag-gp-da-argentina","tag-gp-da-australia","tag-gp-do-texas","tag-grande-premio","tag-grande-premio-f1","tag-grandepremio","tag-grid-de-largada","tag-horarios-da-f1","tag-indy-2023","tag-indycar","tag-melbourne","tag-moto2","tag-moto3","tag-motogp","tag-motogp-2023","tag-mundial-de-f1","tag-novos-carros-da-f1","tag-onde-assistir","tag-onde-assistir-f1-2023","tag-onde-assistir-indy","tag-onde-assistir-motogp","tag-programacao","tag-programacao-de-tv","tag-segunda-tela","tag-star-plus","tag-star","tag-stock-car","tag-streaming","tag-tempo-real","tag-temporada-2023","tag-treinos-livres","42wp_author-redacao-gp"],"_links":{"self":[{"href":"https:\/\/grandepremio.com\/br\/wp-json\/wp\/v2\/posts\/104415","targetHints":{"allow":["GET"]}}],"collection":[{"href":"https:\/\/grandepremio.com\/br\/wp-json\/wp\/v2\/posts"}],"about":[{"href":"https:\/\/grandepremio.com\/br\/wp-json\/wp\/v2\/types\/post"}],"replies":[{"embeddable":true,"href":"https:\/\/grandepremio.com\/br\/wp-json\/wp\/v2\/comments?post=104415"}],"version-history":[{"count":0,"href":"https:\/\/grandepremio.com\/br\/wp-json\/wp\/v2\/posts\/104415\/revisions"}],"wp:featuredmedia":[{"embeddable":true,"href":"https:\/\/grandepremio.com\/br\/wp-json\/wp\/v2\/media\/1000555899"}],"wp:attachment":[{"href":"https:\/\/grandepremio.com\/br\/wp-json\/wp\/v2\/media?parent=104415"}],"wp:term":[{"taxonomy":"category","embeddable":true,"href":"https:\/\/grandepremio.com\/br\/wp-json\/wp\/v2\/categories?post=104415"},{"taxonomy":"post_tag","embeddable":true,"href":"https:\/\/grandepremio.com\/br\/wp-json\/wp\/v2\/tags?post=104415"},{"taxonomy":"42wp_author","embeddable":true,"href":"https:\/\/grandepremio.com\/br\/wp-json\/wp\/v2\/42wp_author?post=104415"}],"curies":[{"name":"wp","href":"https:\/\/api.w.org\/{rel}","templated":true}]}}