{"id":104458,"date":"2023-03-28T04:15:00","date_gmt":"2023-03-28T07:15:00","guid":{"rendered":"https:\/\/grandepremio.com\/br\/noticias\/chefe-f1-quer-mudancas-sessoes-treino-livre-publico-nao-gosta\/"},"modified":"2023-03-27T21:57:29","modified_gmt":"2023-03-28T00:57:29","slug":"chefe-f1-quer-mudancas-sessoes-treino-livre-publico-nao-gosta","status":"publish","type":"post","link":"https:\/\/grandepremio.com\/br\/f1\/chefe-f1-quer-mudancas-sessoes-treino-livre-publico-nao-gosta\/","title":{"rendered":"Chefe da F1 prop\u00f5e mudan\u00e7as e fala em eliminar treinos livres: &#8220;P\u00fablico n\u00e3o gosta&#8221;"},"content":{"rendered":"\n<p class=\"wp-block-paragraph\">A <strong>F\u00f3rmula 1<\/strong> pode mudar o formato dos fins de semana de GP em breve, no que depender do CEO da categoria, <strong>Stefano Domenicali<\/strong>. O dirigente acompanhou a primeira etapa da temporada da <strong>MotoGP<\/strong>, em Portugal, e afirmou que \u00e9 a favor de uma altera\u00e7\u00e3o para tornar as etapas mais emocionantes. Na verdade, o italiano entende que atualmente o Mundial poderia ter menos treinos livres e mais sess\u00f5es decisivas. Isso tamb\u00e9m \u00e9 um reflexo do longo calend\u00e1rio da F1, al\u00e9m da adi\u00e7\u00e3o das corridas sprints. <\/p>\n\n\n\n<p class=\"wp-block-paragraph\">O <strong>Mundial de Motovelocidade<\/strong> promoveu mudan\u00e7as para 2023, reduzindo os treinos livres para acrescentar corridas sprint. J\u00e1 na F1, a programa\u00e7\u00e3o prev\u00ea tr\u00eas treinos, sendo dois na sexta-feira e um no s\u00e1bado, todas com dura\u00e7\u00e3o de uma hora. No caso da corrida curta, as equipes perdem uma sess\u00e3o livre.<\/p>\n\n\n\n<p class=\"wp-block-paragraph\">&#8220;Sou a favor do cancelamento dos treinos livres [no atual formato], que s\u00e3o de grande utilidade para os engenheiros, mas que o p\u00fablico n\u00e3o gosta&#8221;, disse Domenicali em entrevista \u00e0 emissora de televis\u00e3o portuguesa Sport TV.<\/p>\n\n\n\n<p class=\"wp-block-paragraph\"><a href=\"https:\/\/www.grandepremio.com\/br\/f1\/noticias\/chefao-formula-1-reduzir-treinos-livres-distribuir-mais-pontos-fins-semana\/\" class=\"ek-link\">N\u00e3o \u00e9 a primeira vez que o chef\u00e3o fala sobre o interesse de mudar os treinos<\/a>. No ano passado, em entrevista ao jornal italiano Corriere della Sera, Domenicali detalhou as ideias que est\u00e3o sendo discutidas para o TL1 e para o TL2.<\/p>\n\n\n\n<p class=\"wp-block-paragraph\"><strong>\u25b6\ufe0f&nbsp;Inscreva-se nos dois canais do GRANDE PR\u00caMIO no YouTube:&nbsp;<a href=\"https:\/\/www.youtube.com\/channel\/UC9OlHEgxoaY6QY6nWPoiqQg?sub_confirmation=1\" target=\"_blank\" rel=\"noreferrer noopener\">GP<\/a>&nbsp;|&nbsp;<a href=\"https:\/\/www.youtube.com\/channel\/UC9csiS6q_C3C0FYhyr1rnFA?sub_confirmation=1\" target=\"_blank\" rel=\"noreferrer noopener\">GP2<\/a><\/strong><br><strong>\u25b6\ufe0f&nbsp;<a href=\"https:\/\/www.twitch.tv\/grandepremio\" target=\"_blank\" rel=\"noreferrer noopener\">Conhe\u00e7a o canal do GRANDE PR\u00caMIO na Twitch clicando aqui!<\/a><\/strong><\/p>\n\n\n\n<figure class=\"wp-block-image aligncenter size-full\"><img decoding=\"async\" src=\"https:\/\/www.grandepremio.com\/br\/wp-content\/uploads\/2023\/02\/image-2-1.png\" alt=\"\" class=\"wp-image-649885\"\/><figcaption>Domenicali quer tornar as sess\u00f5es de treino mais competitivas, que possam valer pontos o campeonato (Foto: F\u00f3rmula 1)<\/figcaption><\/figure>\n\n\n\n<p class=\"wp-block-paragraph\">\u201cEm um fim de semana normal, aquele que consiste em treinos livres 1 e 2 na sexta-feira, cada sess\u00e3o deve conceder pontos ou voltas \u00fanicas de classifica\u00e7\u00e3o, ou uma classifica\u00e7\u00e3o para uma corrida de s\u00e1bado diferente e mais curta, em vez do terceiro [treino] livre, talvez com o mecanismo do grid reverso&#8221;, falou.<\/p>\n\n\n\n<p class=\"wp-block-paragraph\">&#8220;Estamos colocando muitas ideias em cima da mesa. Muitas pessoas dizem que n\u00e3o, mas vimos em algumas ocasi\u00f5es a beleza [de entregar grids mistos] de mais ultrapassagens&#8221;, completou.<\/p>\n\n\n\n<p class=\"wp-block-paragraph\">O objetivo do CEO da F1 \u00e9 deixar as sess\u00f5es de treino mais atrativas e que possam ser competitivas para os campeonatos de Pilotos e de Construtores. Caso alguma mudan\u00e7a seja aprovada, o que aconteceria no segundo semestre deste ano, a expectativa \u00e9 de que as novas regras sejam aplicadas apenas na temporada de 2024.<\/p>\n","protected":false},"excerpt":{"rendered":"<p>Declara\u00e7\u00e3o de Stefano Domenicali foi dada \u00e0 emissora de TV neste domingo e confirma interesse de mudan\u00e7a por parte do CEO da F\u00f3rmula 1, j\u00e1 detalhado em entrevista no ano passado<\/p>\n","protected":false},"author":0,"featured_media":1000665900,"comment_status":"closed","ping_status":"closed","sticky":false,"template":"","format":"standard","meta":{"42wp_featured_image_caption":"","42wp_featured_image_credits":"","42wp_featured_video":"","42wp_featured_image_hidden":false,"42wp_authors_list":[],"footnotes":""},"categories":[2],"tags":[147,6533,642,160,180,30722,1491,30103,28285,2306,159,714,32087,33467,907,2036],"42wp_author":[47153],"class_list":["post-104458","post","type-post","status-publish","format-standard","has-post-thumbnail","hentry","category-f1","tag-f1","tag-f1-2023","tag-f1-ao-vivo","tag-f1-tv","tag-formula-1","tag-formula-1-2023","tag-grande-premio","tag-grande-premio-f1","tag-grandepremio","tag-grid-de-largada","tag-horarios-da-f1","tag-liberty-media","tag-onde-assistir","tag-onde-assistir-f1-2023","tag-stefano-domenicali","tag-treinos-livres","42wp_author-gabriel-pitor"],"_links":{"self":[{"href":"https:\/\/grandepremio.com\/br\/wp-json\/wp\/v2\/posts\/104458","targetHints":{"allow":["GET"]}}],"collection":[{"href":"https:\/\/grandepremio.com\/br\/wp-json\/wp\/v2\/posts"}],"about":[{"href":"https:\/\/grandepremio.com\/br\/wp-json\/wp\/v2\/types\/post"}],"replies":[{"embeddable":true,"href":"https:\/\/grandepremio.com\/br\/wp-json\/wp\/v2\/comments?post=104458"}],"version-history":[{"count":0,"href":"https:\/\/grandepremio.com\/br\/wp-json\/wp\/v2\/posts\/104458\/revisions"}],"wp:featuredmedia":[{"embeddable":true,"href":"https:\/\/grandepremio.com\/br\/wp-json\/wp\/v2\/media\/1000665900"}],"wp:attachment":[{"href":"https:\/\/grandepremio.com\/br\/wp-json\/wp\/v2\/media?parent=104458"}],"wp:term":[{"taxonomy":"category","embeddable":true,"href":"https:\/\/grandepremio.com\/br\/wp-json\/wp\/v2\/categories?post=104458"},{"taxonomy":"post_tag","embeddable":true,"href":"https:\/\/grandepremio.com\/br\/wp-json\/wp\/v2\/tags?post=104458"},{"taxonomy":"42wp_author","embeddable":true,"href":"https:\/\/grandepremio.com\/br\/wp-json\/wp\/v2\/42wp_author?post=104458"}],"curies":[{"name":"wp","href":"https:\/\/api.w.org\/{rel}","templated":true}]}}