{"id":104476,"date":"2023-03-27T05:15:04","date_gmt":"2023-03-27T08:15:04","guid":{"rendered":"https:\/\/grandepremio.com\/br\/noticias\/stoffel-vandoorne-lamenta-6o-lugar-apos-pole-em-sp-e-admite-temos-de-melhorar-na-corrida\/"},"modified":"2023-03-27T06:03:21","modified_gmt":"2023-03-27T09:03:21","slug":"stoffel-vandoorne-lamenta-6o-lugar-apos-pole-em-sp-e-admite-temos-de-melhorar-na-corrida","status":"publish","type":"post","link":"https:\/\/grandepremio.com\/br\/formula-e\/stoffel-vandoorne-lamenta-6o-lugar-apos-pole-em-sp-e-admite-temos-de-melhorar-na-corrida\/","title":{"rendered":"Vandoorne lamenta 6\u00ba lugar ap\u00f3s pole em SP e admite: &#8220;Temos de melhorar em corrida&#8221;"},"content":{"rendered":"\n<figure class=\"wp-block-embed is-type-video is-provider-youtube wp-block-embed-youtube wp-embed-aspect-16-9 wp-has-aspect-ratio\"><div class=\"wp-block-embed__wrapper\">\n<iframe loading=\"lazy\" title=\"F\u00d3RMULA E 2023 - eP DE S\u00c3O PAULO | 6\u00aa etapa | Corrida\" width=\"500\" height=\"281\" src=\"https:\/\/www.youtube.com\/embed\/-WetJmHLGXY?feature=oembed\" frameborder=\"0\" allow=\"accelerometer; autoplay; clipboard-write; encrypted-media; gyroscope; picture-in-picture; web-share\" referrerpolicy=\"strict-origin-when-cross-origin\" allowfullscreen><\/iframe>\n<\/div><\/figure>\n\n\n\n<p class=\"wp-block-paragraph\"><strong>Stoffel Vandoorne <\/strong>conquistou a pole para o <strong>eP de S\u00e3o Paulo<\/strong>, mas, na prova, perdeu terreno e terminou em sexto. O atual campe\u00e3o da <strong>F\u00f3rmula E <\/strong>ainda est\u00e1 encontrando o caminho para alcan\u00e7ar melhores resultados com a <strong>DS Penske <\/strong>ap\u00f3s n\u00e3o come\u00e7ar bem a jornada pela defesa do t\u00edtulo.<strong>&nbsp;<\/strong>E v\u00ea o time ainda carecendo de ritmo nas corridas.<\/p>\n\n\n\n<p class=\"wp-block-paragraph\">Em entrevista ao <strong>GRANDE PR\u00caMIO, <\/strong>Vandoorne trouxe o desapontamento e aprendizado obtido no <strong>Anhembi<\/strong>, concluindo que \u00e9 preciso uma melhoria no desempenho do carro durante as provas. Al\u00e9m disso, comentou sobre os desafios e a import\u00e2ncia de n\u00e3o liderar no in\u00edcio, visando um melhor gerenciamento de energia.&nbsp;<\/p>\n\n\n\n<p class=\"wp-block-paragraph\">&#8220;Um pouco desapontado, porque come\u00e7ar largando na frente, voc\u00ea obviamente quer chegar ao p\u00f3dio. Sabia que essa prova seria muito desafiadora, na verdade, liderar a corrida n\u00e3o era uma grande ideia de come\u00e7o&#8221;, observou.<\/p>\n\n\n\n<figure class=\"wp-block-image aligncenter size-large is-resized\"><img loading=\"lazy\" decoding=\"async\" src=\"https:\/\/www.grandepremio.com\/br\/wp-content\/uploads\/2023\/03\/EPS906_140502SB3_5121-2048x2048-1-683x1024.jpg\" alt=\"\" class=\"wp-image-665331\" width=\"637\" height=\"955\"\/><figcaption>Vandoorne conquistou a primeira pole do ano no eP de S\u00e3o Paulo (Foto: F\u00f3rmula E)<\/figcaption><\/figure>\n\n\n\n<p class=\"wp-block-paragraph\">&#8220;Temos de levar esse aprendizado. Por outro lado, tivemos uma pole neste fim de semana, me senti muito bem com o desempenho do carro, mas temos de melhorar durante a corrida\u201d, continuou Vandoorne.<\/p>\n\n\n\n<p class=\"wp-block-paragraph\">O atual campe\u00e3o tamb\u00e9m tratou de afastar a press\u00e3o de repetir o feito do ano passado. \u201cTenho um longo caminho para percorrer, n\u00e3o \u00e9 o momento de pensar nisso e, sim, converter bons desempenhos em bons resultados\u201d, ressaltou.<\/p>\n\n\n\n<p class=\"wp-block-paragraph\"><strong>\u25b6\ufe0f&nbsp;Inscreva-se nos dois canais do GRANDE PR\u00caMIO no YouTube:&nbsp;<\/strong><a href=\"https:\/\/www.youtube.com\/channel\/UC9OlHEgxoaY6QY6nWPoiqQg?sub_confirmation=1\" target=\"_blank\" rel=\"noreferrer noopener\"><strong>GP&nbsp;|&nbsp;GP2<\/strong><br><\/a><strong>\u25b6\ufe0f&nbsp;<a href=\"https:\/\/www.twitch.tv\/grandepremio\" target=\"_blank\" rel=\"noreferrer noopener\">Conhe\u00e7a o canal do GRANDE PR\u00caMIO na Twitch clicando aqui!<\/a><\/strong><\/p>\n\n\n\n<p class=\"wp-block-paragraph\">A&nbsp;<a href=\"https:\/\/www.grandepremio.com\/br\/formula-e\/\"><\/a><a href=\"https:\/\/www.grandepremio.com\/br\/formula-e\/\" target=\"_blank\" rel=\"noreferrer noopener\">F\u00f3rmula E<\/a>&nbsp;retorna em abril com a rodada dupla em&nbsp;<a href=\"https:\/\/www.grandepremio.com\/br\/circuito\/berlim\/\">Berlim<\/a>, na Alemanha, em circuito montado no Aeroporto de Tempelhof, nos dias 22 e 23 de abril.&nbsp;<\/p>\n\n\n\n<figure class=\"wp-block-embed is-type-video is-provider-youtube wp-block-embed-youtube wp-embed-aspect-16-9 wp-has-aspect-ratio\"><div class=\"wp-block-embed__wrapper\">\n<iframe loading=\"lazy\" title=\"&quot;TEMOS UM CAMPEONATO!&quot;: O QUE S\u00c3O PAULO MOSTROU PARA F\u00d3RMULA E\" width=\"500\" height=\"281\" src=\"https:\/\/www.youtube.com\/embed\/TlpaJM_MhZ4?feature=oembed\" frameborder=\"0\" allow=\"accelerometer; autoplay; clipboard-write; encrypted-media; gyroscope; picture-in-picture; web-share\" referrerpolicy=\"strict-origin-when-cross-origin\" allowfullscreen><\/iframe>\n<\/div><\/figure>\n","protected":false},"excerpt":{"rendered":"<p>Pole do eP de S\u00e3o Paulo, Stoffel Vandoorne n\u00e3o conseguiu repetir o sucesso da classifica\u00e7\u00e3o e concluiu que s\u00e3o necess\u00e1rias melhorias no desempenho do carro durante as corridas<\/p>\n","protected":false},"author":0,"featured_media":1000665330,"comment_status":"closed","ping_status":"closed","sticky":false,"template":"","format":"standard","meta":{"42wp_featured_image_caption":"","42wp_featured_image_credits":"","42wp_featured_video":"","42wp_featured_image_hidden":false,"42wp_authors_list":[],"footnotes":""},"categories":[19],"tags":[10783,31465,31468,30779,840,31435,910,909,2128,265,976,967,21380],"42wp_author":[47150,47119,47109],"class_list":["post-104476","post","type-post","status-publish","format-standard","has-post-thumbnail","hentry","category-formula-e","tag-anhembi","tag-ds-penske","tag-ep-de-sao-paulo","tag-fe-2023","tag-formula-e","tag-formula-e-2023","tag-jaguar","tag-mitch-evans","tag-nick-cassidy","tag-penske","tag-sam-bird","tag-stoffel-vandoorne","tag-vandoorne","42wp_author-carol-sales","42wp_author-gabriel-carvalho","42wp_author-redacao-gp"],"_links":{"self":[{"href":"https:\/\/grandepremio.com\/br\/wp-json\/wp\/v2\/posts\/104476","targetHints":{"allow":["GET"]}}],"collection":[{"href":"https:\/\/grandepremio.com\/br\/wp-json\/wp\/v2\/posts"}],"about":[{"href":"https:\/\/grandepremio.com\/br\/wp-json\/wp\/v2\/types\/post"}],"replies":[{"embeddable":true,"href":"https:\/\/grandepremio.com\/br\/wp-json\/wp\/v2\/comments?post=104476"}],"version-history":[{"count":0,"href":"https:\/\/grandepremio.com\/br\/wp-json\/wp\/v2\/posts\/104476\/revisions"}],"wp:featuredmedia":[{"embeddable":true,"href":"https:\/\/grandepremio.com\/br\/wp-json\/wp\/v2\/media\/1000665330"}],"wp:attachment":[{"href":"https:\/\/grandepremio.com\/br\/wp-json\/wp\/v2\/media?parent=104476"}],"wp:term":[{"taxonomy":"category","embeddable":true,"href":"https:\/\/grandepremio.com\/br\/wp-json\/wp\/v2\/categories?post=104476"},{"taxonomy":"post_tag","embeddable":true,"href":"https:\/\/grandepremio.com\/br\/wp-json\/wp\/v2\/tags?post=104476"},{"taxonomy":"42wp_author","embeddable":true,"href":"https:\/\/grandepremio.com\/br\/wp-json\/wp\/v2\/42wp_author?post=104476"}],"curies":[{"name":"wp","href":"https:\/\/api.w.org\/{rel}","templated":true}]}}