{"id":104478,"date":"2023-03-27T04:45:46","date_gmt":"2023-03-27T07:45:46","guid":{"rendered":"https:\/\/grandepremio.com\/br\/noticias\/james-vowles-williams-avalia-trocar-fornecedor-motor-2026-nao-estamos-presos-mercedes\/"},"modified":"2023-03-27T05:52:01","modified_gmt":"2023-03-27T08:52:01","slug":"james-vowles-williams-avalia-trocar-fornecedor-motor-2026-nao-estamos-presos-mercedes","status":"publish","type":"post","link":"https:\/\/grandepremio.com\/br\/f1\/james-vowles-williams-avalia-trocar-fornecedor-motor-2026-nao-estamos-presos-mercedes\/","title":{"rendered":"Williams v\u00ea liberdade para escolher motor em 2026: &#8220;N\u00e3o estamos presos \u00e0 Mercedes&#8221;"},"content":{"rendered":"\n<figure class=\"wp-block-embed is-type-video is-provider-youtube wp-block-embed-youtube wp-embed-aspect-16-9 wp-has-aspect-ratio\"><div class=\"wp-block-embed__wrapper\">\n<iframe loading=\"lazy\" title=\"SEM REPESCAGEM: MERCEDES EST\u00c1 NO PARED\u00c3O DA F1 SEM BATE-VOLTA | WGP\" width=\"500\" height=\"281\" src=\"https:\/\/www.youtube.com\/embed\/B0oMH2MPyqY?feature=oembed\" frameborder=\"0\" allow=\"accelerometer; autoplay; clipboard-write; encrypted-media; gyroscope; picture-in-picture; web-share\" referrerpolicy=\"strict-origin-when-cross-origin\" allowfullscreen><\/iframe>\n<\/div><\/figure>\n\n\n\n<p class=\"wp-block-paragraph\">O futuro da parceria da <strong>Williams<\/strong> com a <strong>Mercedes<\/strong> \u2014 fornecedora atual da unidade de pot\u00eancia da equipe inglesa \u2014 est\u00e1 ainda em an\u00e1lise. Segundo o chefe, James Vowles, o time de Grove ainda avalia qual caminho tomar\u00e1 <a href=\"https:\/\/www.grandepremio.com\/br\/f1\/noticias\/williams-diz-que-honda-esta-longe-de-ser-candidata-seria-e-afasta-chance-de-acordo\/\" class=\"ek-link\">para 2026 em diante<\/a>, quando se encerra o contrato com a escuderia alem\u00e3.<\/p>\n\n\n\n<p class=\"wp-block-paragraph\">Existe a possibilidade de a Mercedes precisar cortar neg\u00f3cios com uma equipe do grid, dado que o regulamento prev\u00ea que uma equipe produtora s\u00f3 possa fabricar motores para at\u00e9 outros dois advers\u00e1rios, a n\u00e3o ser que haja um acordo com a <strong>FIA<\/strong> (Federa\u00e7\u00e3o Internacional de Automobilismo). Para esta temporada, a Mercedes conseguiu novamente o acordo \u2014 atualmente, <strong>Williams<\/strong>, <strong>McLaren<\/strong> e <strong>Aston<\/strong> <strong>Martin<\/strong> recebem unidades de pot\u00eancia com o selo alem\u00e3o, enquanto a Alpine s\u00f3 fabrica para ela mesma e a <a href=\"https:\/\/www.grandepremio.com\/br\/f1\/noticias\/honda-afirma-varias-equipes-interessadas-motores-f1-2026\/\" class=\"ek-link\">Honda est\u00e1 inscrita para 2026,<\/a> mas a parceira Red Bull <a href=\"https:\/\/www.grandepremio.com\/br\/f1\/noticias\/red-bull-confirma-acordo-com-ford-para-temporada-2026-da-formula-1\/\" class=\"ek-link\">j\u00e1 tem acordo com a Ford<\/a>.<\/p>\n\n\n\n<figure class=\"wp-block-image size-large\"><img decoding=\"async\" src=\"https:\/\/www.grandepremio.com\/br\/wp-content\/uploads\/2023\/03\/williams-alexanderalbon-01-8-1024x684.jpg\" alt=\"\" class=\"wp-image-662795\"\/><figcaption>Alexander Albon, durante GP da Ar\u00e1bia Saudita, em Jed\u00e1 (Foto: Williams)<\/figcaption><\/figure>\n\n\n\n<p class=\"wp-block-paragraph\"><strong>\u25b6\ufe0f&nbsp;Inscreva-se nos dois canais do GRANDE PR\u00caMIO no YouTube:&nbsp;<a href=\"https:\/\/www.youtube.com\/channel\/UC9OlHEgxoaY6QY6nWPoiqQg?sub_confirmation=1\" target=\"_blank\" rel=\"noreferrer noopener\">GP<\/a>&nbsp;|&nbsp;<a href=\"https:\/\/www.youtube.com\/channel\/UC9csiS6q_C3C0FYhyr1rnFA?sub_confirmation=1\" target=\"_blank\" rel=\"noreferrer noopener\">GP2<\/a><\/strong><br><strong>\u25b6\ufe0f&nbsp;<a href=\"https:\/\/www.twitch.tv\/grandepremio\" target=\"_blank\" rel=\"noreferrer noopener\">Conhe\u00e7a o canal do GRANDE PR\u00caMIO na Twitch clicando aqui!<\/a><\/strong><\/p>\n\n\n\n<p class=\"wp-block-paragraph\">&#8220;Neste momento, estamos ainda no processo de avalia\u00e7\u00e3o das op\u00e7\u00f5es dispon\u00edveis&#8221;, explicou Vowles. &#8220;As regras que ditar\u00e3o depois de 2025 s\u00e3o as mesmas, ali\u00e1s, que j\u00e1 deveriam ter limitado [a Mercedes] a menos acordos de venda de unidades de pot\u00eancias que eles exercem atualmente.&#8221;<\/p>\n\n\n\n<p class=\"wp-block-paragraph\">&#8220;Acho que se trata de uma discuss\u00e3o em andamento. Mas n\u00e3o, n\u00e3o estamos presos \u00e0 Mercedes. Ainda estamos em processo de an\u00e1lise&#8221;, declarou. <\/p>\n\n\n\n<p class=\"wp-block-paragraph\">E o jogo de xadrez vai ser grande. Al\u00e9m de Honda e Alpine, a Ferrari, nome bem mais tradicional, tamb\u00e9m deve procurar op\u00e7\u00f5es, dado que perder\u00e1 a Alfa Romeo para a Audi, enquanto a Ford ter\u00e1 Red Bull e AlphaTauri. <\/p>\n\n\n\n<p class=\"wp-block-paragraph\">A&nbsp;<a href=\"https:\/\/www.grandepremio.com\/formula-1\/\" target=\"_blank\" rel=\"noreferrer noopener\"><\/a><a href=\"https:\/\/www.grandepremio.com\/formula-1\/\" target=\"_blank\" rel=\"noreferrer noopener\">F\u00f3rmula 1<\/a>&nbsp;retoma suas atividades no dia 2 de abril, com o&nbsp;<strong>GP da Austr\u00e1lia<\/strong>, terceira etapa do calend\u00e1rio de 2023.<\/p>\n\n\n\n<figure class=\"wp-block-embed is-type-video is-provider-youtube wp-block-embed-youtube wp-embed-aspect-16-9 wp-has-aspect-ratio\"><div class=\"wp-block-embed__wrapper\">\n<iframe loading=\"lazy\" title=\"&amp;apos;VERSTAPPEN EST\u00c1 LIVRE PARA CORINGAR&amp;apos; NA F1 2023\" width=\"500\" height=\"281\" src=\"https:\/\/www.youtube.com\/embed\/iL4sffHLaIU?feature=oembed\" frameborder=\"0\" allow=\"accelerometer; autoplay; clipboard-write; encrypted-media; gyroscope; picture-in-picture; web-share\" referrerpolicy=\"strict-origin-when-cross-origin\" allowfullscreen><\/iframe>\n<\/div><\/figure>\n","protected":false},"excerpt":{"rendered":"<p>Chefe da Williams, James Vowles ainda afirmou que decis\u00e3o sobre a pr\u00f3xima fabricante de unidades de pot\u00eancia deve vir antes do fim deste ano. Honda, Renault e Ferrari s\u00e3o possibilidades caso a renova\u00e7\u00e3o com a Mercedes n\u00e3o saia<\/p>\n","protected":false},"author":0,"featured_media":1000654657,"comment_status":"closed","ping_status":"closed","sticky":false,"template":"","format":"standard","meta":{"42wp_featured_image_caption":"","42wp_featured_image_credits":"","42wp_featured_video":"","42wp_featured_image_hidden":false,"42wp_authors_list":[],"footnotes":""},"categories":[2],"tags":[654,147,6533,180,1491,4149,82,215],"42wp_author":[47156],"class_list":["post-104478","post","type-post","status-publish","format-standard","has-post-thumbnail","hentry","category-f1","tag-alexander-albon","tag-f1","tag-f1-2023","tag-formula-1","tag-grande-premio","tag-james-vowles","tag-mercedes","tag-williams","42wp_author-valentin-furlan"],"_links":{"self":[{"href":"https:\/\/grandepremio.com\/br\/wp-json\/wp\/v2\/posts\/104478","targetHints":{"allow":["GET"]}}],"collection":[{"href":"https:\/\/grandepremio.com\/br\/wp-json\/wp\/v2\/posts"}],"about":[{"href":"https:\/\/grandepremio.com\/br\/wp-json\/wp\/v2\/types\/post"}],"replies":[{"embeddable":true,"href":"https:\/\/grandepremio.com\/br\/wp-json\/wp\/v2\/comments?post=104478"}],"version-history":[{"count":0,"href":"https:\/\/grandepremio.com\/br\/wp-json\/wp\/v2\/posts\/104478\/revisions"}],"wp:featuredmedia":[{"embeddable":true,"href":"https:\/\/grandepremio.com\/br\/wp-json\/wp\/v2\/media\/1000654657"}],"wp:attachment":[{"href":"https:\/\/grandepremio.com\/br\/wp-json\/wp\/v2\/media?parent=104478"}],"wp:term":[{"taxonomy":"category","embeddable":true,"href":"https:\/\/grandepremio.com\/br\/wp-json\/wp\/v2\/categories?post=104478"},{"taxonomy":"post_tag","embeddable":true,"href":"https:\/\/grandepremio.com\/br\/wp-json\/wp\/v2\/tags?post=104478"},{"taxonomy":"42wp_author","embeddable":true,"href":"https:\/\/grandepremio.com\/br\/wp-json\/wp\/v2\/42wp_author?post=104478"}],"curies":[{"name":"wp","href":"https:\/\/api.w.org\/{rel}","templated":true}]}}