{"id":104490,"date":"2023-03-26T12:43:33","date_gmt":"2023-03-26T15:43:33","guid":{"rendered":"https:\/\/grandepremio.com\/br\/noticias\/fim-marc-marquez-agressivo-demais-da-dupla-volta-longa-acidente-miguel-oliveira\/"},"modified":"2023-03-26T13:43:29","modified_gmt":"2023-03-26T16:43:29","slug":"fim-marc-marquez-agressivo-demais-da-dupla-volta-longa-acidente-miguel-oliveira","status":"publish","type":"post","link":"https:\/\/grandepremio.com\/br\/motogp\/fim-marc-marquez-agressivo-demais-da-dupla-volta-longa-acidente-miguel-oliveira\/","title":{"rendered":"FIM v\u00ea Marc M\u00e1rquez \u201cagressivo demais\u201d e d\u00e1 dupla volta longa por acidente com Oliveira"},"content":{"rendered":"\n<figure class=\"wp-block-video\"><video class=\"video-js vjs-big-play-centered\" data-gp-vjs=\"1\" controls src=\"https:\/\/www.grandepremio.com\/br\/wp-content\/uploads\/2023\/03\/tIbS1ghGQBP5YTHV.mp4\"><\/video><figcaption>Acidente entre M\u00e1rquez e Oliveira em Portugal (V\u00eddeo: MotoGP)<\/figcaption><\/figure>\n\n\n\n<p class=\"wp-block-paragraph\"><strong>Marc M\u00e1rquez<\/strong> n\u00e3o escapou sem puni\u00e7\u00e3o do <a href=\"https:\/\/www.grandepremio.com\/br\/motogp\/noticias\/marc-marquez-toca-jorge-martin-acerta-miguel-oliveira-acidente-gp-de-portugal\/\" class=\"ek-link\">acidente que causou com <strong>Miguel Oliveira<\/strong><\/a><strong> <\/strong>no <a href=\"https:\/\/www.grandepremio.com\/br\/motogp\/noticias\/francesco-bagnaia-domina-vence-gp-portugal-marc-marquez-toca-miguel-oliveira-abandona\/\" class=\"ek-link\">GP de <strong>Portugal <\/strong>deste domingo (26)<\/a>. O <strong>Painel de Comiss\u00e1rios da FIM<\/strong> (Federa\u00e7\u00e3o Internacional de Motociclismo) considerou que o espanhol foi irrespons\u00e1vel e aplicou a pena de volta longa dupla.<\/p>\n\n\n\n<p class=\"wp-block-paragraph\">Na disputa em <strong>Portim\u00e3o<\/strong>, Marc tentou passar <strong>Jorge Mart\u00edn <\/strong>na curva 3, mas tocou o espanhol e caiu, derrubando Oliveira como consequ\u00eancia. O portugu\u00eas precisou ser removido de maca da \u00e1rea de escape, mas os exames n\u00e3o revelaram nenhuma fratura.<\/p>\n\n\n\n<figure class=\"wp-block-image size-full\"><img decoding=\"async\" src=\"https:\/\/www.grandepremio.com\/br\/wp-content\/uploads\/2023\/03\/FsJgmsgWAAQ2Xyw.jpg\" alt=\"MOTOGP - CORRIDA - GP DE PORTUGAL - DIOGO MOREIRA\" class=\"wp-image-665390\"\/><figcaption>Miguel Oliveira foi atendido e encaminhado ao centro m\u00e9dico para exames (Foto: Reprodu\u00e7\u00e3o \/ MotoGP)<\/figcaption><\/figure>\n\n\n\n<p class=\"wp-block-paragraph\"><strong>\u25b6\ufe0f\u00a0Inscreva-se nos dois canais do GRANDE PR\u00caMIO no YouTube:\u00a0<a href=\"https:\/\/www.youtube.com\/channel\/UC9OlHEgxoaY6QY6nWPoiqQg?sub_confirmation=1\" target=\"_blank\" rel=\"noreferrer noopener\">GP<\/a>\u00a0|\u00a0<a href=\"https:\/\/www.youtube.com\/channel\/UC9csiS6q_C3C0FYhyr1rnFA?sub_confirmation=1\" target=\"_blank\" rel=\"noreferrer noopener\">GP2<\/a><\/strong><br><strong>\u25b6\ufe0f\u00a0<a href=\"https:\/\/www.twitch.tv\/grandepremio\" target=\"_blank\" rel=\"noreferrer noopener\">Conhe\u00e7a o canal do GRANDE PR\u00caMIO na Twitch clicando aqui!<\/a><\/strong><\/p>\n\n\n\n<p class=\"wp-block-paragraph\">O Painel de Comiss\u00e1rios, no entanto, considerou que o #93 foi \u201cagressivo demais e causou uma queda envolvendo o piloto #88\u201d.<\/p>\n\n\n\n<p class=\"wp-block-paragraph\">\u201cIsso contraria instru\u00e7\u00f5es espec\u00edficas dadas aos competidores da MotoGP e equipe, interrompendo a sess\u00e3o, o que \u00e9 considerada dire\u00e7\u00e3o irrespons\u00e1vel por pilotar causando perigo a outros competidores. Isso, portanto, contraria o Artigo 1.21.2 do Regulamento da FIM para o Mundial de GP\u201d, explicou.<\/p>\n\n\n\n<p class=\"wp-block-paragraph\">Por isso, o Painel aplicou uma dupla volta longa ao espanhol, que ter\u00e1 de cumprir a pena no GP da Argentina do pr\u00f3ximo fim de semana. San\u00e7\u00f5es esportivas, no entanto, s\u00e3o cumpridas apenas na prova de domingo, n\u00e3o na corrida sprint.<\/p>\n\n\n\n<p class=\"wp-block-paragraph\">Neste domingo, <strong>Joan Mir<\/strong>, companheiro de Marc na <strong>Honda<\/strong>, recebeu uma volta longa por ter tocado <strong>Fabio Quartararo <\/strong>durante a prova sprint. O piloto da <strong>Yamaha <\/strong>conseguiu se manter de p\u00e9, mas escapou da pista e precisou fazer uma prova de recupera\u00e7\u00e3o.<\/p>\n\n\n\n<p class=\"wp-block-paragraph\">Al\u00e9m da puni\u00e7\u00e3o, o acidente teve uma consequ\u00eancia f\u00edsica para M\u00e1rquez, que <a href=\"https:\/\/www.grandepremio.com\/br\/motogp\/noticias\/marc-marquez-encaminhado-hospital-suspeita-fratura-mao-direita\/\" class=\"ek-link\">foi ao hospital com suspeita de fratura no primeiro metacarpo da m\u00e3o direita<\/a>. O irm\u00e3o de \u00c1lex foi encaminhado ao Hospital Dexeus, em Barcelona, para atendimento.<\/p>\n\n\n\n<figure class=\"wp-block-embed is-type-video is-provider-youtube wp-block-embed-youtube wp-embed-aspect-16-9 wp-has-aspect-ratio\"><div class=\"wp-block-embed__wrapper\">\n<iframe loading=\"lazy\" title=\"A HORA DAS SPRINT! \u201c2023 PROMETE VERDADEIRA REVOLU\u00c7\u00c3O NA MOTOGP\u201d | GP \u00c0S 10\" width=\"500\" height=\"281\" src=\"https:\/\/www.youtube.com\/embed\/JsqcMlf8Qh0?feature=oembed\" frameborder=\"0\" allow=\"accelerometer; autoplay; clipboard-write; encrypted-media; gyroscope; picture-in-picture; web-share\" referrerpolicy=\"strict-origin-when-cross-origin\" allowfullscreen><\/iframe>\n<\/div><figcaption>A hora das sprint! \u201c2023 promete verdadeira revolu\u00e7\u00e3o na MotoGP\u201d | GP \u00e0s 10<\/figcaption><\/figure>\n","protected":false},"excerpt":{"rendered":"<p>Painel de Comiss\u00e1rios da FIM (Federa\u00e7\u00e3o Internacional de Motociclismo) considerou que o espanhol foi irrespons\u00e1vel no acidente que tirou o titular da RNF da corrida em Portim\u00e3o e aplicou uma volta longa dupla<\/p>\n","protected":false},"author":0,"featured_media":1000665389,"comment_status":"closed","ping_status":"closed","sticky":false,"template":"","format":"standard","meta":{"42wp_featured_image_caption":"","42wp_featured_image_credits":"","42wp_featured_video":"","42wp_featured_image_hidden":false,"42wp_authors_list":[],"footnotes":""},"categories":[8],"tags":[5214,312,28285,1300,149,79,78,27538,33202,33200,33201,25819,29345,28766,33203,26690,13160,1107],"42wp_author":[47113],"class_list":["post-104490","post","type-post","status-publish","format-standard","has-post-thumbnail","hentry","category-motogp","tag-classificacao-motogp","tag-fim","tag-grandepremio","tag-marc-marquez","tag-miguel-oliveira","tag-moto-gp","tag-motogp","tag-motogp-2023","tag-motogp-2023-calendario","tag-motogp-calendario-2023","tag-motogp-classificacao-2023","tag-motogp-hoje","tag-motogp-horario","tag-motogp-standings","tag-onde-assistir-motogp-2023","tag-pilotos-motogp","tag-portimao","tag-portugal","42wp_author-juliana-tesser"],"_links":{"self":[{"href":"https:\/\/grandepremio.com\/br\/wp-json\/wp\/v2\/posts\/104490","targetHints":{"allow":["GET"]}}],"collection":[{"href":"https:\/\/grandepremio.com\/br\/wp-json\/wp\/v2\/posts"}],"about":[{"href":"https:\/\/grandepremio.com\/br\/wp-json\/wp\/v2\/types\/post"}],"replies":[{"embeddable":true,"href":"https:\/\/grandepremio.com\/br\/wp-json\/wp\/v2\/comments?post=104490"}],"version-history":[{"count":0,"href":"https:\/\/grandepremio.com\/br\/wp-json\/wp\/v2\/posts\/104490\/revisions"}],"wp:featuredmedia":[{"embeddable":true,"href":"https:\/\/grandepremio.com\/br\/wp-json\/wp\/v2\/media\/1000665389"}],"wp:attachment":[{"href":"https:\/\/grandepremio.com\/br\/wp-json\/wp\/v2\/media?parent=104490"}],"wp:term":[{"taxonomy":"category","embeddable":true,"href":"https:\/\/grandepremio.com\/br\/wp-json\/wp\/v2\/categories?post=104490"},{"taxonomy":"post_tag","embeddable":true,"href":"https:\/\/grandepremio.com\/br\/wp-json\/wp\/v2\/tags?post=104490"},{"taxonomy":"42wp_author","embeddable":true,"href":"https:\/\/grandepremio.com\/br\/wp-json\/wp\/v2\/42wp_author?post=104490"}],"curies":[{"name":"wp","href":"https:\/\/api.w.org\/{rel}","templated":true}]}}