{"id":104503,"date":"2023-03-26T05:00:00","date_gmt":"2023-03-26T08:00:00","guid":{"rendered":"https:\/\/grandepremio.com\/br\/noticias\/sette-camara-justifica-resultado-ruim-em-sao-paulo-usei-a-energia-em-momentos-errados\/"},"modified":"2023-03-26T05:11:48","modified_gmt":"2023-03-26T08:11:48","slug":"sette-camara-justifica-resultado-ruim-em-sao-paulo-usei-a-energia-em-momentos-errados","status":"publish","type":"post","link":"https:\/\/grandepremio.com\/br\/formula-e\/sette-camara-justifica-resultado-ruim-em-sao-paulo-usei-a-energia-em-momentos-errados\/","title":{"rendered":"Sette C\u00e2mara justifica resultado ruim em S\u00e3o Paulo: &#8220;Usei a energia em momentos errados&#8221;"},"content":{"rendered":"\n<figure class=\"wp-block-embed is-type-video is-provider-youtube wp-block-embed-youtube wp-embed-aspect-16-9 wp-has-aspect-ratio\"><div class=\"wp-block-embed__wrapper\">\n<iframe loading=\"lazy\" title=\"F\u00d3RMULA E 2023 - eP DE S\u00c3O PAULO | 6\u00aa etapa | Corrida\" width=\"500\" height=\"281\" src=\"https:\/\/www.youtube.com\/embed\/-WetJmHLGXY?feature=oembed\" frameborder=\"0\" allow=\"accelerometer; autoplay; clipboard-write; encrypted-media; gyroscope; picture-in-picture; web-share\" referrerpolicy=\"strict-origin-when-cross-origin\" allowfullscreen><\/iframe>\n<\/div><\/figure>\n\n\n\n<p class=\"wp-block-paragraph\">A <strong>F\u00f3rmula E r<\/strong>ealizou sua <a href=\"https:\/\/www.grandepremio.com\/br\/formula-e\/noticias\/grande-premio-bate-recorde-audiencia-youtube-com-ep-de-sao-paulo-formula-e\/\" class=\"ek-link\">primeira corrida no Brasil<\/a> neste s\u00e1bado (25), com o <strong>eP de S\u00e3o Paulo<\/strong>, vencido por <strong>Mitch Evans<\/strong>, da <strong>Jaguar<\/strong>. O <a href=\"https:\/\/www.grandepremio.com\/br\/formula-e\/noticias\/mitch-evans-faz-1-2-neozelandes-nick-cassidy-fatura-primeiro-ep-sao-paulo-lucas-di-grassi-13o\/\" class=\"ek-link\">neozeland\u00eas foi seguido pelo compatriota<\/a> <strong>Nick Cassidy<\/strong>, piloto da <strong>Envision<\/strong>, e pelo companheiro de equipe, Sam Bird. Atuando em casa, <strong>S\u00e9rgio Sette C\u00e2mara<\/strong> n\u00e3o teve o debute dos sonhos diante da torcida local.<\/p>\n\n\n\n<p class=\"wp-block-paragraph\">O mineiro da <strong>NIO <\/strong>teve um dia complicado. Apesar de bom ritmo na classifica\u00e7\u00e3o, S\u00e9rgio acabou punido por causar uma bandeira vermelha por pane no carro e, assim, perdeu a volta mais r\u00e1pida. O que poderia ser uma ida ao mata-mata pela pole virou uma largada do fim do pelot\u00e3o. E fez a diferen\u00e7a na corrida.<\/p>\n\n\n\n<figure class=\"wp-block-image size-large\"><img decoding=\"async\" src=\"https:\/\/www.grandepremio.com\/br\/wp-content\/uploads\/2023\/03\/EPS906_194601SMG_0891-2048x2048-1-1024x683.jpg\" alt=\"\" class=\"wp-image-665145\"\/><figcaption>S\u00e9rgio Sette C\u00e2mara, durante o eP de S\u00e3o Paulo, no Circuito do Anhembi (Foto: FIA F\u00f3rmula E)<\/figcaption><\/figure>\n\n\n\n<p class=\"wp-block-paragraph\"><strong>\u25b6\ufe0f&nbsp;Inscreva-se nos dois canais do GRANDE PR\u00caMIO no YouTube:&nbsp;<\/strong><a href=\"https:\/\/www.youtube.com\/channel\/UC9OlHEgxoaY6QY6nWPoiqQg?sub_confirmation=1\" target=\"_blank\" rel=\"noreferrer noopener\"><strong>GP&nbsp;|&nbsp;GP2<\/strong><br><\/a><strong>\u25b6\ufe0f&nbsp;<a href=\"https:\/\/www.twitch.tv\/grandepremio\" target=\"_blank\" rel=\"noreferrer noopener\">Conhe\u00e7a o canal do GRANDE PR\u00caMIO na Twitch clicando aqui!<\/a><\/strong><\/p>\n\n\n\n<p class=\"wp-block-paragraph\">&#8220;Ao inv\u00e9s de largar em s\u00e9timo, tive de sair de 16\u00ba&#8221;, explicou, em entrevista ao<strong> GRANDE PR\u00caMIO<\/strong>. Fiquei naquela &#8216;pancadaria&#8217;, o carro ficou empenado, com o bico todo torto, e isso com certeza n\u00e3o ajudou&#8221;, seguiu. &#8220;E tamb\u00e9m usei a energia nos momentos errados. No in\u00edcio da prova tinha um efeito sanfona muito grande, que ningu\u00e9m queria liderar a prova, como se os l\u00edderes n\u00e3o andassem r\u00e1pido. Ningu\u00e9m queria ter de quebrar o ar porque \u00e9 pior, perde muita efici\u00eancia&#8221;.<\/p>\n\n\n\n<p class=\"wp-block-paragraph\">&#8220;Ent\u00e3o assim, um freia, o outro freia, e at\u00e9 chegar l\u00e1 no 15\u00ba voc\u00ea freia muito antes, chega na curva tem engarrafamento, bate um no outro, quando tenta ultrapassar \u00e9 uma confus\u00e3o e eu n\u00e3o soube administrar isso bem&#8221;, concluiu.<\/p>\n\n\n\n<p class=\"wp-block-paragraph\">Sette C\u00e2mara <a href=\"https:\/\/www.grandepremio.com\/br\/formula-e\/noticias\/mitch-evans-nick-cassidy-escalam-pascal-wehrlein-segue-lider-formula-e-confira-classificacao\/\" class=\"ek-link\">est\u00e1 atualmente na 15\u00aa coloca\u00e7\u00e3o<\/a> do Mundial de Pilotos com 10 pontos conquistados, 8 atr\u00e1s do compatriota <strong>Lucas Di Grassi,<\/strong> o 12\u00b0, e com 78 a menos que o l\u00edder da classifica\u00e7\u00e3o, <strong>Pascal Wehrlein<\/strong>. Com 19 tentos somados, a NIO \u00e9 a oitava entre os Construtores.<\/p>\n\n\n\n<p class=\"wp-block-paragraph\">A&nbsp;<a href=\"https:\/\/www.grandepremio.com\/br\/formula-e\/\" target=\"_blank\" rel=\"noreferrer noopener\"><\/a><a href=\"https:\/\/www.grandepremio.com\/br\/formula-e\/\" target=\"_blank\" rel=\"noreferrer noopener\">F\u00f3rmula E<\/a>&nbsp;retorna em abril com a rodada dupla em Berlin, na Alemanha, em circuito montado no Aeroporto de Tempelhof, nos dias 22 e 23 de abril.<\/p>\n","protected":false},"excerpt":{"rendered":"<p>S\u00e9rgio Sette C\u00e2mara terminou em 16\u00ba na primeira corrida da hist\u00f3ria da F\u00f3rmula E no Brasil, no samb\u00f3dromo do Anhembi<\/p>\n","protected":false},"author":0,"featured_media":1000664388,"comment_status":"closed","ping_status":"closed","sticky":false,"template":"","format":"standard","meta":{"42wp_featured_image_caption":"","42wp_featured_image_credits":"","42wp_featured_video":"","42wp_featured_image_hidden":false,"42wp_authors_list":[],"footnotes":""},"categories":[19],"tags":[31468,840,31435,1491,28285,375,1025],"42wp_author":[47128,47109,47156],"class_list":["post-104503","post","type-post","status-publish","format-standard","has-post-thumbnail","hentry","category-formula-e","tag-ep-de-sao-paulo","tag-formula-e","tag-formula-e-2023","tag-grande-premio","tag-grandepremio","tag-nio","tag-sergio-sette-camara","42wp_author-guilherme-bloisi","42wp_author-redacao-gp","42wp_author-valentin-furlan"],"_links":{"self":[{"href":"https:\/\/grandepremio.com\/br\/wp-json\/wp\/v2\/posts\/104503","targetHints":{"allow":["GET"]}}],"collection":[{"href":"https:\/\/grandepremio.com\/br\/wp-json\/wp\/v2\/posts"}],"about":[{"href":"https:\/\/grandepremio.com\/br\/wp-json\/wp\/v2\/types\/post"}],"replies":[{"embeddable":true,"href":"https:\/\/grandepremio.com\/br\/wp-json\/wp\/v2\/comments?post=104503"}],"version-history":[{"count":0,"href":"https:\/\/grandepremio.com\/br\/wp-json\/wp\/v2\/posts\/104503\/revisions"}],"wp:featuredmedia":[{"embeddable":true,"href":"https:\/\/grandepremio.com\/br\/wp-json\/wp\/v2\/media\/1000664388"}],"wp:attachment":[{"href":"https:\/\/grandepremio.com\/br\/wp-json\/wp\/v2\/media?parent=104503"}],"wp:term":[{"taxonomy":"category","embeddable":true,"href":"https:\/\/grandepremio.com\/br\/wp-json\/wp\/v2\/categories?post=104503"},{"taxonomy":"post_tag","embeddable":true,"href":"https:\/\/grandepremio.com\/br\/wp-json\/wp\/v2\/tags?post=104503"},{"taxonomy":"42wp_author","embeddable":true,"href":"https:\/\/grandepremio.com\/br\/wp-json\/wp\/v2\/42wp_author?post=104503"}],"curies":[{"name":"wp","href":"https:\/\/api.w.org\/{rel}","templated":true}]}}