{"id":104505,"date":"2023-03-26T04:30:00","date_gmt":"2023-03-26T07:30:00","guid":{"rendered":"https:\/\/grandepremio.com\/br\/noticias\/toto-wolff-sente-falta-niki-lauda-momentos-dificeis\/"},"modified":"2023-03-25T19:23:55","modified_gmt":"2023-03-25T22:23:55","slug":"toto-wolff-sente-falta-niki-lauda-momentos-dificeis","status":"publish","type":"post","link":"https:\/\/grandepremio.com\/br\/f1\/toto-wolff-sente-falta-niki-lauda-momentos-dificeis\/","title":{"rendered":"Wolff sente falta de Lauda em momentos dif\u00edceis: &#8220;Sempre simplificou as coisas&#8221;"},"content":{"rendered":"\n<p class=\"wp-block-paragraph\">Passados quase cinco anos da morte de <strong>Niki Lauda<\/strong>, <strong>Toto Wolff<\/strong> ainda sente a falta do amigo e colega de trabalho na <strong>Mercedes<\/strong>. O tricampe\u00e3o mundial se juntou ao time alem\u00e3o em 2012 no cargo de presidente n\u00e3o executivo, e, al\u00e9m de ter sido fundamental na contrata\u00e7\u00e3o de <strong>Lewis Hamilton<\/strong>, ajudou a estabelecer as bases para o in\u00edcio do maior per\u00edodo de dom\u00ednio j\u00e1 visto na <strong>F\u00f3rmula 1<\/strong>.<\/p>\n\n\n\n<p class=\"wp-block-paragraph\">Quando Lauda faleceu em maio de 2019, devido a problemas renais, Wolff afirmou que a escuderia &#8220;havia perdido uma luz guia&#8221;. Agora, questionado sobre a influ\u00eancia do tricampe\u00e3o e o quanto seus conselhos fazem falta para equipe, Toto enalteceu as qualidades do austr\u00edaco.<\/p>\n\n\n\n<figure class=\"wp-block-image size-full\"><img decoding=\"async\" src=\"https:\/\/www.grandepremio.com\/br\/wp-content\/uploads\/2019\/03\/201710222252993_M139655_DMa.jpg\" alt=\"\" class=\"wp-image-370582\"\/><figcaption>Wolff e Lauda foram determinantes para uma era vitoriosa na Mercedes. (Foto: Mercedes)<\/figcaption><\/figure>\n\n\n\n<p class=\"wp-block-paragraph\"><strong>\u25b6\ufe0f&nbsp;Inscreva-se nos dois canais do GRANDE PR\u00caMIO no YouTube:&nbsp;<a href=\"https:\/\/www.youtube.com\/channel\/UC9OlHEgxoaY6QY6nWPoiqQg?sub_confirmation=1\" target=\"_blank\" rel=\"noreferrer noopener\">GP<\/a>&nbsp;|&nbsp;<a href=\"https:\/\/www.youtube.com\/channel\/UC9csiS6q_C3C0FYhyr1rnFA?sub_confirmation=1\" target=\"_blank\" rel=\"noreferrer noopener\">GP2<\/a><\/strong><br><strong>\u25b6\ufe0f&nbsp;<a href=\"https:\/\/www.twitch.tv\/grandepremio\" target=\"_blank\" rel=\"noreferrer noopener\">Conhe\u00e7a o canal do GRANDE PR\u00caMIO na Twitch clicando aqui!<\/a><\/strong><\/p>\n\n\n\n<p class=\"wp-block-paragraph\">&#8220;Niki faz falta estes anos porque ele sempre simplificou as coisas para o que realmente importava&#8221;, relembrou. &#8220;Estou tendo de pensar o que ele teria dito e como ele teria posicionado [as coisas], e n\u00f3s dois trabalhamos bem juntos nesse sentido. \u00c0s vezes a simplifica\u00e7\u00e3o excessiva pode levar voc\u00ea direto aos resultados&#8221;, comentou o chefe da Mercedes.<\/p>\n\n\n\n<p class=\"wp-block-paragraph\">Embora acredite que <a href=\"https:\/\/www.grandepremio.com\/br\/f1\/noticias\/mercedes-descarta-briga-f1-2023-atrasados-6-12-meses\/\" class=\"ek-link\">v\u00e1 levar entre seis e 12 meses para reduzir a diferen\u00e7a de desempenho para a <strong>Red Bull<\/strong><\/a>, Wolff espera um grande pacote de atualiza\u00e7\u00f5es para melhorar a performance do <strong>W14<\/strong> e definiu os objetivos para o restante da temporada.<\/p>\n\n\n\n<p class=\"wp-block-paragraph\">&#8220;Eu gostaria de vencer todas as corridas, mas isso n\u00e3o \u00e9 realista. Os objetivos s\u00e3o que, com base no entendimento que temos agora, nas pr\u00f3ximas itera\u00e7\u00f5es de atualiza\u00e7\u00f5es e aprendizado, possamos reduzir muito o d\u00e9ficit de desempenho, porque agora sabemos e tomamos uma decis\u00e3o em qual dire\u00e7\u00e3o seguir&#8221;, finalizou o dirigente.<\/p>\n\n\n\n<p class=\"wp-block-paragraph\">A F\u00f3rmula 1 retoma suas atividades no dia 2 de abril, com o <strong>GP da Austr\u00e1lia<\/strong>, terceira etapa do calend\u00e1rio de 2023.<\/p>\n","protected":false},"excerpt":{"rendered":"<p>Al\u00e9m de um grande piloto na F\u00f3rmula 1, Niki Lauda foi um pilar importante na constru\u00e7\u00e3o da hegemonia da Mercedes. Desde que faleceu, em 2019, Toto Wolff, chefe do time alem\u00e3o, sente falta da presen\u00e7a do amigo no paddock da maior categoria do esporte a motor<\/p>\n","protected":false},"author":0,"featured_media":0,"comment_status":"closed","ping_status":"closed","sticky":false,"template":"","format":"standard","meta":{"42wp_featured_image_caption":"","42wp_featured_image_credits":"","42wp_featured_video":"","42wp_featured_image_hidden":false,"42wp_authors_list":[],"footnotes":""},"categories":[2],"tags":[147,6533,180,1491,28285,82,86,150,32317],"42wp_author":[47149],"class_list":["post-104505","post","type-post","status-publish","format-standard","hentry","category-f1","tag-f1","tag-f1-2023","tag-formula-1","tag-grande-premio","tag-grandepremio","tag-mercedes","tag-niki-lauda","tag-toto-wolff","tag-w14","42wp_author-bernardo-castro"],"_links":{"self":[{"href":"https:\/\/grandepremio.com\/br\/wp-json\/wp\/v2\/posts\/104505","targetHints":{"allow":["GET"]}}],"collection":[{"href":"https:\/\/grandepremio.com\/br\/wp-json\/wp\/v2\/posts"}],"about":[{"href":"https:\/\/grandepremio.com\/br\/wp-json\/wp\/v2\/types\/post"}],"replies":[{"embeddable":true,"href":"https:\/\/grandepremio.com\/br\/wp-json\/wp\/v2\/comments?post=104505"}],"version-history":[{"count":0,"href":"https:\/\/grandepremio.com\/br\/wp-json\/wp\/v2\/posts\/104505\/revisions"}],"wp:attachment":[{"href":"https:\/\/grandepremio.com\/br\/wp-json\/wp\/v2\/media?parent=104505"}],"wp:term":[{"taxonomy":"category","embeddable":true,"href":"https:\/\/grandepremio.com\/br\/wp-json\/wp\/v2\/categories?post=104505"},{"taxonomy":"post_tag","embeddable":true,"href":"https:\/\/grandepremio.com\/br\/wp-json\/wp\/v2\/tags?post=104505"},{"taxonomy":"42wp_author","embeddable":true,"href":"https:\/\/grandepremio.com\/br\/wp-json\/wp\/v2\/42wp_author?post=104505"}],"curies":[{"name":"wp","href":"https:\/\/api.w.org\/{rel}","templated":true}]}}