{"id":104527,"date":"2023-03-25T12:13:00","date_gmt":"2023-03-25T15:13:00","guid":{"rendered":"https:\/\/grandepremio.com\/br\/noticias\/stoffel-vandoorne-trabalho-incrivel-celebra-pole-algumas-corridas-dificeis\/"},"modified":"2023-03-25T12:32:47","modified_gmt":"2023-03-25T15:32:47","slug":"stoffel-vandoorne-trabalho-incrivel-celebra-pole-algumas-corridas-dificeis","status":"publish","type":"post","link":"https:\/\/grandepremio.com\/br\/formula-e\/stoffel-vandoorne-trabalho-incrivel-celebra-pole-algumas-corridas-dificeis\/","title":{"rendered":"Vandoorne v\u00ea &#8220;trabalho incr\u00edvel&#8221; e celebra pole ap\u00f3s &#8220;algumas corridas dif\u00edceis&#8221;"},"content":{"rendered":"\n<p class=\"wp-block-paragraph\"><strong>Stoffel Vandoorne<\/strong> afastou a m\u00e1 fase ao anotar a pole-position do <strong>eP de S\u00e3o Paulo.<\/strong> O atual campe\u00e3o colocou a DS Penske no primeiro posto na atividade realizada na manh\u00e3 deste s\u00e1bado (25). \u00c9 a primeira vez na temporada que o belga parte da posi\u00e7\u00e3o de honra.<\/p>\n\n\n\n<p class=\"wp-block-paragraph\">Campe\u00e3o pela Mercedes, Vandoorne est\u00e1 dando os primeiros passos na <strong>DS Penske <\/strong>e est\u00e1 atr\u00e1s de <strong>Jean-\u00c9ric Vergne <\/strong>na classifica\u00e7\u00e3o do campeonato, Em entrevista ap\u00f3s a classifica\u00e7\u00e3o, Stoffel celebrou o feito ap\u00f3s um in\u00edcio complicado na nova equipe. <\/p>\n\n\n\n<p class=\"wp-block-paragraph\">\u201c\u00c9 uma sensa\u00e7\u00e3o extremamente boa, especialmente depois de algumas primeiras corridas dif\u00edceis, onde a classifica\u00e7\u00e3o n\u00e3o estava sendo t\u00e3o boa para mim. Mas hoje eu acho que foi um trabalho incr\u00edvel. Acho que conseguimos melhorar tudo um pouco desde o in\u00edcio do ano e agora estou muito feliz pela pole aqui\u201d, comemorou.<\/p>\n\n\n\n<p class=\"wp-block-paragraph\">O belga tamb\u00e9m comentou sobre o fato da \u00faltima pole da Penske ter sido a 19 corridas atr\u00e1s. Em rela\u00e7\u00e3o a esse dado, brincou, dizendo que \u201cespera que a pr\u00f3xima n\u00e3o seja daqui a 19 corridas\u201d. Al\u00e9m disso, destacou que \u201cvai come\u00e7ar em uma boa posi\u00e7\u00e3o, focar na corrida e ver como ser\u00e1\u201d.<\/p>\n\n\n\n<figure class=\"wp-block-image size-large\"><img decoding=\"async\" src=\"https:\/\/www.grandepremio.com\/br\/wp-content\/uploads\/2023\/01\/EPS901_163703_AF_5230copy-2048x2048-1-1024x683.jpg\" alt=\"\" class=\"wp-image-644832\"\/><figcaption>Vandoorne estava tendo um come\u00e7o de ano um pouco complicado (Foto: F\u00f3rmula E)\n<\/figcaption><\/figure>\n\n\n\n<p class=\"wp-block-paragraph\"><strong>\u25b6\ufe0f&nbsp;Inscreva-se nos dois canais do GRANDE PR\u00caMIO no YouTube:&nbsp;<\/strong><a href=\"https:\/\/www.youtube.com\/channel\/UC9OlHEgxoaY6QY6nWPoiqQg?sub_confirmation=1\" target=\"_blank\" rel=\"noreferrer noopener\" class=\"ek-link\"><strong>GP&nbsp;|&nbsp;GP2<\/strong><br><\/a><strong>\u25b6\ufe0f&nbsp;<a href=\"https:\/\/www.twitch.tv\/grandepremio\" target=\"_blank\" rel=\"noreferrer noopener\">Conhe\u00e7a o canal do GRANDE PR\u00caMIO na Twitch clicando aqui!<\/a><\/strong><\/p>\n\n\n\n<p class=\"wp-block-paragraph\">No come\u00e7o da classifica\u00e7\u00e3o, Vandoorne foi o mais r\u00e1pido do Grupo A, marcando <strong>1min12s761.\u00a0<\/strong>J\u00e1 nas quartas de final bateu <strong>Jake Hughes, <\/strong>da McLaren. Na semifinal, derrotou <strong>Edoardo Mortara, <\/strong>da <strong>Maserati <\/strong>e se sagrou pole marcando <strong>1min11s904<\/strong>, sendo 0s063 mais r\u00e1pido que <strong>Ant\u00f3nio F\u00e9lix da Costa<\/strong>, da<strong> Porsche.<\/strong> <\/p>\n\n\n\n<p class=\"wp-block-paragraph\">O <strong>GRANDE PR\u00caMIO<\/strong> transmite todas as sess\u00f5es do <a href=\"https:\/\/www.grandepremio.com\/br\/circuito\/sao-paulo\/\"><strong>eP de S\u00e3o Paulo<\/strong><\/a> e acompanha as atividades <strong>IN LOCO<\/strong> com Gabriel Carvalho, Gabriel Curty, Guilherme Bloisi, Jo\u00e3o Pedro Nascimento, Pedro Henrique Marum, Pedro Prado, Rodrigo Berton e Thiago Rocha. <a href=\"https:\/\/www.youtube.com\/channel\/UC9OlHEgxoaY6QY6nWPoiqQg\"><strong>Assista AO VIVO<\/strong><\/a>, diretamente do <strong>Anhembi<\/strong>, com <a href=\"https:\/\/formula1aovivo.com\/\">transmiss\u00e3o<\/a> de treinos livres, classifica\u00e7\u00e3o e corrida com imagens.<\/p>\n","protected":false},"excerpt":{"rendered":"<p>Stoffel Vandoorne conquistou a pole para o primeiro eP de S\u00e3o Paulo e elogiou o trabalho da Penske, al\u00e9m do progresso que vem sendo feito desde o come\u00e7o da temporada<\/p>\n","protected":false},"author":0,"featured_media":1000664751,"comment_status":"closed","ping_status":"closed","sticky":false,"template":"","format":"standard","meta":{"42wp_featured_image_caption":"","42wp_featured_image_credits":"","42wp_featured_video":"","42wp_featured_image_hidden":false,"42wp_authors_list":[],"footnotes":""},"categories":[19],"tags":[31465,31468,30779,840,31435,265,967,21380],"42wp_author":[47150],"class_list":["post-104527","post","type-post","status-publish","format-standard","has-post-thumbnail","hentry","category-formula-e","tag-ds-penske","tag-ep-de-sao-paulo","tag-fe-2023","tag-formula-e","tag-formula-e-2023","tag-penske","tag-stoffel-vandoorne","tag-vandoorne","42wp_author-carol-sales"],"_links":{"self":[{"href":"https:\/\/grandepremio.com\/br\/wp-json\/wp\/v2\/posts\/104527","targetHints":{"allow":["GET"]}}],"collection":[{"href":"https:\/\/grandepremio.com\/br\/wp-json\/wp\/v2\/posts"}],"about":[{"href":"https:\/\/grandepremio.com\/br\/wp-json\/wp\/v2\/types\/post"}],"replies":[{"embeddable":true,"href":"https:\/\/grandepremio.com\/br\/wp-json\/wp\/v2\/comments?post=104527"}],"version-history":[{"count":0,"href":"https:\/\/grandepremio.com\/br\/wp-json\/wp\/v2\/posts\/104527\/revisions"}],"wp:featuredmedia":[{"embeddable":true,"href":"https:\/\/grandepremio.com\/br\/wp-json\/wp\/v2\/media\/1000664751"}],"wp:attachment":[{"href":"https:\/\/grandepremio.com\/br\/wp-json\/wp\/v2\/media?parent=104527"}],"wp:term":[{"taxonomy":"category","embeddable":true,"href":"https:\/\/grandepremio.com\/br\/wp-json\/wp\/v2\/categories?post=104527"},{"taxonomy":"post_tag","embeddable":true,"href":"https:\/\/grandepremio.com\/br\/wp-json\/wp\/v2\/tags?post=104527"},{"taxonomy":"42wp_author","embeddable":true,"href":"https:\/\/grandepremio.com\/br\/wp-json\/wp\/v2\/42wp_author?post=104527"}],"curies":[{"name":"wp","href":"https:\/\/api.w.org\/{rel}","templated":true}]}}