{"id":104540,"date":"2023-03-25T09:59:05","date_gmt":"2023-03-25T12:59:05","guid":{"rendered":"https:\/\/grandepremio.com\/br\/noticias\/sergio-sette-camara-sofre-pane-causa-bandeira-vermelha-classificacao-ep-sao-paulo\/"},"modified":"2023-03-25T10:00:26","modified_gmt":"2023-03-25T13:00:26","slug":"sergio-sette-camara-sofre-pane-causa-bandeira-vermelha-classificacao-ep-sao-paulo","status":"publish","type":"post","link":"https:\/\/grandepremio.com\/br\/formula-e\/sergio-sette-camara-sofre-pane-causa-bandeira-vermelha-classificacao-ep-sao-paulo\/","title":{"rendered":"Sette C\u00e2mara sofre pane e causa bandeira vermelha na classifica\u00e7\u00e3o do eP de S\u00e3o Paulo"},"content":{"rendered":"\n<figure class=\"wp-block-embed is-type-video is-provider-youtube wp-block-embed-youtube wp-embed-aspect-16-9 wp-has-aspect-ratio\"><div class=\"wp-block-embed__wrapper\">\n<iframe loading=\"lazy\" title=\"F\u00d3RMULA E 2023 - eP DE S\u00c3O PAULO | 6\u00aa etapa | Classifica\u00e7\u00e3o\" width=\"500\" height=\"281\" src=\"https:\/\/www.youtube.com\/embed\/ioU5WRYo_70?feature=oembed\" frameborder=\"0\" allow=\"accelerometer; autoplay; clipboard-write; encrypted-media; gyroscope; picture-in-picture; web-share\" referrerpolicy=\"strict-origin-when-cross-origin\" allowfullscreen><\/iframe>\n<\/div><\/figure>\n\n\n\n<p class=\"wp-block-paragraph\">S\u00e9rgio Sette C\u00e2mara n\u00e3o come\u00e7ou nada bem seu primeiro fim de semana correndo em casa. <\/p>\n\n\n\n<p class=\"wp-block-paragraph\">Neste s\u00e1bado (25), o brasileiro da NIO estava em volta r\u00e1pida durante a classifica\u00e7\u00e3o para o eP de S\u00e3o Paulo, mas seu carro sofreu uma pane, que resultou na primeira bandeira vermelha do fim de semana.<\/p>\n\n\n\n<p class=\"wp-block-paragraph\">Mais cedo, durante o TL2, o piloto terminou em 16\u00ba colocado.<\/p>\n\n\n\n<figure class=\"wp-block-image size-large\"><img decoding=\"async\" src=\"https:\/\/www.grandepremio.com\/br\/wp-content\/uploads\/2023\/03\/settecamara_nio_06-1024x768.jpg\" alt=\"\" class=\"wp-image-664383\"\/><figcaption>S\u00e9rgio Sette C\u00e2mara teve pane durante classifica\u00e7\u00e3o em S\u00e3o Paulo (Foto: Guilherme Bloisi)<\/figcaption><\/figure>\n\n\n\n<p class=\"wp-block-paragraph\"><strong>\u25b6\ufe0f\u00a0Inscreva-se nos dois canais do GRANDE PR\u00caMIO no YouTube:\u00a0<\/strong><a href=\"https:\/\/www.youtube.com\/channel\/UC9OlHEgxoaY6QY6nWPoiqQg?sub_confirmation=1\" target=\"_blank\" rel=\"noreferrer noopener\"><strong>GP\u00a0|\u00a0GP2<\/strong><br><\/a><strong>\u25b6\ufe0f\u00a0<a href=\"https:\/\/www.twitch.tv\/grandepremio\" target=\"_blank\" rel=\"noreferrer noopener\">Conhe\u00e7a o canal do GRANDE PR\u00caMIO na Twitch clicando aqui!<\/a><\/strong><\/p>\n\n\n\n<p class=\"wp-block-paragraph\">O&nbsp;<strong>GRANDE PR\u00caMIO<\/strong>&nbsp;acompanha todas as atividades do&nbsp;<a href=\"https:\/\/www.grandepremio.com\/br\/circuito\/sao-paulo\/\"><strong>eP de&nbsp;<\/strong><\/a><strong><a href=\"https:\/\/www.grandepremio.com\/br\/circuito\/sao-paulo\/\" target=\"_blank\" rel=\"noreferrer noopener\"><\/a><a href=\"https:\/\/www.grandepremio.com\/br\/circuito\/sao-paulo\/\" target=\"_blank\" rel=\"noreferrer noopener\"><\/a><a href=\"https:\/\/www.grandepremio.com\/br\/circuito\/sao-paulo\/\" target=\"_blank\" rel=\"noreferrer noopener\"><\/a><a href=\"https:\/\/www.grandepremio.com\/br\/circuito\/sao-paulo\/\" target=\"_blank\" rel=\"noreferrer noopener\">S\u00e3o Paulo<\/a><\/strong>&nbsp;<strong>IN LOCO<\/strong>&nbsp;com Gabriel Carvalho, Gabriel Curty, Guilherme Bloisi, Jo\u00e3o Pedro Nascimento, Pedro Henrique Marum, Pedro Prado, Rodrigo Berton e Thiago Rocha.<\/p>\n\n\n\n<p class=\"wp-block-paragraph\">Voc\u00ea acompanha todas as emo\u00e7\u00f5es do&nbsp;<strong>eP de&nbsp;<a href=\"https:\/\/www.grandepremio.com\/br\/circuito\/sao-paulo\/\" target=\"_blank\" rel=\"noreferrer noopener\"><\/a><a href=\"https:\/\/www.grandepremio.com\/br\/circuito\/sao-paulo\/\" target=\"_blank\" rel=\"noreferrer noopener\">S\u00e3o Paulo<\/a>&nbsp;AO VIVO<\/strong>&nbsp;com narra\u00e7\u00e3o de&nbsp;<strong>Matheus Pinheiro<\/strong>&nbsp;e coment\u00e1rios de&nbsp;<strong>Jo\u00e3o Pedro Nascimento<\/strong>&nbsp;e&nbsp;<strong>Pedro Henrique Marum<\/strong>&nbsp;em&nbsp;<a href=\"https:\/\/www.youtube.com\/@GrandePremio1\">nosso canal do Youtube<\/a>.<\/p>\n","protected":false},"excerpt":{"rendered":"<p>Brasileiro come\u00e7a fim de semana correndo em casa com pane em sua NIO e bandeira vermelha durante classifica\u00e7\u00e3o no Anhembi<\/p>\n","protected":false},"author":0,"featured_media":1000664708,"comment_status":"closed","ping_status":"closed","sticky":false,"template":"","format":"standard","meta":{"42wp_featured_image_caption":"","42wp_featured_image_credits":"","42wp_featured_video":"","42wp_featured_image_hidden":false,"42wp_authors_list":[],"footnotes":""},"categories":[19],"tags":[31468,31435,375,2380,1025],"42wp_author":[47128],"class_list":["post-104540","post","type-post","status-publish","format-standard","has-post-thumbnail","hentry","category-formula-e","tag-ep-de-sao-paulo","tag-formula-e-2023","tag-nio","tag-sao-paulo","tag-sergio-sette-camara","42wp_author-guilherme-bloisi"],"_links":{"self":[{"href":"https:\/\/grandepremio.com\/br\/wp-json\/wp\/v2\/posts\/104540","targetHints":{"allow":["GET"]}}],"collection":[{"href":"https:\/\/grandepremio.com\/br\/wp-json\/wp\/v2\/posts"}],"about":[{"href":"https:\/\/grandepremio.com\/br\/wp-json\/wp\/v2\/types\/post"}],"replies":[{"embeddable":true,"href":"https:\/\/grandepremio.com\/br\/wp-json\/wp\/v2\/comments?post=104540"}],"version-history":[{"count":0,"href":"https:\/\/grandepremio.com\/br\/wp-json\/wp\/v2\/posts\/104540\/revisions"}],"wp:featuredmedia":[{"embeddable":true,"href":"https:\/\/grandepremio.com\/br\/wp-json\/wp\/v2\/media\/1000664708"}],"wp:attachment":[{"href":"https:\/\/grandepremio.com\/br\/wp-json\/wp\/v2\/media?parent=104540"}],"wp:term":[{"taxonomy":"category","embeddable":true,"href":"https:\/\/grandepremio.com\/br\/wp-json\/wp\/v2\/categories?post=104540"},{"taxonomy":"post_tag","embeddable":true,"href":"https:\/\/grandepremio.com\/br\/wp-json\/wp\/v2\/tags?post=104540"},{"taxonomy":"42wp_author","embeddable":true,"href":"https:\/\/grandepremio.com\/br\/wp-json\/wp\/v2\/42wp_author?post=104540"}],"curies":[{"name":"wp","href":"https:\/\/api.w.org\/{rel}","templated":true}]}}