{"id":104552,"date":"2023-03-25T04:15:00","date_gmt":"2023-03-25T07:15:00","guid":{"rendered":"https:\/\/grandepremio.com\/br\/noticias\/dupla-diz-que-alpine-nao-pode-se-dar-por-satisfeita-e-cobra-atualizacoes-para-carro\/"},"modified":"2023-03-23T20:13:56","modified_gmt":"2023-03-23T23:13:56","slug":"dupla-diz-que-alpine-nao-pode-se-dar-por-satisfeita-e-cobra-atualizacoes-para-carro","status":"publish","type":"post","link":"https:\/\/grandepremio.com\/br\/f1\/dupla-diz-que-alpine-nao-pode-se-dar-por-satisfeita-e-cobra-atualizacoes-para-carro\/","title":{"rendered":"Dupla diz que Alpine &#8220;n\u00e3o pode se dar por satisfeita&#8221; e cobra atualiza\u00e7\u00f5es para carro"},"content":{"rendered":"\n<p class=\"wp-block-paragraph\">Os pilotos da <strong>Alpine<\/strong>, <strong>Esteban Ocon e Pierre Gasly<\/strong>, <a href=\"https:\/\/www.grandepremio.com\/br\/f1\/noticias\/sergio-perez-cumpre-missao-evita-remontada-max-verstappen-vence-gp-da-arabia-saudita-formula-1\/\" class=\"ek-link\">definiram a corrida do \u00faltimo domingo (19)<\/a>, no <strong>GP da Ar\u00e1bia Saudita<\/strong>, em <strong>Jed\u00e1<\/strong>, <a href=\"https:\/\/www.grandepremio.com\/br\/f1\/noticias\/esteban-ocon-fez-maximo-gp-solitario-jeda-nao-somos-rapidos-suficiente\/\" class=\"ek-link\">como \u201csolit\u00e1ria\u201d<\/a>. A escuderia francesa se estabeleceu como <a href=\"https:\/\/www.grandepremio.com\/br\/video\/f1\/alpine-pode-sonhar-com-mais-ainda-2023\/\" class=\"ek-link\">a quinta for\u00e7a do grid, com margem relevante para as piores e para as melhores<\/a>, mas isso ainda \u00e9 pouco para a dupla que guia a <strong>A523<\/strong>.<\/p>\n\n\n\n<p class=\"wp-block-paragraph\">Em entrevista ao site Autosport, ambos cobraram atualiza\u00e7\u00f5es e melhorias para o carro, a fim de que possam brigar com <strong>Aston Martin<\/strong>, <strong>Ferrari<\/strong> e <strong>Mercedes<\/strong>. A inspira\u00e7\u00e3o veio justamente das concorrentes, j\u00e1 que algumas evolu\u00edram em rela\u00e7\u00e3o ao <strong>GP do Bahrein<\/strong> e tamb\u00e9m em rela\u00e7\u00e3o ao ano passado.<\/p>\n\n\n\n<p class=\"wp-block-paragraph\">\u201cN\u00e3o, n\u00e3o podemos estar satisfeitos com onde estamos no momento. H\u00e1 algumas equipes que melhoraram muito em rela\u00e7\u00e3o \u00e0s outras. Isso mostra que \u00e9 poss\u00edvel, precisamos continuar lutando, precisamos continuar pesquisando, continuar pensando, e esse \u00e9 o clima dentro do time tamb\u00e9m. N\u00e3o podemos estar satisfeitos com onde terminamos\u201d, disse Ocon.<\/p>\n\n\n\n<p class=\"wp-block-paragraph\"><strong>\u25b6\ufe0f&nbsp;Inscreva-se nos dois canais do GRANDE PR\u00caMIO no YouTube:&nbsp;<a href=\"https:\/\/www.youtube.com\/channel\/UC9OlHEgxoaY6QY6nWPoiqQg?sub_confirmation=1\" target=\"_blank\" rel=\"noreferrer noopener\">GP<\/a>&nbsp;|&nbsp;<a href=\"https:\/\/www.youtube.com\/channel\/UC9csiS6q_C3C0FYhyr1rnFA?sub_confirmation=1\" target=\"_blank\" rel=\"noreferrer noopener\">GP2<\/a><\/strong><br><strong>\u25b6\ufe0f&nbsp;<a href=\"https:\/\/www.twitch.tv\/grandepremio\" target=\"_blank\" rel=\"noreferrer noopener\">Conhe\u00e7a o canal do GRANDE PR\u00caMIO na Twitch clicando aqui!<\/a><\/strong><\/p>\n\n\n\n<figure class=\"wp-block-image size-large\"><img decoding=\"async\" src=\"https:\/\/www.grandepremio.com\/br\/wp-content\/uploads\/2023\/03\/alpine-estebanocon-afp-02-1024x683.jpg\" alt=\"\" class=\"wp-image-662289\"\/><figcaption>Esteban Ocon foi o oitavo no GP da Ar\u00e1bia Saudita e teve fim de semana consistente (Foto: AFP) <\/figcaption><\/figure>\n\n\n\n<p class=\"wp-block-paragraph\">O piloto do carro <strong>#31<\/strong> tamb\u00e9m afirmou que se sentiu desconfort\u00e1vel com o pacote da Alpine e que precisou fazer alguns ajustes para a classifica\u00e7\u00e3o e para a corrida. \u201cN\u00e3o foi uma boa sensa\u00e7\u00e3o desde o in\u00edcio. No TL3, o carro realmente n\u00e3o parecia como eu gostaria, a traseira estava muito solta. Portanto, foi preciso um trabalho forte da minha equipe para conseguir melhorar. Tivemos que lutar para conseguir um carro do jeito que quer\u00edamos e ter confian\u00e7a no carro\u201d, contou.<\/p>\n\n\n\n<p class=\"wp-block-paragraph\">\u201cMaximizamos a classifica\u00e7\u00e3o, maximizamos a corrida tamb\u00e9m. N\u00e3o conseguimos segurar os carros na frente, realmente. Pensamos que em algum momento seria poss\u00edvel segurar os carros da Ferrari, mas eles eram muito r\u00e1pidos e se afastaram no meio do segundo stint\u201d, continuou.<\/p>\n\n\n\n<p class=\"wp-block-paragraph\">\u201cUm fim de semana forte como um todo, mas precisamos de um pouco mais para conseguir alcan\u00e7ar os carros da frente. \u00c9 onde est\u00e1vamos. Portanto, esperamos ter compreendido bastante, para podermos voltar fortes para o pr\u00f3ximo\u201d, finalizou.<\/p>\n\n\n\n<p class=\"wp-block-paragraph\">Gasly compartilhou da mesma opini\u00e3o que Ocon, inclusive revelando que <a href=\"https:\/\/www.grandepremio.com\/br\/f1\/noticias\/pierre-gasly-lamenta-distancia-alpine-rivais-arabia-saudita-corrida-solitaria\/\" class=\"ek-link\">esperava mais da Alpine em Jed\u00e1, embora tenha ficado contente com a sua performance ao longo do fim de semana<\/a>. &#8220;Eu estaria mentindo se dissesse que n\u00e3o [que esperava mais]. Pessoalmente, pensei que ter\u00edamos um pouco mais de ritmo para entrar na luta na parte da frente. E, infelizmente, terminamos onde estamos no momento, oitavo e nono. \u00c9 exatamente onde estamos. Precisamos analisar o que podemos fazer melhor\u201d, explicou.<\/p>\n\n\n\n<figure class=\"wp-block-image size-large\"><img decoding=\"async\" src=\"https:\/\/www.grandepremio.com\/br\/wp-content\/uploads\/2023\/03\/alpine-pierregasly-afp-01-3-1024x683.jpg\" alt=\"\" class=\"wp-image-662394\"\/><figcaption>Pierre Gasly terminou em nono e melhorou a sua performance em rela\u00e7\u00e3o \u00e0 classifica\u00e7\u00e3o (Foto: AFP)<\/figcaption><\/figure>\n\n\n\n<p class=\"wp-block-paragraph\">\u201cNo geral, acho que \u00e9 apenas a segunda corrida, ent\u00e3o \u00e9 sobre construir, aprender e juntar as coisas o mais r\u00e1pido poss\u00edvel. N\u00f3s meio que temos nossas ideias sobre onde precisamos melhorar. Ainda \u00e9 cedo para tirar uma conclus\u00e3o muito forte sobre o que e por qual motivo. Mas, geralmente, sabemos o que melhorar\u201d, completou.<\/p>\n\n\n\n<p class=\"wp-block-paragraph\"><a href=\"https:\/\/www.grandepremio.com\/br\/f1\/classificacao\/\" class=\"ek-link\">A for\u00e7a da Alpine tem refletido diretamente no <strong>Mundial de Construtores<\/strong><\/a>. A escuderia francesa \u00e9 a quinta colocada com oito pontos, atr\u00e1s de Red Bull, Mercedes, Aston Martin e Ferrari \u2013 nesta ordem.<\/p>\n\n\n\n<p class=\"wp-block-paragraph\">A F\u00f3rmula 1 continua a temporada com o <strong>GP da Austr\u00e1lia<\/strong>, no circuito de rua de <strong>Melbourne<\/strong>, entre os dias 31 de mar\u00e7o e 2 de abril.<\/p>\n","protected":false},"excerpt":{"rendered":"<p>A Alpine se solidificou como a quinta for\u00e7a do grid, mas pilotos acreditam que ela tem potencial para brigar entre as principais desde que sejam feitas melhorias<\/p>\n","protected":false},"author":0,"featured_media":1000661933,"comment_status":"closed","ping_status":"closed","sticky":false,"template":"","format":"standard","meta":{"42wp_featured_image_caption":"","42wp_featured_image_credits":"","42wp_featured_video":"","42wp_featured_image_hidden":false,"42wp_authors_list":[],"footnotes":""},"categories":[2],"tags":[20491,1566,1280,302,147,6533,642,160,180,30722,26266,1491,30103,28285,2306,159,26627,26267,3724,28415,32087,33467,676,25771,26036,34066,675,17143,25978],"42wp_author":[47153],"class_list":["post-104552","post","type-post","status-publish","format-standard","has-post-thumbnail","hentry","category-f1","tag-alpine","tag-ao-vivo","tag-band","tag-esteban-ocon","tag-f1","tag-f1-2023","tag-f1-ao-vivo","tag-f1-tv","tag-formula-1","tag-formula-1-2023","tag-gp-da-arabia-saudita","tag-grande-premio","tag-grande-premio-f1","tag-grandepremio","tag-grid-de-largada","tag-horarios-da-f1","tag-jeda","tag-jeddah","tag-mundial-de-f1","tag-novos-carros-da-f1","tag-onde-assistir","tag-onde-assistir-f1-2023","tag-pierre-gasly","tag-programacao","tag-programacao-de-tv","tag-segunda-tela","tag-streaming","tag-tempo-real","tag-temporada-2023","42wp_author-gabriel-pitor"],"_links":{"self":[{"href":"https:\/\/grandepremio.com\/br\/wp-json\/wp\/v2\/posts\/104552","targetHints":{"allow":["GET"]}}],"collection":[{"href":"https:\/\/grandepremio.com\/br\/wp-json\/wp\/v2\/posts"}],"about":[{"href":"https:\/\/grandepremio.com\/br\/wp-json\/wp\/v2\/types\/post"}],"replies":[{"embeddable":true,"href":"https:\/\/grandepremio.com\/br\/wp-json\/wp\/v2\/comments?post=104552"}],"version-history":[{"count":0,"href":"https:\/\/grandepremio.com\/br\/wp-json\/wp\/v2\/posts\/104552\/revisions"}],"wp:featuredmedia":[{"embeddable":true,"href":"https:\/\/grandepremio.com\/br\/wp-json\/wp\/v2\/media\/1000661933"}],"wp:attachment":[{"href":"https:\/\/grandepremio.com\/br\/wp-json\/wp\/v2\/media?parent=104552"}],"wp:term":[{"taxonomy":"category","embeddable":true,"href":"https:\/\/grandepremio.com\/br\/wp-json\/wp\/v2\/categories?post=104552"},{"taxonomy":"post_tag","embeddable":true,"href":"https:\/\/grandepremio.com\/br\/wp-json\/wp\/v2\/tags?post=104552"},{"taxonomy":"42wp_author","embeddable":true,"href":"https:\/\/grandepremio.com\/br\/wp-json\/wp\/v2\/42wp_author?post=104552"}],"curies":[{"name":"wp","href":"https:\/\/api.w.org\/{rel}","templated":true}]}}