{"id":104554,"date":"2023-03-24T18:56:30","date_gmt":"2023-03-24T21:56:30","guid":{"rendered":"https:\/\/grandepremio.com\/br\/noticias\/pilotos-culpam-brita-gravidade-acidente-pol-espargaro-precisamos-outra\/"},"modified":"2023-03-24T18:58:20","modified_gmt":"2023-03-24T21:58:20","slug":"pilotos-culpam-brita-gravidade-acidente-pol-espargaro-precisamos-outra","status":"publish","type":"post","link":"https:\/\/grandepremio.com\/br\/motogp\/pilotos-culpam-brita-gravidade-acidente-pol-espargaro-precisamos-outra\/","title":{"rendered":"Pilotos culpam brita por gravidade de acidente de Pol Espargar\u00f3: \u201cPrecisamos de outra\u201d"},"content":{"rendered":"\n<p class=\"wp-block-paragraph\"><strong>Luca Marini<\/strong> e <strong>Francesco Bagnaia <\/strong>apontaram a brita como respons\u00e1vel pela gravidade do <a href=\"https:\/\/www.grandepremio.com\/br\/motogp\/noticias\/pol-espargaro-sofre-acidente-causa-bandeira-vermelha-treino-2-motogp-portugal\/\" class=\"ek-link\">acidente sofrido por <strong>Pol Espargar\u00f3 <\/strong>nesta sexta-feira (24)<\/a>. Os dois pilotos consideraram que o material usado nas \u00e1reas de escape de <strong>Portim\u00e3o <\/strong>\u00e9 inadequado e fez com que o titular da <strong>GasGas Tech3 <\/strong>acelerasse em dire\u00e7\u00e3o ao muro ao inv\u00e9s de ser travado ap\u00f3s a queda.<\/p>\n\n\n\n<p class=\"wp-block-paragraph\">Restando pouco menos de 14 minutos para o fim do treino 2 da <strong>MotoGP <\/strong>em Portim\u00e3o, Pol caiu na curva 10 e percorreu a brita seguido pela <strong>RC16<\/strong>. Apesar das imagens terem deixado d\u00favida, <a href=\"https:\/\/www.grandepremio.com\/br\/motogp\/noticias\/tech3-confirma-choque-pol-espargaro-muro-portugal-moto-nao-atingiu\/\" class=\"ek-link\"><strong>Herv\u00e9<\/strong> <strong>Poncharal<\/strong>, chefe da equipe do #44, confirmou que o piloto se chocou contra o muro, mas n\u00e3o foi atingido pela RC16<\/a>.<\/p>\n\n\n\n<figure class=\"wp-block-image size-large\"><img decoding=\"async\" src=\"https:\/\/www.grandepremio.com\/br\/wp-content\/uploads\/2023\/03\/53635_Pol-Espargaro_Tech3-GASGAS_MotoGP_Sepang-International-Circuit-_MYS_12-02-23-14-1024x682.jpg\" alt=\"\" class=\"wp-image-660525\"\/><figcaption>Pol Espargar\u00f3 segue internado em Faro (Foto: GasGas)<\/figcaption><\/figure>\n\n\n\n<p class=\"wp-block-paragraph\"><strong>\u25b6\ufe0f\u00a0Inscreva-se nos dois canais do GRANDE PR\u00caMIO no YouTube:\u00a0<a href=\"https:\/\/www.youtube.com\/channel\/UC9OlHEgxoaY6QY6nWPoiqQg?sub_confirmation=1\" target=\"_blank\" rel=\"noreferrer noopener\">GP<\/a>\u00a0|\u00a0<a href=\"https:\/\/www.youtube.com\/channel\/UC9csiS6q_C3C0FYhyr1rnFA?sub_confirmation=1\" target=\"_blank\" rel=\"noreferrer noopener\">GP2<\/a><\/strong><br><strong>\u25b6\ufe0f\u00a0<a href=\"https:\/\/www.twitch.tv\/grandepremio\" target=\"_blank\" rel=\"noreferrer noopener\">Conhe\u00e7a o canal do GRANDE PR\u00caMIO na Twitch clicando aqui!<\/a><\/strong><\/p>\n\n\n\n<p class=\"wp-block-paragraph\">O titular da GasGas foi atendido ainda na pista, depois transferido de ambul\u00e2ncia ao centro m\u00e9dico. Na sequ\u00eancia, Pol foi removido de helic\u00f3ptero para um hospital em <strong>Faro<\/strong>, onde est\u00e1 acompanhado pela esposa, <strong>Carlota Bertran<\/strong>, e pela cunhada, <strong>Laura Montero<\/strong>.<\/p>\n\n\n\n<p class=\"wp-block-paragraph\"><a href=\"https:\/\/www.grandepremio.com\/br\/motogp\/noticias\/pol-espargaro-sofre-fraturas-mandibula-vertebra-contusao-pulmonar-portugal\/\" class=\"ek-link\">Exames constataram fraturas na mand\u00edbula e em uma v\u00e9rtebra dorsal, al\u00e9m de uma contus\u00e3o pulmonar<\/a>.<\/p>\n\n\n\n<p class=\"wp-block-paragraph\">\u201cSinceramente, a queda foi muito particular\u201d, disse <strong>Luca Marini<\/strong>. \u201cMas nas condi\u00e7\u00f5es de hoje, era poss\u00edvel, pois eu mesmo ca\u00ed\u201d, seguiu.<\/p>\n\n\n\n<p class=\"wp-block-paragraph\">\u201cSe voc\u00ea usar muito o freio traseiro na subida, voc\u00ea sente a traseira derrapar, pois n\u00e3o tem ader\u00eancia na pista\u201d, explicou. \u201cMas \u00e9 a mesma coisa todo ano. Nesta pista, precisamos de outro tipo de brita. Mas a pista n\u00e3o muda\u201d, criticou.<\/p>\n\n\n\n<p class=\"wp-block-paragraph\">Campe\u00e3o vigente, <strong>Francesco Bagnaia <\/strong>avaliou que o acidente de <strong>Pol Espargar\u00f3 <\/strong>seria diferente se a brita de <strong>Portim\u00e3o <\/strong>n\u00e3o fosse como \u00e9.<\/p>\n\n\n\n<p class=\"wp-block-paragraph\">\u201cSem essa brita, n\u00e3o seria bandeira vermelha. Seria uma queda, mas n\u00e3o t\u00e3o grande assim. Pois quando ele chegou na brita, come\u00e7ou a acelerar\u201d, apontou.<\/p>\n\n\n\n<p class=\"wp-block-paragraph\">A brita de Portim\u00e3o j\u00e1 tinha sido assunto neste ano. Durante os testes de pr\u00e9-temporada, <strong>Fabio Di Giannantonio <\/strong>caiu, mas passou a rodopiar ao chegar na brita e acabou barrado do segundo dia de atividades por causa de uma concuss\u00e3o. O <a href=\"https:\/\/www.grandepremio.com\/br\/motogp\/noticias\/fabio-di-giannantonio-reclama-brita-insana-portimao-melhor-correr-monaco\/\" class=\"ek-link\">italiano criticou o tamanho das pedras na ocasi\u00e3o e avaliou que, da forma como estava, dava na mesma correr em <strong>M\u00f4naco<\/strong><\/a>. As <a href=\"https:\/\/www.grandepremio.com\/br\/motogp\/noticias\/aleix-espargaro-apoia-fabio-di-giannantonio-critica-brita-ninguem-escuta-a-gente\/\" class=\"ek-link\">queixas, ali\u00e1s, foram apoiadas por Aleix Espargar\u00f3<\/a>, irm\u00e3o de Pol.<\/p>\n\n\n\n<p class=\"wp-block-paragraph\">Por causa do acidente do piloto da <strong>Gresini<\/strong>, os respons\u00e1veis pela pista modificar as pedras em alguns pontos do tra\u00e7ado antes do GP de <strong>Portugal<\/strong>, mas n\u00e3o quiserem detalhar para os jornalistas o trabalho que foi feito.<\/p>\n\n\n\n<p class=\"wp-block-paragraph\">\u201cTalvez tenham dado um passo, mas precisamos de um pouco mais\u201d, disse Marini.<\/p>\n\n\n\n<p class=\"wp-block-paragraph\">Bagnaia, por\u00e9m, foi um pouco mais firme nas queixas.<\/p>\n\n\n\n<p class=\"wp-block-paragraph\">\u201cFaz quatro anos que estamos pedindo para mudarem a seguran\u00e7a desta pista. A primeira vez que viemos aqui, quando caminhei pela pista com a minha equipe, mandei uma foto da brita para Franco Uncini [ex-comiss\u00e1rio de seguran\u00e7a da MotoGP], que era grande demais\u201d, contou Pecco. \u201cAno passado, quando levei a brita para o box, todos ficaram rindo do que eu fiz. E nada mudou at\u00e9 a queda de Diggia. Acho que isso foi tarde demais, pois j\u00e1 com a queda de [Jorge] Mart\u00edn, [em 2021], era f\u00e1cil de entender que era um problema\u201d, frisou.<\/p>\n\n\n\n<p class=\"wp-block-paragraph\">Ainda, o dono do n\u00famero um acompanhou <strong>Marc M\u00e1rquez <\/strong>na defesa de que \u2018airfence\u2019 seja colocado no ponto do acidente de Pol imediatamente.<\/p>\n\n\n\n<figure class=\"wp-block-embed is-type-video is-provider-youtube wp-block-embed-youtube wp-embed-aspect-16-9 wp-has-aspect-ratio\"><div class=\"wp-block-embed__wrapper\">\n<iframe loading=\"lazy\" title=\"A HORA DAS SPRINT! \u201c2023 PROMETE VERDADEIRA REVOLU\u00c7\u00c3O NA MOTOGP\u201d | GP \u00c0S 10\" width=\"500\" height=\"281\" src=\"https:\/\/www.youtube.com\/embed\/JsqcMlf8Qh0?feature=oembed\" frameborder=\"0\" allow=\"accelerometer; autoplay; clipboard-write; encrypted-media; gyroscope; picture-in-picture; web-share\" referrerpolicy=\"strict-origin-when-cross-origin\" allowfullscreen><\/iframe>\n<\/div><figcaption>A hora das sprint! \u201c2023 promete verdadeira revolu\u00e7\u00e3o na MotoGP\u201d | GP \u00e0s 10<\/figcaption><\/figure>\n","protected":false},"excerpt":{"rendered":"<p>Luca Marini e Francesco Bagnaia avaliaram que a severidade do acidente de Pol Espargar\u00f3 foi resultado do tipo de brita usada no tra\u00e7ado de Portugal. De acordo com o titular da Ducati, o catal\u00e3o acelerou em dire\u00e7\u00e3o ao muro ou inv\u00e9s de ser travado pelo brita<\/p>\n","protected":false},"author":0,"featured_media":1000660814,"comment_status":"closed","ping_status":"closed","sticky":false,"template":"","format":"standard","meta":{"42wp_featured_image_caption":"","42wp_featured_image_credits":"","42wp_featured_video":"","42wp_featured_image_hidden":false,"42wp_authors_list":[],"footnotes":""},"categories":[8],"tags":[5214,2327,28285,1661,79,78,27538,33202,33200,33201,25819,29345,28766,33203,26690,14504,13160,1107],"42wp_author":[47113],"class_list":["post-104554","post","type-post","status-publish","format-standard","has-post-thumbnail","hentry","category-motogp","tag-classificacao-motogp","tag-francesco-bagnaia","tag-grandepremio","tag-luca-marini","tag-moto-gp","tag-motogp","tag-motogp-2023","tag-motogp-2023-calendario","tag-motogp-calendario-2023","tag-motogp-classificacao-2023","tag-motogp-hoje","tag-motogp-horario","tag-motogp-standings","tag-onde-assistir-motogp-2023","tag-pilotos-motogp","tag-pol-espargaro","tag-portimao","tag-portugal","42wp_author-juliana-tesser"],"_links":{"self":[{"href":"https:\/\/grandepremio.com\/br\/wp-json\/wp\/v2\/posts\/104554","targetHints":{"allow":["GET"]}}],"collection":[{"href":"https:\/\/grandepremio.com\/br\/wp-json\/wp\/v2\/posts"}],"about":[{"href":"https:\/\/grandepremio.com\/br\/wp-json\/wp\/v2\/types\/post"}],"replies":[{"embeddable":true,"href":"https:\/\/grandepremio.com\/br\/wp-json\/wp\/v2\/comments?post=104554"}],"version-history":[{"count":0,"href":"https:\/\/grandepremio.com\/br\/wp-json\/wp\/v2\/posts\/104554\/revisions"}],"wp:featuredmedia":[{"embeddable":true,"href":"https:\/\/grandepremio.com\/br\/wp-json\/wp\/v2\/media\/1000660814"}],"wp:attachment":[{"href":"https:\/\/grandepremio.com\/br\/wp-json\/wp\/v2\/media?parent=104554"}],"wp:term":[{"taxonomy":"category","embeddable":true,"href":"https:\/\/grandepremio.com\/br\/wp-json\/wp\/v2\/categories?post=104554"},{"taxonomy":"post_tag","embeddable":true,"href":"https:\/\/grandepremio.com\/br\/wp-json\/wp\/v2\/tags?post=104554"},{"taxonomy":"42wp_author","embeddable":true,"href":"https:\/\/grandepremio.com\/br\/wp-json\/wp\/v2\/42wp_author?post=104554"}],"curies":[{"name":"wp","href":"https:\/\/api.w.org\/{rel}","templated":true}]}}