{"id":104555,"date":"2023-03-24T18:54:46","date_gmt":"2023-03-24T21:54:46","guid":{"rendered":"https:\/\/grandepremio.com\/br\/noticias\/rene-rast-revela-admiracao-ayrton-senna-celebra-formula-e-sp-amo-brasil\/"},"modified":"2023-03-24T19:37:39","modified_gmt":"2023-03-24T22:37:39","slug":"rene-rast-revela-admiracao-ayrton-senna-celebra-formula-e-sp-amo-brasil","status":"publish","type":"post","link":"https:\/\/grandepremio.com\/br\/formula-e\/rene-rast-revela-admiracao-ayrton-senna-celebra-formula-e-sp-amo-brasil\/","title":{"rendered":"Rast revela admira\u00e7\u00e3o por Senna e celebra F\u00f3rmula E em SP: &#8220;Amo o Brasil&#8221;"},"content":{"rendered":"\n<p class=\"wp-block-paragraph\">Tricampe\u00e3o do DTM, <strong>Ren\u00e9 Rast<\/strong> vai correr no Brasil pela primeira vez. Com a chegada da <strong>F\u00f3rmula E<\/strong> em <strong>S\u00e3o Paulo<\/strong>, o piloto da <strong>McLaren<\/strong> celebrou o fato de correr na cidade de natal do grande \u00eddolo no automobilismo: Ayrton Senna, tricampe\u00e3o mundial de F\u00f3rmula 1.<\/p>\n\n\n\n<p class=\"wp-block-paragraph\">Em entrevista exclusiva ao <strong>GRANDE PR\u00caMIO<\/strong>, Ren\u00e9 falou sobre o privil\u00e9gio de poder conhecer e correr em S\u00e3o Paulo. E mesmo na correria dos compromissos comerciais na semana de F\u00f3rmula 1, conseguiu desfrutar a cidade, al\u00e9m de confessar amor pelo Brasil.<\/p>\n\n\n\n<p class=\"wp-block-paragraph\">\u201cAmo o Brasil, mesmo sendo minha primeira vez. Sempre quis vir aqui. Ayrton Senna era um dos meus \u00eddolos, assisto a todas as corridas em Interlagos<em> <\/em>na F\u00f3rmula 1. J\u00e1 sou um grande f\u00e3 do Brasil, apesar de s\u00f3 estar aqui h\u00e1 tr\u00eas dias. \u00c9 um privil\u00e9gio poder correr aqui, especialmente em S\u00e3o Paulo, cidade do Senna&#8221;, celebrou.<\/p>\n\n\n\n<p class=\"wp-block-paragraph\"><strong>\u25b6\ufe0f&nbsp;Inscreva-se nos dois canais do GRANDE PR\u00caMIO no YouTube:&nbsp;<a href=\"https:\/\/www.youtube.com\/channel\/UC9OlHEgxoaY6QY6nWPoiqQg?sub_confirmation=1\" target=\"_blank\" rel=\"noreferrer noopener\">GP<\/a>&nbsp;|&nbsp;<a href=\"https:\/\/www.youtube.com\/channel\/UC9csiS6q_C3C0FYhyr1rnFA?sub_confirmation=1\" target=\"_blank\" rel=\"noreferrer noopener\">GP2<\/a><\/strong><br><strong>\u25b6\ufe0f&nbsp;<a href=\"https:\/\/www.twitch.tv\/grandepremio\" target=\"_blank\" rel=\"noreferrer noopener\">Conhe\u00e7a o canal do GRANDE PR\u00caMIO na Twitch clicando aqui!<\/a><\/strong><\/p>\n\n\n\n<figure class=\"wp-block-image size-large\"><img decoding=\"async\" src=\"https:\/\/www.grandepremio.com\/br\/wp-content\/uploads\/2023\/01\/FnffYOOXgAEeN5j-1-1024x683.jpg\" alt=\"\" class=\"wp-image-648045\"\/><figcaption>Rast est\u00e1 fazendo sua temporada de estreia na McLaren (Foto: McLaren)<\/figcaption><\/figure>\n\n\n\n<p class=\"wp-block-paragraph\">Na sequ\u00eancia de pistas novas e r\u00e1pidas da F\u00f3rmula E, Rast tamb\u00e9m fez compara\u00e7\u00f5es com o novo estilo de tra\u00e7ado que tem chamado aten\u00e7\u00e3o no campeonato el\u00e9trico. O alem\u00e3o at\u00e9 aqui \u00e9 7\u00ba colocado entre os Pilotos, com 38 pontos e um p\u00f3dio conquistado em Diriyah.<\/p>\n\n\n\n<p class=\"wp-block-paragraph\">\u201cAcho que este ano vimos v\u00e1rios tipos diferentes de circuitos na F\u00f3rmula E, e provavelmente o mais r\u00e1pido foi na Cidade do Cabo. No que se refere \u00e0s curvas, esse [de S\u00e3o Paulo] talvez seja um dos mais lentos, mas tamb\u00e9m temos retas bem longas que podem facilitar ultrapassagens. \u00c9 uma boa combina\u00e7\u00e3o. Na Cidade do Cabo \u00e0s vezes era meio dif\u00edcil de ultrapassar; aqui deve ser mais f\u00e1cil, apesar de ser mais lento no geral\u201d, afirmou.<\/p>\n\n\n\n<p class=\"wp-block-paragraph\">O <strong>GRANDE PR\u00caMIO<\/strong> transmite todas as sess\u00f5es do<a href=\"https:\/\/www.youtube.com\/watch?v=-WetJmHLGXY&amp;list=PLULYLQYUzB5q2_Y671Vt6k_uhCDrDE12F\"> eP de <\/a><a href=\"https:\/\/www.grandepremio.com\/br\/circuito\/sao-paulo\/\">S\u00e3o Paulo<\/a> e acompanha as atividades IN LOCO com Gabriel Carvalho, Gabriel Curty, Guilherme Bloisi, Jo\u00e3o Pedro Nascimento, Pedro Henrique Marum, Pedro Prado, Rodrigo Berton e Thiago Rocha. A classifica\u00e7\u00e3o e o eP est\u00e3o marcados para este s\u00e1bado (25).<\/p>\n","protected":false},"excerpt":{"rendered":"<p>Essa \u00e9 a primeira vez de Ren\u00e9 Rast no Brasil e o piloto da McLaren mostrou alegria em correr no pa\u00eds de um dos seus \u00eddolos, Ayrton Senna. O alem\u00e3o tamb\u00e9m observou as longas retas do eP de S\u00e3o Paulo <\/p>\n","protected":false},"author":0,"featured_media":1000664570,"comment_status":"closed","ping_status":"closed","sticky":false,"template":"","format":"standard","meta":{"42wp_featured_image_caption":"","42wp_featured_image_credits":"","42wp_featured_video":"","42wp_featured_image_hidden":false,"42wp_authors_list":[],"footnotes":""},"categories":[19],"tags":[699,31468,840,1491,90,1771,2380,3324],"42wp_author":[47150,47119,47109],"class_list":["post-104555","post","type-post","status-publish","format-standard","has-post-thumbnail","hentry","category-formula-e","tag-ayrton-senna","tag-ep-de-sao-paulo","tag-formula-e","tag-grande-premio","tag-mclaren","tag-rene-rast","tag-sao-paulo","tag-senna","42wp_author-carol-sales","42wp_author-gabriel-carvalho","42wp_author-redacao-gp"],"_links":{"self":[{"href":"https:\/\/grandepremio.com\/br\/wp-json\/wp\/v2\/posts\/104555","targetHints":{"allow":["GET"]}}],"collection":[{"href":"https:\/\/grandepremio.com\/br\/wp-json\/wp\/v2\/posts"}],"about":[{"href":"https:\/\/grandepremio.com\/br\/wp-json\/wp\/v2\/types\/post"}],"replies":[{"embeddable":true,"href":"https:\/\/grandepremio.com\/br\/wp-json\/wp\/v2\/comments?post=104555"}],"version-history":[{"count":0,"href":"https:\/\/grandepremio.com\/br\/wp-json\/wp\/v2\/posts\/104555\/revisions"}],"wp:featuredmedia":[{"embeddable":true,"href":"https:\/\/grandepremio.com\/br\/wp-json\/wp\/v2\/media\/1000664570"}],"wp:attachment":[{"href":"https:\/\/grandepremio.com\/br\/wp-json\/wp\/v2\/media?parent=104555"}],"wp:term":[{"taxonomy":"category","embeddable":true,"href":"https:\/\/grandepremio.com\/br\/wp-json\/wp\/v2\/categories?post=104555"},{"taxonomy":"post_tag","embeddable":true,"href":"https:\/\/grandepremio.com\/br\/wp-json\/wp\/v2\/tags?post=104555"},{"taxonomy":"42wp_author","embeddable":true,"href":"https:\/\/grandepremio.com\/br\/wp-json\/wp\/v2\/42wp_author?post=104555"}],"curies":[{"name":"wp","href":"https:\/\/api.w.org\/{rel}","templated":true}]}}