{"id":104572,"date":"2023-03-24T13:40:06","date_gmt":"2023-03-24T16:40:06","guid":{"rendered":"https:\/\/grandepremio.com\/br\/noticias\/lucas-di-grassi-homenageia-ayrton-senna-capacete-primeiro-ep-sao-paulo\/"},"modified":"2023-03-24T14:18:45","modified_gmt":"2023-03-24T17:18:45","slug":"lucas-di-grassi-homenageia-ayrton-senna-capacete-primeiro-ep-sao-paulo","status":"publish","type":"post","link":"https:\/\/grandepremio.com\/br\/formula-e\/lucas-di-grassi-homenageia-ayrton-senna-capacete-primeiro-ep-sao-paulo\/","title":{"rendered":"Di Grassi homenageia Senna em capacete para primeiro eP de S\u00e3o Paulo"},"content":{"rendered":"\n<p class=\"wp-block-paragraph\">A <strong>F\u00f3rmula E<\/strong> desembarca no<strong> Brasil<\/strong> pela primeira vez neste fim de semana, e um dos pilotos da casa utilizou o capacete para homenagear um dos ma\u00edores \u00edcones brasileiros do esporte. <strong>Lucas Di Grassi<\/strong>, da <strong>Mahindra<\/strong>, revelou que o casco para o <strong>eP de S\u00e3o Paulo<\/strong> \u00e9 um tributo a <strong>Ayrton Senna<\/strong>, tricampe\u00e3o mundial de F\u00f3rmula 1.<\/p>\n\n\n\n<p class=\"wp-block-paragraph\"><strong>\u25b6\ufe0f&nbsp;Inscreva-se nos dois canais do GRANDE PR\u00caMIO no YouTube:&nbsp;<a href=\"https:\/\/www.youtube.com\/channel\/UC9OlHEgxoaY6QY6nWPoiqQg?sub_confirmation=1\" target=\"_blank\" rel=\"noreferrer noopener\">GP<\/a>&nbsp;|&nbsp;<a href=\"https:\/\/www.youtube.com\/channel\/UC9csiS6q_C3C0FYhyr1rnFA?sub_confirmation=1\" target=\"_blank\" rel=\"noreferrer noopener\">GP2<\/a><\/strong><br><strong>\u25b6\ufe0f&nbsp;<a href=\"https:\/\/www.twitch.tv\/grandepremio\" target=\"_blank\" rel=\"noreferrer noopener\">Conhe\u00e7a o canal do GRANDE PR\u00caMIO na Twitch clicando aqui!<\/a><\/strong><\/p>\n\n\n\n<figure class=\"wp-block-image aligncenter size-full\"><img decoding=\"async\" src=\"https:\/\/www.grandepremio.com\/br\/wp-content\/uploads\/2023\/03\/Fr_v_V9XwAA_GZh.jpg\" alt=\"\" class=\"wp-image-664297\"\/><figcaption>Di Grassi vai usar capacete inspirado em Senna no eP de S\u00e3o Paulo (Foto: Reprodu\u00e7\u00e3o\/Twitter)<\/figcaption><\/figure>\n\n\n\n<p class=\"wp-block-paragraph\">Campe\u00e3o da F\u00f3rmula E na temporada 2016\/17, Di Grassi tem 18 pontos somados no atual campeonato, todos na etapa do M\u00e9xico, quando cravou a pole-position e foi ao p\u00f3dio com o terceiro lugar. O piloto da Mahindra \u00e9 d\u00e9cimo colocado na classifica\u00e7\u00e3o.<\/p>\n\n\n\n<p class=\"wp-block-paragraph\">O treino livre 1 da F\u00f3rmula E em S\u00e3o Paulo ser\u00e1 realizado a partir das 16h25 (de Bras\u00edlia, GMT-3), com transmiss\u00e3o do <strong>GRANDE PR\u00caMIO <\/strong><a href=\"https:\/\/youtube.com\/live\/0wLVno3Pfvk\" class=\"ek-link\">no canal do YouTube. <\/a><\/p>\n\n\n\n<p class=\"wp-block-paragraph\">O <strong>GRANDE PR\u00caMIO<\/strong> transmite <a aria-label=\"todas as sess\u00f5es (opens in a new tab)\" href=\"https:\/\/www.youtube.com\/@GrandePremio1\" target=\"_blank\" rel=\"noreferrer noopener\" class=\"ek-link\">todas as sess\u00f5es<\/a> do eP de S\u00e3o Paulo e acompanha as atividades IN LOCO com Gabriel Carvalho, Gabriel Curty, Guilherme Bloisi, Jo\u00e3o Pedro Nascimento, Pedro Henrique Marum, Pedro Prado, Rodrigo Berton e Thiago Rocha.\u00a0<\/p>\n","protected":false},"excerpt":{"rendered":"<p>Para o primeiro eP de S\u00e3o Paulo, Lucas Di Grassi optou por ter as cores tradicionais do capacete que Ayrton Senna usava na F\u00f3rmula 1<\/p>\n","protected":false},"author":0,"featured_media":1000663082,"comment_status":"closed","ping_status":"closed","sticky":false,"template":"","format":"standard","meta":{"42wp_featured_image_caption":"","42wp_featured_image_credits":"","42wp_featured_video":"","42wp_featured_image_hidden":false,"42wp_authors_list":[],"footnotes":""},"categories":[19],"tags":[699,31468,379,840,966,1172,3324],"42wp_author":[47150],"class_list":["post-104572","post","type-post","status-publish","format-standard","has-post-thumbnail","hentry","category-formula-e","tag-ayrton-senna","tag-ep-de-sao-paulo","tag-fe","tag-formula-e","tag-lucas-di-grassi","tag-mahindra","tag-senna","42wp_author-carol-sales"],"_links":{"self":[{"href":"https:\/\/grandepremio.com\/br\/wp-json\/wp\/v2\/posts\/104572","targetHints":{"allow":["GET"]}}],"collection":[{"href":"https:\/\/grandepremio.com\/br\/wp-json\/wp\/v2\/posts"}],"about":[{"href":"https:\/\/grandepremio.com\/br\/wp-json\/wp\/v2\/types\/post"}],"replies":[{"embeddable":true,"href":"https:\/\/grandepremio.com\/br\/wp-json\/wp\/v2\/comments?post=104572"}],"version-history":[{"count":0,"href":"https:\/\/grandepremio.com\/br\/wp-json\/wp\/v2\/posts\/104572\/revisions"}],"wp:featuredmedia":[{"embeddable":true,"href":"https:\/\/grandepremio.com\/br\/wp-json\/wp\/v2\/media\/1000663082"}],"wp:attachment":[{"href":"https:\/\/grandepremio.com\/br\/wp-json\/wp\/v2\/media?parent=104572"}],"wp:term":[{"taxonomy":"category","embeddable":true,"href":"https:\/\/grandepremio.com\/br\/wp-json\/wp\/v2\/categories?post=104572"},{"taxonomy":"post_tag","embeddable":true,"href":"https:\/\/grandepremio.com\/br\/wp-json\/wp\/v2\/tags?post=104572"},{"taxonomy":"42wp_author","embeddable":true,"href":"https:\/\/grandepremio.com\/br\/wp-json\/wp\/v2\/42wp_author?post=104572"}],"curies":[{"name":"wp","href":"https:\/\/api.w.org\/{rel}","templated":true}]}}