{"id":104577,"date":"2023-03-24T10:25:38","date_gmt":"2023-03-24T13:25:38","guid":{"rendered":"https:\/\/grandepremio.com\/br\/noticias\/mitch-evans-preve-dificuldade-calor-sao-paulo-carros-pneus-nao-gostam-muito\/"},"modified":"2023-03-24T10:27:08","modified_gmt":"2023-03-24T13:27:08","slug":"mitch-evans-preve-dificuldade-calor-sao-paulo-carros-pneus-nao-gostam-muito","status":"publish","type":"post","link":"https:\/\/grandepremio.com\/br\/formula-e\/mitch-evans-preve-dificuldade-calor-sao-paulo-carros-pneus-nao-gostam-muito\/","title":{"rendered":"Evans prev\u00ea dificuldade com calor em SP: &#8220;Carros e pneus n\u00e3o gostam muito&#8221;"},"content":{"rendered":"\n<p class=\"wp-block-paragraph\"><strong>Mitch Evans<\/strong> est\u00e1 em <strong>S\u00e3o Paulo<\/strong> pela primeira vez na carreira para a disputa da sexta etapa da <strong>F\u00f3rmula E<\/strong>, estreia da categoria no <strong>Brasil<\/strong>. O neozeland\u00eas da <strong>Jaguar<\/strong> tem como objetivo neste final de semana ganhar terreno para a sequ\u00eancia do campeonato, mas j\u00e1 tem uma \u00f3tima impress\u00e3o da pista na capital paulista.<\/p>\n\n\n\n<p class=\"wp-block-paragraph\">Em entrevista exclusiva ao <strong>GRANDE PR\u00caMIO<\/strong> nesta quinta-feira (23), Evans destacou a import\u00e2ncia da categoria el\u00e9trica estar em uma pra\u00e7a como o Brasil. &#8220;Sabemos o quanto s\u00e3o apaixonados pelo automobilismo. Ent\u00e3o, trazer corridas com essa tecnologia para c\u00e1 \u00e9 muito animador. S\u00e3o Paulo \u00e9 uma cidade incr\u00edvel&#8221;, falou.<\/p>\n\n\n\n<p class=\"wp-block-paragraph\">Mitch chegou faz tr\u00eas dias em S\u00e3o Paulo e, perguntado sobre se pegou algumas dicas com os brasileiros do grid, <strong>Lucas Di Grassi <\/strong>e <strong>S\u00e9rgio Sette C\u00e2mara<\/strong>, desconversou. &#8220;Falamos mais sobre a cidade, na real. Quando penso no Brasil, em automobilismo, logo vem Interlagos, Senna e na sele\u00e7\u00e3o brasileira na cabe\u00e7a. \u00c9 um pa\u00eds especial. Mas, quando entrarmos na pista, quero venc\u00ea-los&#8221;.<\/p>\n\n\n\n<figure class=\"wp-block-image size-large\"><img decoding=\"async\" src=\"https:\/\/www.grandepremio.com\/br\/wp-content\/uploads\/2023\/03\/IMG_0749-1024x683.jpg\" alt=\"\" class=\"wp-image-664003\"\/><figcaption>\u00c9 a primeira vez de Mitch Evans no Brasil com a F\u00f3rmula E (Foto: Rodrigo Berton\/Grande Pr\u00eamio)<\/figcaption><\/figure>\n\n\n\n<p class=\"wp-block-paragraph\">O piloto chega para este fim de semana na 12\u00aa coloca\u00e7\u00e3o, com 14 pontos. E est\u00e1 cheio de expectativa para o que est\u00e1 por vir na pista desenhada no <strong>Samb\u00f3dromo do Anhembi<\/strong>. &#8220;Esperamos fazer uma boa corrida, todos estamos entusiasmados por estar aqui.\u00a0A pista usa algumas retas longas, ent\u00e3o veremos quanto de velocidade m\u00e1xima podemos atingir nela&#8221;, destacou.<\/p>\n\n\n\n<p class=\"wp-block-paragraph\"><strong>\u25b6\ufe0f\u00a0Inscreva-se nos dois canais do GRANDE PR\u00caMIO no YouTube:\u00a0<\/strong><a href=\"https:\/\/www.youtube.com\/channel\/UC9OlHEgxoaY6QY6nWPoiqQg?sub_confirmation=1\" target=\"_blank\" rel=\"noreferrer noopener\"><strong>GP\u00a0|\u00a0GP2<\/strong><br><\/a><strong>\u25b6\ufe0f\u00a0<a href=\"https:\/\/www.twitch.tv\/grandepremio\" target=\"_blank\" rel=\"noreferrer noopener\" class=\"ek-link\">Conhe\u00e7a o canal do GRANDE PR\u00caMIO na Twitch clicando aqui!<\/a><\/strong><\/p>\n\n\n\n<p class=\"wp-block-paragraph\">E, de cara, um primeiro obst\u00e1culo j\u00e1 pinta para a corrida: o calor. S\u00e3o Paulo tem previs\u00e3o de fortes temperaturas em todo o fim de semana e j\u00e1 deixa Evans em sinal de alerta. &#8220;O carro e os pneus n\u00e3o gostam muito de calor, mas j\u00e1 fizemos algumas corridas com esse tipo de atmosfera. Tentaremos ajust\u00e1-lo para lidar da melhor forma, porque \u00e9 mais dif\u00edcil para os pneus quando est\u00e1 quente&#8221;, completou.<\/p>\n\n\n\n<p class=\"wp-block-paragraph\">O\u00a0<strong>GRANDE PR\u00caMIO<\/strong>\u00a0transmite todas as sess\u00f5es do\u00a0<a href=\"https:\/\/www.grandepremio.com\/br\/circuito\/sao-paulo\/\"><strong>eP de\u00a0<\/strong><\/a><strong><a href=\"https:\/\/www.grandepremio.com\/br\/circuito\/sao-paulo\/\" target=\"_blank\" rel=\"noreferrer noopener\">S\u00e3o Paulo<\/a><\/strong>\u00a0e acompanha as atividades\u00a0<strong>IN LOCO<\/strong>\u00a0com Gabriel Carvalho, Gabriel Curty, Guilherme Bloisi, Jo\u00e3o Pedro Nascimento, Pedro Henrique Marum, Pedro Prado, Rodrigo Berton e Thiago Rocha. <a href=\"https:\/\/www.youtube.com\/channel\/UC9OlHEgxoaY6QY6nWPoiqQg\" class=\"ek-link\">Assista\u00a0<strong>AO VIVO<\/strong><\/a>, diretamente do\u00a0<strong>Anhembi<\/strong>, com transmiss\u00e3o de treinos livres, classifica\u00e7\u00e3o e corrida com imagens.<\/p>\n","protected":false},"excerpt":{"rendered":"<p>Pela primeira vez no Brasil, Mitch Evans j\u00e1 sente que o calor previsto na capital paulista durante o fim de semana ser\u00e1 um fator importante que vai ditar os rumos da corrida no Anhembi<\/p>\n","protected":false},"author":0,"featured_media":1000664004,"comment_status":"closed","ping_status":"closed","sticky":false,"template":"","format":"standard","meta":{"42wp_featured_image_caption":"","42wp_featured_image_credits":"","42wp_featured_video":"","42wp_featured_image_hidden":false,"42wp_authors_list":[],"footnotes":""},"categories":[19],"tags":[31468,31435,910,909,2380],"42wp_author":[47128],"class_list":["post-104577","post","type-post","status-publish","format-standard","has-post-thumbnail","hentry","category-formula-e","tag-ep-de-sao-paulo","tag-formula-e-2023","tag-jaguar","tag-mitch-evans","tag-sao-paulo","42wp_author-guilherme-bloisi"],"_links":{"self":[{"href":"https:\/\/grandepremio.com\/br\/wp-json\/wp\/v2\/posts\/104577","targetHints":{"allow":["GET"]}}],"collection":[{"href":"https:\/\/grandepremio.com\/br\/wp-json\/wp\/v2\/posts"}],"about":[{"href":"https:\/\/grandepremio.com\/br\/wp-json\/wp\/v2\/types\/post"}],"replies":[{"embeddable":true,"href":"https:\/\/grandepremio.com\/br\/wp-json\/wp\/v2\/comments?post=104577"}],"version-history":[{"count":0,"href":"https:\/\/grandepremio.com\/br\/wp-json\/wp\/v2\/posts\/104577\/revisions"}],"wp:featuredmedia":[{"embeddable":true,"href":"https:\/\/grandepremio.com\/br\/wp-json\/wp\/v2\/media\/1000664004"}],"wp:attachment":[{"href":"https:\/\/grandepremio.com\/br\/wp-json\/wp\/v2\/media?parent=104577"}],"wp:term":[{"taxonomy":"category","embeddable":true,"href":"https:\/\/grandepremio.com\/br\/wp-json\/wp\/v2\/categories?post=104577"},{"taxonomy":"post_tag","embeddable":true,"href":"https:\/\/grandepremio.com\/br\/wp-json\/wp\/v2\/tags?post=104577"},{"taxonomy":"42wp_author","embeddable":true,"href":"https:\/\/grandepremio.com\/br\/wp-json\/wp\/v2\/42wp_author?post=104577"}],"curies":[{"name":"wp","href":"https:\/\/api.w.org\/{rel}","templated":true}]}}