{"id":104631,"date":"2023-03-22T08:00:40","date_gmt":"2023-03-22T11:00:40","guid":{"rendered":"https:\/\/grandepremio.com\/br\/noticias\/marc-marquez-pre-temporada-agitada-faz-ressalva-corridas-e-testes-sao-diferentes\/"},"modified":"2023-03-22T08:01:25","modified_gmt":"2023-03-22T11:01:25","slug":"marc-marquez-pre-temporada-agitada-faz-ressalva-corridas-e-testes-sao-diferentes","status":"publish","type":"post","link":"https:\/\/grandepremio.com\/br\/motogp\/marc-marquez-pre-temporada-agitada-faz-ressalva-corridas-e-testes-sao-diferentes\/","title":{"rendered":"Marc M\u00e1rquez cita pr\u00e9-temporada \u201cagitada\u201d e faz ressalva: \u201cCorridas e testes s\u00e3o diferentes\u201d"},"content":{"rendered":"\n<p class=\"wp-block-paragraph\"><strong>Marc M\u00e1rquez<\/strong> pode n\u00e3o estar muito satisfeito com a <strong>Honda<\/strong>, mas n\u00e3o jogou a toalha na temporada <strong>2023 <\/strong>da <strong>MotoGP<\/strong>. \u00c0s v\u00e9speras do in\u00edcio do campeonato, o espanhol ressaltou que testes e corridas s\u00e3o muito diferentes e \u00e9 hora de focar nas primeiras disputas da temporada.<\/p>\n\n\n\n<p class=\"wp-block-paragraph\">O mais velho dos irm\u00e3os M\u00e1rquez fechou a pr\u00e9-temporada em <strong>Portim\u00e3o <\/strong>com o 14\u00ba tempo, 0s810 atr\u00e1s de <strong>Francesco Bagnaia<\/strong>, o l\u00edder das atividades. Ap\u00f3s o encerramento da atividade, o <a href=\"https:\/\/www.grandepremio.com\/br\/motogp\/noticias\/marc-marquez-evita-jogar-toalha-2023-descarta-podio-gp-portugal\/\" class=\"ek-link\">espanhol avaliou que est\u00e1 fora da briga pelo p\u00f3dio e pode apenas imaginar ficar entre quinto e d\u00e9cimo neste fim de semana<\/a>.<\/p>\n\n\n\n<figure class=\"wp-block-image size-large\"><img decoding=\"async\" src=\"https:\/\/www.grandepremio.com\/br\/wp-content\/uploads\/2023\/03\/https-__repsolmedia.com_repsolmedia_wp-content_uploads_2023_03_JRB0641-1-scaled-1-1024x682.jpg\" alt=\"\" class=\"wp-image-660508\"\/><figcaption>Marc M\u00e1rquez destacou que est\u00e1 ansioso para subir na moto (Foto: Repsol)<\/figcaption><\/figure>\n\n\n\n<p class=\"wp-block-paragraph\"><strong>\u25b6\ufe0f\u00a0Inscreva-se nos dois canais do GRANDE PR\u00caMIO no YouTube:\u00a0<a href=\"https:\/\/www.youtube.com\/channel\/UC9OlHEgxoaY6QY6nWPoiqQg?sub_confirmation=1\" target=\"_blank\" rel=\"noreferrer noopener\">GP<\/a>\u00a0|\u00a0<a href=\"https:\/\/www.youtube.com\/channel\/UC9csiS6q_C3C0FYhyr1rnFA?sub_confirmation=1\" target=\"_blank\" rel=\"noreferrer noopener\">GP2<\/a><\/strong><br><strong>\u25b6\ufe0f\u00a0<a href=\"https:\/\/www.twitch.tv\/grandepremio\" target=\"_blank\" rel=\"noreferrer noopener\">Conhe\u00e7a o canal do GRANDE PR\u00caMIO na Twitch clicando aqui!<\/a><\/strong><\/p>\n\n\n\n<p class=\"wp-block-paragraph\">Antes de abrir o fim de semana em Portim\u00e3o, Marc destacou que a empolga\u00e7\u00e3o \u00e9 sempre a mesma antes de uma nova temporada e se disse ansioso para voltar a subir na <strong>RC213V<\/strong>.<\/p>\n\n\n\n<p class=\"wp-block-paragraph\">\u201cO in\u00edcio de outra temporada est\u00e1 aqui, e voc\u00ea sempre tem essa empolga\u00e7\u00e3o e sensa\u00e7\u00e3o antes de voltar a correr\u201d, disse M\u00e1rquez. \u201cTivemos uma pr\u00e9-temporada agitada, onde reunimos muitos dados e miramos o futuro\u201d, seguiu.<\/p>\n\n\n\n<p class=\"wp-block-paragraph\">\u201cAgora, temos de focar nas corridas de abertura e lembrar que as corridas e os testes s\u00e3o diferentes\u201d, frisou. \u201cEste ano, n\u00f3s temos um novo desafio com a sprint no s\u00e1bado, uma corrida curta e intensa, que tenho certeza que vai empolgar muito os f\u00e3s\u201d, comentou.<\/p>\n\n\n\n<p class=\"wp-block-paragraph\">\u201cEstou realmente ansioso para voltar \u00e0 Honda RC213V para a 11\u00aa temporada com a Repsol Honda\u201d, encerrou.<\/p>\n\n\n\n<p class=\"wp-block-paragraph\">A temporada 2023 da <strong>MotoGP <\/strong>come\u00e7a neste fim de semana, com o GP de\u00a0<a href=\"https:\/\/grandepremio.pt\/\" target=\"_blank\" rel=\"noreferrer noopener\" class=\"ek-link\"><strong>Portugal<\/strong><\/a>. O\u00a0<a href=\"https:\/\/www.grandepremio.com\/br\/motogp\/ultimas-noticias\/\"><strong>GRANDE PR\u00caMIO\u00a0<\/strong>acompanha todos os detalhes da a\u00e7\u00e3o em\u00a0<\/a><a href=\"https:\/\/www.grandepremio.com\/br\/circuito\/portimao\/\" target=\"_blank\" rel=\"noreferrer noopener\">Portim\u00e3o<\/a>.<\/p>\n\n\n\n<figure class=\"wp-block-embed is-type-video is-provider-youtube wp-block-embed-youtube wp-embed-aspect-16-9 wp-has-aspect-ratio\"><div class=\"wp-block-embed__wrapper\">\n<iframe loading=\"lazy\" title=\"A HORA DAS SPRINT! \u201c2023 PROMETE VERDADEIRA REVOLU\u00c7\u00c3O NA MOTOGP\u201d | GP \u00c0S 10\" width=\"500\" height=\"281\" src=\"https:\/\/www.youtube.com\/embed\/JsqcMlf8Qh0?feature=oembed\" frameborder=\"0\" allow=\"accelerometer; autoplay; clipboard-write; encrypted-media; gyroscope; picture-in-picture; web-share\" referrerpolicy=\"strict-origin-when-cross-origin\" allowfullscreen><\/iframe>\n<\/div><figcaption>A hora das sprint! \u201c2023 promete verdadeira revolu\u00e7\u00e3o na MotoGP\u201d | GP \u00e0s 10<\/figcaption><\/figure>\n","protected":false},"excerpt":{"rendered":"<p>Espanhol indicou que usou a pr\u00e9-temporada para coletar muitas informa\u00e7\u00f5es sobre a RC213V, mas agora \u00e9 hora de focar nas primeiras corridas do ano. O hexacampe\u00e3o da MotoGP classificou as provas sprint como \u201cum novo desafio\u201d<\/p>\n","protected":false},"author":0,"featured_media":1000660538,"comment_status":"closed","ping_status":"closed","sticky":false,"template":"","format":"standard","meta":{"42wp_featured_image_caption":"","42wp_featured_image_credits":"","42wp_featured_video":"","42wp_featured_image_hidden":false,"42wp_authors_list":[],"footnotes":""},"categories":[8],"tags":[5214,28285,130,1300,79,78,27538,33202,33200,33201,25819,29345,28766,33203,26690,13160,1107],"42wp_author":[47113],"class_list":["post-104631","post","type-post","status-publish","format-standard","has-post-thumbnail","hentry","category-motogp","tag-classificacao-motogp","tag-grandepremio","tag-honda","tag-marc-marquez","tag-moto-gp","tag-motogp","tag-motogp-2023","tag-motogp-2023-calendario","tag-motogp-calendario-2023","tag-motogp-classificacao-2023","tag-motogp-hoje","tag-motogp-horario","tag-motogp-standings","tag-onde-assistir-motogp-2023","tag-pilotos-motogp","tag-portimao","tag-portugal","42wp_author-juliana-tesser"],"_links":{"self":[{"href":"https:\/\/grandepremio.com\/br\/wp-json\/wp\/v2\/posts\/104631","targetHints":{"allow":["GET"]}}],"collection":[{"href":"https:\/\/grandepremio.com\/br\/wp-json\/wp\/v2\/posts"}],"about":[{"href":"https:\/\/grandepremio.com\/br\/wp-json\/wp\/v2\/types\/post"}],"replies":[{"embeddable":true,"href":"https:\/\/grandepremio.com\/br\/wp-json\/wp\/v2\/comments?post=104631"}],"version-history":[{"count":0,"href":"https:\/\/grandepremio.com\/br\/wp-json\/wp\/v2\/posts\/104631\/revisions"}],"wp:featuredmedia":[{"embeddable":true,"href":"https:\/\/grandepremio.com\/br\/wp-json\/wp\/v2\/media\/1000660538"}],"wp:attachment":[{"href":"https:\/\/grandepremio.com\/br\/wp-json\/wp\/v2\/media?parent=104631"}],"wp:term":[{"taxonomy":"category","embeddable":true,"href":"https:\/\/grandepremio.com\/br\/wp-json\/wp\/v2\/categories?post=104631"},{"taxonomy":"post_tag","embeddable":true,"href":"https:\/\/grandepremio.com\/br\/wp-json\/wp\/v2\/tags?post=104631"},{"taxonomy":"42wp_author","embeddable":true,"href":"https:\/\/grandepremio.com\/br\/wp-json\/wp\/v2\/42wp_author?post=104631"}],"curies":[{"name":"wp","href":"https:\/\/api.w.org\/{rel}","templated":true}]}}