{"id":104686,"date":"2023-03-20T06:15:00","date_gmt":"2023-03-20T09:15:00","guid":{"rendered":"https:\/\/grandepremio.com\/br\/noticias\/enzo-fittipaldi-destaca-bom-ritmo-jeda-fixa-meta-australia-melhorar-classificacao\/"},"modified":"2023-12-18T20:17:51","modified_gmt":"2023-12-18T23:17:51","slug":"enzo-fittipaldi-destaca-bom-ritmo-jeda-fixa-meta-australia-melhorar-classificacao","status":"publish","type":"post","link":"https:\/\/grandepremio.com\/br\/f2\/enzo-fittipaldi-destaca-bom-ritmo-jeda-fixa-meta-australia-melhorar-classificacao\/","title":{"rendered":"Fittipaldi destaca bom ritmo em Jed\u00e1 e fixa meta para Austr\u00e1lia: &#8220;Melhorar classifica\u00e7\u00e3o&#8221;"},"content":{"rendered":"\n<p class=\"wp-block-paragraph\"><strong>Enzo Fittipaldi <\/strong>teve um domingo (19) em <strong>Jed\u00e1<\/strong> mais pr\u00f3ximo do que se viu no ano passado, quando se destacou pelas corridas de recupera\u00e7\u00e3o que fez com a <strong>Charouz <\/strong>na <strong>F\u00f3rmula 2<\/strong>. O brasileiro largou em 14\u00ba <a href=\"https:\/\/www.grandepremio.com\/br\/f2\/noticias\/frederik-vesti-vence-tumultuada-corrida-2-f2-jeda-enzo-fittipaldi-setimo\/\" class=\"ek-link\">e levou a <strong>Carlin<\/strong> a uma boa s\u00e9tima coloca\u00e7\u00e3o na corrida principal<\/a> da rodada da <strong>Ar\u00e1bia Saudita<\/strong>, elogiando bastante o ritmo do carro.<\/p>\n\n\n\n<p class=\"wp-block-paragraph\">Desde as primeiras voltas, Fittipaldi sentiu que teria condi\u00e7\u00f5es de lutar por um resultado melhor, e o stint com os pneus m\u00e9dios foi, na opini\u00e3o do piloto, decisivo para a boa performance na pista saudita.<\/p>\n\n\n\n<p class=\"wp-block-paragraph\"><strong>\u25b6\ufe0f&nbsp;Inscreva-se nos dois canais do GRANDE PR\u00caMIO no YouTube:&nbsp;<a href=\"https:\/\/www.youtube.com\/channel\/UC9OlHEgxoaY6QY6nWPoiqQg?sub_confirmation=1\" target=\"_blank\" rel=\"noreferrer noopener\">GP<\/a>&nbsp;|&nbsp;<a href=\"https:\/\/www.youtube.com\/channel\/UC9csiS6q_C3C0FYhyr1rnFA?sub_confirmation=1\" target=\"_blank\" rel=\"noreferrer noopener\">GP2<\/a><\/strong><br><strong>\u25b6\ufe0f&nbsp;<a href=\"https:\/\/www.twitch.tv\/grandepremio\" target=\"_blank\" rel=\"noreferrer noopener\">Conhe\u00e7a o canal do GRANDE PR\u00caMIO na Twitch clicando aqui!<\/a><\/strong><\/p>\n\n\n\n<figure class=\"wp-block-image size-large\"><img decoding=\"async\" src=\"https:\/\/www.grandepremio.com\/br\/wp-content\/uploads\/2023\/03\/419836_1051279_enzo_fittipaldi___james_gasperotti-1024x1024.jpg\" alt=\"\" class=\"wp-image-663029\"\/><figcaption class=\"wp-element-caption\">Enzo Fittipaldi sabe que a Carlin precisa melhorar o ritmo de classifica\u00e7\u00e3o (Foto: James Gasperotti\/RF1)<\/figcaption><\/figure>\n\n\n\n<p class=\"wp-block-paragraph\">&#8220;N\u00f3s voamos no final&#8221;, celebrou Enzo. &#8220;Acho que era o cara mais r\u00e1pido com os pneus m\u00e9dios. Fiz algumas ultrapassagens muito boas e quase peguei o sexto lugar. Acho que s\u00f3 precisava fazer a curva 1 mais uma vez. Teria conseguido em mais uma volta, ou talvez menos&#8221;, avaliou.<\/p>\n\n\n\n<p class=\"wp-block-paragraph\">&#8220;Foi dif\u00edcil come\u00e7ar a corrida partindo do fundo, mas nos recuperamos e demos a volta por cima. \u00c9 uma \u00f3tima sensa\u00e7\u00e3o sair de Jed\u00e1 com alguns bons pontos. H\u00e1 ainda 12 rodadas pela frente. Vamos manter o foco e continuar trabalhando duro&#8221;, completou Fittipaldi.<\/p>\n\n\n\n<p class=\"wp-block-paragraph\">Apesar da boa impress\u00e3o durante a corrida, Enzo sabe que o principal foco da Carlin \u00e9 recuperar a diferen\u00e7a para as rivais na classifica\u00e7\u00e3o. Mais uma vez, nem ele e nem Zane Maloney conseguiram entrar no top-10 no s\u00e1bado, portanto o alvo para a Austr\u00e1lia j\u00e1 est\u00e1 bem definido.<\/p>\n\n\n\n<p class=\"wp-block-paragraph\">&#8220;Sabia desde as primeiras voltas que t\u00ednhamos ritmo. N\u00e3o fiz nenhuma manobra maluca ou defendi posi\u00e7\u00e3o como um louco porque est\u00e1vamos num trecho longo. Sabia ao longo da corrida que teria um bom ritmo, s\u00f3 precisava fazer voltas limpas&#8221;, continuou o piloto.<\/p>\n\n\n\n<p class=\"wp-block-paragraph\">&#8220;Tem sido um in\u00edcio de temporada dif\u00edcil, mas estamos trabalhando muito para melhorar na classifica\u00e7\u00e3o. Esse \u00e9 o nosso objetivo para a pr\u00f3xima corrida, em Melbourne&#8221;, finalizou Fittipaldi.<\/p>\n\n\n\n<p class=\"wp-block-paragraph\">A F\u00f3rmula 2 volta \u00e0s pistas daqui a duas semanas, dos dias 31 de mar\u00e7o a 2 de abril, para a inaugural rodada da Austr\u00e1lia, terceira etapa da temporada 2023.<\/p>\n","protected":false},"excerpt":{"rendered":"<p>Enzo Fittipaldi elogiou o ritmo de corrida da Carlin na corrida 2 em Jed\u00e1, mas sabe que o principal foco da equipe brit\u00e2nica \u00e9 melhorar a performance nas classifica\u00e7\u00f5es, ainda aqu\u00e9m do esperado<\/p>\n","protected":false},"author":0,"featured_media":1000663020,"comment_status":"closed","ping_status":"closed","sticky":false,"template":"","format":"standard","meta":{"42wp_featured_image_caption":"","42wp_featured_image_credits":"","42wp_featured_video":"","42wp_featured_image_hidden":false,"42wp_authors_list":[],"footnotes":""},"categories":[9],"tags":[409,32048,2208,1491,26627,1757,33171],"42wp_author":[47147],"class_list":["post-104686","post","type-post","status-publish","format-standard","has-post-thumbnail","hentry","category-f2","tag-enzo-fittipaldi","tag-f2-2023","tag-formula-2","tag-grande-premio","tag-jeda","tag-melbourne","tag-temporada-2023-f2","42wp_author-luana-marino"],"_links":{"self":[{"href":"https:\/\/grandepremio.com\/br\/wp-json\/wp\/v2\/posts\/104686","targetHints":{"allow":["GET"]}}],"collection":[{"href":"https:\/\/grandepremio.com\/br\/wp-json\/wp\/v2\/posts"}],"about":[{"href":"https:\/\/grandepremio.com\/br\/wp-json\/wp\/v2\/types\/post"}],"replies":[{"embeddable":true,"href":"https:\/\/grandepremio.com\/br\/wp-json\/wp\/v2\/comments?post=104686"}],"version-history":[{"count":0,"href":"https:\/\/grandepremio.com\/br\/wp-json\/wp\/v2\/posts\/104686\/revisions"}],"wp:featuredmedia":[{"embeddable":true,"href":"https:\/\/grandepremio.com\/br\/wp-json\/wp\/v2\/media\/1000663020"}],"wp:attachment":[{"href":"https:\/\/grandepremio.com\/br\/wp-json\/wp\/v2\/media?parent=104686"}],"wp:term":[{"taxonomy":"category","embeddable":true,"href":"https:\/\/grandepremio.com\/br\/wp-json\/wp\/v2\/categories?post=104686"},{"taxonomy":"post_tag","embeddable":true,"href":"https:\/\/grandepremio.com\/br\/wp-json\/wp\/v2\/tags?post=104686"},{"taxonomy":"42wp_author","embeddable":true,"href":"https:\/\/grandepremio.com\/br\/wp-json\/wp\/v2\/42wp_author?post=104686"}],"curies":[{"name":"wp","href":"https:\/\/api.w.org\/{rel}","templated":true}]}}