{"id":104693,"date":"2023-03-20T04:30:21","date_gmt":"2023-03-20T07:30:21","guid":{"rendered":"https:\/\/grandepremio.com\/br\/noticias\/mercedes-elogia-chegada-jerome-dambrosio-projeta-crescimento-dentro-organizacao\/"},"modified":"2023-03-19T19:43:36","modified_gmt":"2023-03-19T22:43:36","slug":"mercedes-elogia-chegada-jerome-dambrosio-projeta-crescimento-dentro-organizacao","status":"publish","type":"post","link":"https:\/\/grandepremio.com\/br\/f1\/mercedes-elogia-chegada-jerome-dambrosio-projeta-crescimento-dentro-organizacao\/","title":{"rendered":"Mercedes elogia chegada de D&#8217;Ambrosio e projeta &#8220;crescimento dentro da organiza\u00e7\u00e3o&#8221;"},"content":{"rendered":"\n<p class=\"wp-block-paragraph\"><strong>J\u00e9r\u00f4me D\u2019Ambrosio<\/strong> foi <a href=\"https:\/\/www.grandepremio.com\/br\/f1\/noticias\/mercedes-contrata-jerome-dambrosio-para-cargo-de-desenvolvimento-de-pilotos-na-formula-1\/\" class=\"ek-link\">confirmado, na \u00faltima quinta-feira (16), para o cargo de gerenciamento e desenvolvimento de jovens pilotos da <\/a><strong><a href=\"https:\/\/www.grandepremio.com\/br\/f1\/noticias\/mercedes-contrata-jerome-dambrosio-para-cargo-de-desenvolvimento-de-pilotos-na-formula-1\/\" class=\"ek-link\">Mercedes<\/a>, <\/strong>mas ainda que as fun\u00e7\u00f5es do belga estejam bem definidas, a equipe n\u00e3o descarta que ele possa assumir outras responsabilidades no futuro. A inten\u00e7\u00e3o foi confirmada neste s\u00e1bado (18) pelo chefe da escuderia alem\u00e3, <strong>Toto Wolff<\/strong>, em entrevista ao site da revista inglesa Autosport.<\/p>\n\n\n\n<p class=\"wp-block-paragraph\">O novo funcion\u00e1rio do quadro mercedista assumiu a vaga que pertencia, anteriormente, a<strong> James Vowles, <\/strong>que vinha sendo preparado para se tornar chefe de equipe \u2013 <a href=\"https:\/\/www.grandepremio.com\/br\/f1\/noticias\/james-vowles-funcoes-chefe-williams-fim-contrato-mercedes\/\" class=\"ek-link\">algo que acabou acontecendo na Williams<\/a>. Embora Wolff tenha dito que ainda \u00e9 muito cedo para pensar em chefia, ele deixou o futuro em aberto para D\u2019Ambrosio caso ele cres\u00e7a dentro da equipe.<\/p>\n\n\n\n<p class=\"wp-block-paragraph\">\u201cEle est\u00e1 cuidando do programa de jovens pilotos em estreita coopera\u00e7\u00e3o com Gwen [Lagrue, tamb\u00e9m respons\u00e1vel por gerenciamento de pilotos], que tem feito isso com muito sucesso nos \u00faltimos anos. Estamos olhando para o automobilismo de base desde os est\u00e1gios iniciais dos karts, e \u00e9 aqui que Gwen \u00e9 muito ativo, e foi ele quem trabalhou com James [Vowles]\u201d, iniciou Wolff.<\/p>\n\n\n\n<p class=\"wp-block-paragraph\">\u201cE agora dentro da estrutura de Brackley \u00e9 J\u00e9r\u00f4me quem assumiu isso, e ele est\u00e1 olhando para as coisas e o tanto de escopo que James fez al\u00e9m do trabalho de estrat\u00e9gia. Ent\u00e3o, vejo J\u00e9r\u00f4me crescendo na organiza\u00e7\u00e3o, mas, neste est\u00e1gio, essa \u00e9 a \u00e1rea dele\u201d, completou.<\/p>\n\n\n\n<p class=\"wp-block-paragraph\">Wolff reconheceu que o ex-piloto da extinta Marussia\/Virgin tem curr\u00edculo para a chefia da Mercedes, ainda que n\u00e3o considere, no momento, um desenvolvimento para D\u2019Ambrosio com esse objetivo. O austr\u00edaco, inclusive, possui refer\u00eancias de <strong>Susie Wolff<\/strong>, sua esposa, que trabalhou com o belga na F\u00f3rmula E, na equipe <strong>Venturi.<\/strong><\/p>\n\n\n\n<p class=\"wp-block-paragraph\"><strong>\u25b6\ufe0f&nbsp;Inscreva-se nos dois canais do GRANDE PR\u00caMIO no YouTube:&nbsp;<a href=\"https:\/\/www.youtube.com\/channel\/UC9OlHEgxoaY6QY6nWPoiqQg?sub_confirmation=1\" target=\"_blank\" rel=\"noreferrer noopener\">GP<\/a>&nbsp;|&nbsp;<a href=\"https:\/\/www.youtube.com\/channel\/UC9csiS6q_C3C0FYhyr1rnFA?sub_confirmation=1\" target=\"_blank\" rel=\"noreferrer noopener\">GP2<\/a><\/strong><br><strong>\u25b6\ufe0f&nbsp;<a href=\"https:\/\/www.twitch.tv\/grandepremio\" target=\"_blank\" rel=\"noreferrer noopener\">Conhe\u00e7a o canal do GRANDE PR\u00caMIO na Twitch clicando aqui!<\/a><\/strong><\/p>\n\n\n\n<figure class=\"wp-block-image size-large\"><img decoding=\"async\" src=\"https:\/\/www.grandepremio.com\/br\/wp-content\/uploads\/2023\/03\/DAmbrosio-na-FE-1024x576.png\" alt=\"\" class=\"wp-image-661693\"\/><figcaption>D&#8217;Ambrosio foi chefe da Venturi na F\u00f3rmula E at\u00e9 setembro do ano passado, quando deixou o cargo por conta da transi\u00e7\u00e3o para a Maserati (Foto: F\u00f3rmula E\/Divulga\u00e7\u00e3o)<\/figcaption><\/figure>\n\n\n\n<p class=\"wp-block-paragraph\">\u201cAcho que quando Susie [Wolff] ofereceu a ele a op\u00e7\u00e3o de pular do cockpit para uma fun\u00e7\u00e3o de gerenciamento, ele aceitou com as duas m\u00e3os e ent\u00e3o eles formaram uma boa dupla competitiva. J\u00e9r\u00f4me liderou outro ano e terminou em segundo na F\u00f3rmula E\u201d, disse Wolff.<\/p>\n\n\n\n<p class=\"wp-block-paragraph\">\u201cAcho que ele tem a experi\u00eancia de ter sido um piloto de corrida de alto n\u00edvel. Ele foi campe\u00e3o mundial de kart. Ele esteve na F1. E, por outro lado, tem as habilidades como gerente. Onde isso o levar\u00e1 \u00e9 uma quest\u00e3o \u2013 hoje est\u00e1 em um est\u00e1gio muito inicial. Ele est\u00e1 entrando apenas no cargo de desenvolvimento de pilotos e fun\u00e7\u00f5es administrativas. E veremos aonde isso vai dar\u201d, concluiu.<\/p>\n\n\n\n<p class=\"wp-block-paragraph\">O chefe da Mercedes ainda revelou que quase gerenciou a carreira de D\u2019Ambrosio na \u00e9poca em que era piloto da Academia da Renault. Isso, ali\u00e1s, faz com que Wolff conhe\u00e7a o belga \u201ccomo piloto de corrida, mas nunca do ponto de vista humano e nunca do lado gerencial\u201d.<\/p>\n\n\n\n<p class=\"wp-block-paragraph\">D\u2019Ambrosio foi piloto da Marussia Virgin em 2011 e ainda participou de uma corrida pela Lotus, em 2012, no GP da It\u00e1lia, realizado no circuito de Monza, onde conseguiu o seu melhor resultado na categoria: o 13\u00ba lugar. J\u00e1 na F\u00f3rmula E, correu de 2014 a 2020, pela Dragon e pela Mahindra, conquistando tr\u00eas vit\u00f3rias.<\/p>\n\n\n\n<p class=\"wp-block-paragraph\">Quando se aposentou, assumiu o gerenciamento da Venturi. Em novembro de 2021, foi promovido a chefe e conduziu a equipe ao segundo lugar na F\u00f3rmula E, antes de sair em setembro do ano passado por conta da transi\u00e7\u00e3o para a Maserati. Ser\u00e1 o primeiro cargo de D\u2019Ambrosio fora das pistas na F1.<\/p>\n","protected":false},"excerpt":{"rendered":"<p>Chefe da Mercedes, Toto Wolff, ressaltou o bom trabalho de D&#8217;Ambrosio na F\u00f3rmula E e n\u00e3o descartou que o belga possa assumir outras responsabilidades na escuderia no futuro<\/p>\n","protected":false},"author":0,"featured_media":1000662657,"comment_status":"closed","ping_status":"closed","sticky":false,"template":"","format":"standard","meta":{"42wp_featured_image_caption":"","42wp_featured_image_credits":"","42wp_featured_video":"","42wp_featured_image_hidden":false,"42wp_authors_list":[],"footnotes":""},"categories":[2],"tags":[147,6533,180,30722,1491,28285,1864,82],"42wp_author":[47153],"class_list":["post-104693","post","type-post","status-publish","format-standard","has-post-thumbnail","hentry","category-f1","tag-f1","tag-f1-2023","tag-formula-1","tag-formula-1-2023","tag-grande-premio","tag-grandepremio","tag-jerome-dambrosio","tag-mercedes","42wp_author-gabriel-pitor"],"_links":{"self":[{"href":"https:\/\/grandepremio.com\/br\/wp-json\/wp\/v2\/posts\/104693","targetHints":{"allow":["GET"]}}],"collection":[{"href":"https:\/\/grandepremio.com\/br\/wp-json\/wp\/v2\/posts"}],"about":[{"href":"https:\/\/grandepremio.com\/br\/wp-json\/wp\/v2\/types\/post"}],"replies":[{"embeddable":true,"href":"https:\/\/grandepremio.com\/br\/wp-json\/wp\/v2\/comments?post=104693"}],"version-history":[{"count":0,"href":"https:\/\/grandepremio.com\/br\/wp-json\/wp\/v2\/posts\/104693\/revisions"}],"wp:featuredmedia":[{"embeddable":true,"href":"https:\/\/grandepremio.com\/br\/wp-json\/wp\/v2\/media\/1000662657"}],"wp:attachment":[{"href":"https:\/\/grandepremio.com\/br\/wp-json\/wp\/v2\/media?parent=104693"}],"wp:term":[{"taxonomy":"category","embeddable":true,"href":"https:\/\/grandepremio.com\/br\/wp-json\/wp\/v2\/categories?post=104693"},{"taxonomy":"post_tag","embeddable":true,"href":"https:\/\/grandepremio.com\/br\/wp-json\/wp\/v2\/tags?post=104693"},{"taxonomy":"42wp_author","embeddable":true,"href":"https:\/\/grandepremio.com\/br\/wp-json\/wp\/v2\/42wp_author?post=104693"}],"curies":[{"name":"wp","href":"https:\/\/api.w.org\/{rel}","templated":true}]}}