{"id":104708,"date":"2023-03-19T17:24:59","date_gmt":"2023-03-19T20:24:59","guid":{"rendered":"https:\/\/grandepremio.com\/br\/noticias\/ferrari-lamenta-diz-precisa-ser-honesta-clara-admitir-ritmo-ruim-jeda\/"},"modified":"2023-03-19T18:02:46","modified_gmt":"2023-03-19T21:02:46","slug":"ferrari-lamenta-diz-precisa-ser-honesta-clara-admitir-ritmo-ruim-jeda","status":"publish","type":"post","link":"https:\/\/grandepremio.com\/br\/f1\/ferrari-lamenta-diz-precisa-ser-honesta-clara-admitir-ritmo-ruim-jeda\/","title":{"rendered":"Ferrari lamenta e diz que precisa ser &#8220;honesta e clara&#8221; para admitir ritmo ruim em Jed\u00e1"},"content":{"rendered":"\n<figure class=\"wp-block-embed is-type-video is-provider-youtube wp-block-embed-youtube wp-embed-aspect-16-9 wp-has-aspect-ratio\"><div class=\"wp-block-embed__wrapper\">\n<iframe loading=\"lazy\" title=\"BAGUN\u00c7A DA FIA COM ALONSO. P\u00c9REZ 1\u00ba, VERSTAPPEN 2\u00ba NO GP DA AR\u00c1BIA SAUDITA DE F1 2023 | Briefing\" width=\"500\" height=\"281\" src=\"https:\/\/www.youtube.com\/embed\/Esf-1hOmV5k?feature=oembed\" frameborder=\"0\" allow=\"accelerometer; autoplay; clipboard-write; encrypted-media; gyroscope; picture-in-picture; web-share\" referrerpolicy=\"strict-origin-when-cross-origin\" allowfullscreen><\/iframe>\n<\/div><figcaption>TUDO SOBRE O GP DA AR\u00c1BIA SAUDITA | Briefing<\/figcaption><\/figure>\n\n\n\n<p class=\"wp-block-paragraph\">O <strong><a href=\"https:\/\/www.grandepremio.com\/br\/f1\/noticias\/sergio-perez-cumpre-missao-evita-remontada-max-verstappen-vence-gp-da-arabia-saudita-formula-1\/\" class=\"ek-link\">GP da Ar\u00e1bia Saudita<\/a><\/strong> deste domingo (19) foi mais complicado do que se imaginava para a <strong>Ferrari<\/strong>. Se tinha o segundo melhor ritmo de classifica\u00e7\u00e3o com alguma vantagem, a situa\u00e7\u00e3o foi bem diferente na corrida. Tanto <strong>Carlos Sainz<\/strong> quanto <strong>Charles Leclerc<\/strong> terminaram atr\u00e1s de todos os rivais reais que chegaram ao fim da corrida, e, assim, o chefe <strong>Fr\u00e9d\u00e9ric Vasseur<\/strong> admitiu que o desempenho ruim foi surpreendente.<\/p>\n\n\n\n<p class=\"wp-block-paragraph\"><strong>\u25b6\ufe0f\u00a0Inscreva-se nos dois canais do GRANDE PR\u00caMIO no YouTube:\u00a0<a href=\"https:\/\/www.youtube.com\/channel\/UC9OlHEgxoaY6QY6nWPoiqQg?sub_confirmation=1\" target=\"_blank\" rel=\"noreferrer noopener\">GP<\/a>\u00a0|\u00a0<a href=\"https:\/\/www.youtube.com\/channel\/UC9csiS6q_C3C0FYhyr1rnFA?sub_confirmation=1\" target=\"_blank\" rel=\"noreferrer noopener\">GP2<\/a><\/strong><br><strong>\u25b6\ufe0f\u00a0<a href=\"https:\/\/www.twitch.tv\/grandepremio\" target=\"_blank\" rel=\"noreferrer noopener\">Conhe\u00e7a o canal do GRANDE PR\u00caMIO na Twitch clicando aqui!<\/a><\/strong><\/p>\n\n\n\n<p class=\"wp-block-paragraph\">De acordo com Vasseur, at\u00e9 a Ferrari esperava render bem melhor no domingo. Na realidade, o chefe de equipe diz que o rendimento com pneus macios e m\u00e9dios foi satisfat\u00f3rio na primeira parte da corrida, mas a segunda parte da prova, com os pneus duros, exp\u00f4s a dificuldade dos italianos. Sainz e Leclerc foram sexto e s\u00e9timo colocados, atr\u00e1s das duas <strong>Red Bull<\/strong>, as duas <strong>Mercedes<\/strong> e de <strong>Fernando Alonso<\/strong>. S\u00f3 <strong>Lance Stroll<\/strong> \u00e9 que n\u00e3o se aproveitou, porque <strong><a href=\"https:\/\/www.grandepremio.com\/br\/f1\/noticias\/lance-stroll-tem-problemas-e-abandona-gp-da-arabia-saudita-logo-apos-pit-stop\/\" class=\"ek-link\">abandonou a corrida com problemas<\/a><\/strong>.<\/p>\n\n\n\n<p class=\"wp-block-paragraph\">&#8220;N\u00e3o foi um grande resultado. Acho que o primeiro stint foi bom, usando pneus macios e m\u00e9dios. Est\u00e1vamos num bom ritmo, e a Charles come\u00e7ou bastante bem. Depois, com os duros, tivemos mais dificuldades. Falto ritmo&#8221;, avaliou.<\/p>\n\n\n\n<figure class=\"wp-block-image size-large\"><img decoding=\"async\" src=\"https:\/\/www.grandepremio.com\/br\/wp-content\/uploads\/2023\/03\/ferrari-charlesleclerc-afp-05-1024x683.jpg\" alt=\"\" class=\"wp-image-662833\"\/><figcaption>Charles Leclerc foi de 12\u00ba para 7\u00ba (Foto: AFP) <\/figcaption><\/figure>\n\n\n\n<p class=\"wp-block-paragraph\">&#8220;Quando as coisas n\u00e3o est\u00e3o indo bem, precisamos ser claros e honestos conosco para dizer que o ritmo n\u00e3o era o que a gente imaginava. A coisa mais dif\u00edcil no meu papel, depois de uma corrida como essa, \u00e9 entender o que est\u00e1 bom e o que n\u00e3o est\u00e1. Temos pontos positivos, mas precisamos melhorar no quesito confiabilidade. O ritmo de classifica\u00e7\u00e3o foi muito melhor que o da nossa competi\u00e7\u00e3o direta&#8221;, apontou.<\/p>\n\n\n\n<p class=\"wp-block-paragraph\">&#8220;Mesmo no primeiro stint da corrida, creio que podemos ficar felizes com nosso desempenho, mas a corrida foi voltada para o \u00faltimo stint e o ritmo que n\u00e3o t\u00ednhamos. No que diz respeito ao gerenciamento de pneus, fomos um pouco conservadores, mas s\u00f3 uma quest\u00e3o de 0s2. Nada a ver com a desvantagem que tivemos. Temos de entender a falta de desempenho: \u00e9 n\u00e3o \u00e9 por conta do gerenciamento de pneus&#8221;, finalizou o chefe da Ferrari.<\/p>\n\n\n\n<p class=\"wp-block-paragraph\">A F\u00f3rmula 1 continua a temporada com o GP da Austr\u00e1lia, no circuito de rua de Melbourne, entre os dias 31 de mar\u00e7o e 2 de abril.<\/p>\n\n\n\n<figure class=\"wp-block-video\"><video class=\"video-js vjs-big-play-centered\" data-gp-vjs=\"1\" controls src=\"https:\/\/www.grandepremio.com\/br\/wp-content\/uploads\/2023\/03\/2023_03_19_Stroll_Jeda.mp4\"><\/video><figcaption>Stroll sofreu problema e abandonou GP da Ar\u00e1bia Saudita (V\u00eddeo: Divulga\u00e7\u00e3o)<\/figcaption><\/figure>\n","protected":false},"excerpt":{"rendered":"<p>Fr\u00e9d\u00e9ric Vasseur, chefe da Ferrari, terminou o GP da Ar\u00e1bia Saudita falando em necessidade de honestidade para entender dificuldades e super\u00e1-las<\/p>\n","protected":false},"author":0,"featured_media":1000662828,"comment_status":"closed","ping_status":"closed","sticky":false,"template":"","format":"standard","meta":{"42wp_featured_image_caption":"","42wp_featured_image_credits":"","42wp_featured_video":"","42wp_featured_image_hidden":false,"42wp_authors_list":[],"footnotes":""},"categories":[2],"tags":[1242,546,209,1394,6533,34058,34057,207,30722,1322,26266,29669,1491,30103,28285,26627],"42wp_author":[47120],"class_list":["post-104708","post","type-post","status-publish","format-standard","has-post-thumbnail","hentry","category-f1","tag-arabia-saudita","tag-carlos-sainz","tag-charles-leclerc","tag-chefe-da-ferrari","tag-f1-2023","tag-f1-da-arabia-saudita","tag-f1-jeda","tag-ferrari","tag-formula-1-2023","tag-frederic-vasseur","tag-gp-da-arabia-saudita","tag-gp-de-jeda","tag-grande-premio","tag-grande-premio-f1","tag-grandepremio","tag-jeda","42wp_author-pedro-henrique-marum"],"_links":{"self":[{"href":"https:\/\/grandepremio.com\/br\/wp-json\/wp\/v2\/posts\/104708","targetHints":{"allow":["GET"]}}],"collection":[{"href":"https:\/\/grandepremio.com\/br\/wp-json\/wp\/v2\/posts"}],"about":[{"href":"https:\/\/grandepremio.com\/br\/wp-json\/wp\/v2\/types\/post"}],"replies":[{"embeddable":true,"href":"https:\/\/grandepremio.com\/br\/wp-json\/wp\/v2\/comments?post=104708"}],"version-history":[{"count":0,"href":"https:\/\/grandepremio.com\/br\/wp-json\/wp\/v2\/posts\/104708\/revisions"}],"wp:featuredmedia":[{"embeddable":true,"href":"https:\/\/grandepremio.com\/br\/wp-json\/wp\/v2\/media\/1000662828"}],"wp:attachment":[{"href":"https:\/\/grandepremio.com\/br\/wp-json\/wp\/v2\/media?parent=104708"}],"wp:term":[{"taxonomy":"category","embeddable":true,"href":"https:\/\/grandepremio.com\/br\/wp-json\/wp\/v2\/categories?post=104708"},{"taxonomy":"post_tag","embeddable":true,"href":"https:\/\/grandepremio.com\/br\/wp-json\/wp\/v2\/tags?post=104708"},{"taxonomy":"42wp_author","embeddable":true,"href":"https:\/\/grandepremio.com\/br\/wp-json\/wp\/v2\/42wp_author?post=104708"}],"curies":[{"name":"wp","href":"https:\/\/api.w.org\/{rel}","templated":true}]}}