{"id":104723,"date":"2023-03-19T11:54:30","date_gmt":"2023-03-19T14:54:30","guid":{"rendered":"https:\/\/grandepremio.com\/br\/noticias\/formula-1-realiza-gp-da-arabia-saudita-noite-fortes-ventos-jeda\/"},"modified":"2023-03-19T12:12:33","modified_gmt":"2023-03-19T15:12:33","slug":"formula-1-realiza-gp-da-arabia-saudita-noite-fortes-ventos-jeda","status":"publish","type":"post","link":"https:\/\/grandepremio.com\/br\/f1\/formula-1-realiza-gp-da-arabia-saudita-noite-fortes-ventos-jeda\/","title":{"rendered":"F\u00f3rmula 1 realiza GP da Ar\u00e1bia Saudita em noite de fortes ventos em Jed\u00e1"},"content":{"rendered":"\n<figure class=\"wp-block-embed is-type-video is-provider-youtube wp-block-embed-youtube wp-embed-aspect-16-9 wp-has-aspect-ratio\"><div class=\"wp-block-embed__wrapper\">\n<iframe loading=\"lazy\" title=\"F1 2023 AO VIVO: PR\u00c9-CORRIDA GP DA AR\u00c1BIA SAUDITA | Briefing\" width=\"500\" height=\"281\" src=\"https:\/\/www.youtube.com\/embed\/ORTg-AkPhyU?feature=oembed\" frameborder=\"0\" allow=\"accelerometer; autoplay; clipboard-write; encrypted-media; gyroscope; picture-in-picture; web-share\" referrerpolicy=\"strict-origin-when-cross-origin\" allowfullscreen><\/iframe>\n<\/div><figcaption>ESQUENTA E \u00daLTIMAS INFORMA\u00c7\u00d5ES ANTES DO GP DA AR\u00c1BIA SAUDITA<\/figcaption><\/figure>\n\n\n\n<p class=\"wp-block-paragraph\">\u00c9 dia de <strong>GP da Ar\u00e1bia Saudita<\/strong>! A segunda corrida da <strong>temporada 2023<\/strong> do Mundial de <strong>F\u00f3rmula 1<\/strong> larga logo mais, neste domingo (19), sob a luz da lua e de car\u00edssimas instala\u00e7\u00f5es de ilumina\u00e7\u00e3o artificial estabelecidas no circuito de rua montado \u00e0s margens do Mar Vermelho, em Jed\u00e1. O clima ser\u00e1 exatamente o que se espera de um local t\u00e3o praiano.<\/p>\n\n\n\n<p class=\"wp-block-paragraph\">A corrida tem largada marcada para as 20h locais [14h no Hor\u00e1rio de Bras\u00edlia, GMT-3]. A expectativa para o hor\u00e1rio, j\u00e1 sem qualquer resqu\u00edcio da luz solar, \u00e9 de 28\u00b0C ainda assim. A sensa\u00e7\u00e3o t\u00e9rmica fica um pouco abaixo, em 26\u00b0C.<\/p>\n\n\n\n<figure class=\"wp-block-image size-large\"><img decoding=\"async\" src=\"https:\/\/www.grandepremio.com\/br\/wp-content\/uploads\/2023\/03\/redbull-sergioperez-05-4-scaled-e1679195052323-1024x684.jpg\" alt=\"\" class=\"wp-image-662441\"\/><figcaption>Charles Leclerc, Sergio P\u00e9rez e Fernando Alonso: os tr\u00eas primeiros na classifica\u00e7\u00e3o (Foto: Red Bull Content Pool)<\/figcaption><\/figure>\n\n\n\n<p class=\"wp-block-paragraph\"><strong>\u25b6\ufe0f\u00a0Inscreva-se nos dois canais do GRANDE PR\u00caMIO no YouTube:\u00a0<a href=\"https:\/\/www.youtube.com\/channel\/UC9OlHEgxoaY6QY6nWPoiqQg?sub_confirmation=1\" target=\"_blank\" rel=\"noreferrer noopener\">GP<\/a>\u00a0|\u00a0<a href=\"https:\/\/www.youtube.com\/channel\/UC9csiS6q_C3C0FYhyr1rnFA?sub_confirmation=1\" target=\"_blank\" rel=\"noreferrer noopener\">GP2<\/a><\/strong><br><strong>\u25b6\ufe0f\u00a0<a href=\"https:\/\/www.twitch.tv\/grandepremio\" target=\"_blank\" rel=\"noreferrer noopener\">Conhe\u00e7a o canal do GRANDE PR\u00caMIO na Twitch clicando aqui!<\/a><\/strong><\/p>\n\n\n\n<p class=\"wp-block-paragraph\">O destaque vai tamb\u00e9m para a for\u00e7a dos ventos: 19 km\/h por m\u00e9dia, mas rajadas de at\u00e9 32 km\/h na cidade. Como \u00e9 beira de mar, possibilidade \u00e9 que os n\u00fameros at\u00e9 se encontrem um pouco acima disso. A umidade relativa do ar esperada \u00e9 de 42%. Todas as informa\u00e7\u00f5es s\u00e3o do servi\u00e7o de meteorologia Accuweather.<\/p>\n\n\n\n<p class=\"wp-block-paragraph\">Ao longo da segunda hora, na qual a corrida precisa obrigatoriamente terminar, a for\u00e7a dos ventos se mant\u00e9m, enquanto a umidade sobe ligeiramente, para 44%. A temperatura cai bem pouco, para 27\u00b0C e com sensa\u00e7\u00e3o de 25\u00b0C. N\u00e3o h\u00e1 qualquer possibilidade de chuva.<\/p>\n\n\n\n<p class=\"wp-block-paragraph\">O\u00a0<strong>GRANDE PR\u00caMIO<\/strong>\u00a0acompanha\u00a0<strong><a href=\"https:\/\/www.grandepremio.com\/br\/ao-vivo\/\" target=\"_blank\" rel=\"noreferrer noopener\">AO VIVO e EM TEMPO REAL<\/a><\/strong>\u00a0todas as atividades do GP da Ar\u00e1bia Saudita de\u00a0<strong><a href=\"https:\/\/www.grandepremio.com\/formula-1\/\" target=\"_blank\" rel=\"noreferrer noopener\">F\u00f3rmula 1<\/a><\/strong>\u00a0e traz a\u00a0<strong><a href=\"https:\/\/youtube.com\/@GrandePremio1\" target=\"_blank\" rel=\"noreferrer noopener\">NARRA\u00c7\u00c3O da CLASSIFICA\u00c7\u00c3O e da CORRIDA<\/a><\/strong>\u00a0em parceria com a Voz do Esporte.<\/p>\n\n\n\n<figure class=\"wp-block-video\"><video class=\"video-js vjs-big-play-centered\" data-gp-vjs=\"1\" controls poster=\"https:\/\/www.grandepremio.com\/br\/wp-content\/uploads\/2023\/03\/vkFxNPYMTXgbtHjk-poster.jpeg\" src=\"https:\/\/www.grandepremio.com\/br\/wp-content\/uploads\/2023\/03\/vkFxNPYMTXgbtHjk.mp4\"><\/video><figcaption>Verstappen sofre problema durante Q2 e deixa classifica\u00e7\u00e3o mais cedo em Jed\u00e1 (V\u00eddeo: Reprodu\u00e7\u00e3o\/F1 TV)<\/figcaption><\/figure>\n","protected":false},"excerpt":{"rendered":"<p>A segunda etapa da temporada 2023 do Mundial de F\u00f3rmula 1 vai largar em noite de calor e bastante ventania \u00e0 beira do Mar Vermelho<\/p>\n","protected":false},"author":0,"featured_media":1000662422,"comment_status":"closed","ping_status":"closed","sticky":false,"template":"","format":"standard","meta":{"42wp_featured_image_caption":"","42wp_featured_image_credits":"","42wp_featured_video":"","42wp_featured_image_hidden":false,"42wp_authors_list":[],"footnotes":""},"categories":[2],"tags":[6533,30722,26266,29669,1491,30103,28285,26627,2033],"42wp_author":[47120],"class_list":["post-104723","post","type-post","status-publish","format-standard","has-post-thumbnail","hentry","category-f1","tag-f1-2023","tag-formula-1-2023","tag-gp-da-arabia-saudita","tag-gp-de-jeda","tag-grande-premio","tag-grande-premio-f1","tag-grandepremio","tag-jeda","tag-temperatura","42wp_author-pedro-henrique-marum"],"_links":{"self":[{"href":"https:\/\/grandepremio.com\/br\/wp-json\/wp\/v2\/posts\/104723","targetHints":{"allow":["GET"]}}],"collection":[{"href":"https:\/\/grandepremio.com\/br\/wp-json\/wp\/v2\/posts"}],"about":[{"href":"https:\/\/grandepremio.com\/br\/wp-json\/wp\/v2\/types\/post"}],"replies":[{"embeddable":true,"href":"https:\/\/grandepremio.com\/br\/wp-json\/wp\/v2\/comments?post=104723"}],"version-history":[{"count":0,"href":"https:\/\/grandepremio.com\/br\/wp-json\/wp\/v2\/posts\/104723\/revisions"}],"wp:featuredmedia":[{"embeddable":true,"href":"https:\/\/grandepremio.com\/br\/wp-json\/wp\/v2\/media\/1000662422"}],"wp:attachment":[{"href":"https:\/\/grandepremio.com\/br\/wp-json\/wp\/v2\/media?parent=104723"}],"wp:term":[{"taxonomy":"category","embeddable":true,"href":"https:\/\/grandepremio.com\/br\/wp-json\/wp\/v2\/categories?post=104723"},{"taxonomy":"post_tag","embeddable":true,"href":"https:\/\/grandepremio.com\/br\/wp-json\/wp\/v2\/tags?post=104723"},{"taxonomy":"42wp_author","embeddable":true,"href":"https:\/\/grandepremio.com\/br\/wp-json\/wp\/v2\/42wp_author?post=104723"}],"curies":[{"name":"wp","href":"https:\/\/api.w.org\/{rel}","templated":true}]}}