{"id":104745,"date":"2023-03-18T16:29:28","date_gmt":"2023-03-18T19:29:28","guid":{"rendered":"https:\/\/grandepremio.com\/br\/noticias\/charles-leclerc-fala-sentimento-agridoce-punicao-red-bull-outro-planeta\/"},"modified":"2023-03-18T16:31:30","modified_gmt":"2023-03-18T19:31:30","slug":"charles-leclerc-fala-sentimento-agridoce-punicao-red-bull-outro-planeta","status":"publish","type":"post","link":"https:\/\/grandepremio.com\/br\/f1\/charles-leclerc-fala-sentimento-agridoce-punicao-red-bull-outro-planeta\/","title":{"rendered":"Leclerc fala em sentimento agridoce por puni\u00e7\u00e3o e v\u00ea Red Bull &#8220;em outro planeta&#8221;"},"content":{"rendered":"\n<p class=\"wp-block-paragraph\"><strong>Charles Leclerc <\/strong>mostrou que a Ferrari tinha ritmo<a href=\"https:\/\/www.grandepremio.com\/br\/f1\/noticias\/ferrari-garante-leclerc-motivado-em-jeda-mesmo-com-punicao-nao-e-o-fim-da-temporada\/\" class=\"ek-link\"> para a classifica\u00e7\u00e3o do GP da Ar\u00e1bia Saudita<\/a>, realizado neste s\u00e1bado (18), no circuito de Jed\u00e1. <a href=\"https:\/\/www.grandepremio.com\/br\/f1\/noticias\/sergio-perez-aproveita-drama-max-verstappen-mantem-pole-gp-da-arabia-saudita-red-bull\/\" class=\"ek-link\">O monegasco foi consistente durante toda a sess\u00e3o e terminou na segunda coloca\u00e7\u00e3o, com o tempo de 1m28s420<\/a>, atr\u00e1s apenas da <strong>Sergio P\u00e9rez<\/strong>, da <strong>Red Bull<\/strong>.<\/p>\n\n\n\n<p class=\"wp-block-paragraph\">Mas o sentimento para o ferrarista \u00e9 agridoce, uma vez que vai perder dez coloca\u00e7\u00f5es no grid. Apesar do bom resultado conquistado na pista, Leclerc ter\u00e1 de cumprir puni\u00e7\u00e3o por conta da terceira troca de controle eletr\u00f4nico \u2013 sendo que apenas duas s\u00e3o permitidas \u2013 e com isso larga do 12\u00ba posto neste domingo.<\/p>\n\n\n\n<p class=\"wp-block-paragraph\">\u201cFeliz\u2026 sim e n\u00e3o! Por um lado, acho que foi um fim de semana muito dif\u00edcil em termos de ritmo para n\u00f3s. Estou muito feliz com a minha volta. Acho que coloquei tudo que podia [na pista] e foi mesmo no limite\u201d, pontuou o dono da Ferrari #16.<\/p>\n\n\n\n<p class=\"wp-block-paragraph\">\u201cMas por outro lado, a Red Bull est\u00e1 em outro planeta. N\u00f3s estamos sofrendo, mas temos que continuar tentando. Come\u00e7ar com uma penaliza\u00e7\u00e3o de dez posi\u00e7\u00f5es n\u00e3o ser\u00e1 f\u00e1cil, vou largar um pouco mais para tr\u00e1s, mas vou me concentrar na corrida e tentar fazer o nosso melhor para subir no pelot\u00e3o\u201d, concluiu.<\/p>\n\n\n\n<p class=\"wp-block-paragraph\"><strong>\u25b6\ufe0f&nbsp;Inscreva-se nos dois canais do GRANDE PR\u00caMIO no YouTube:&nbsp;<a href=\"https:\/\/www.youtube.com\/channel\/UC9OlHEgxoaY6QY6nWPoiqQg?sub_confirmation=1\" target=\"_blank\" rel=\"noreferrer noopener\">GP<\/a>&nbsp;|&nbsp;<a href=\"https:\/\/www.youtube.com\/channel\/UC9csiS6q_C3C0FYhyr1rnFA?sub_confirmation=1\" target=\"_blank\" rel=\"noreferrer noopener\">GP2<\/a><\/strong><br><strong>\u25b6\ufe0f&nbsp;<a href=\"https:\/\/www.twitch.tv\/grandepremio\" target=\"_blank\" rel=\"noreferrer noopener\">Conhe\u00e7a o canal do GRANDE PR\u00caMIO na Twitch clicando aqui!<\/a><\/strong><\/p>\n\n\n\n<figure class=\"wp-block-image size-large\"><img decoding=\"async\" src=\"https:\/\/www.grandepremio.com\/br\/wp-content\/uploads\/2023\/03\/ferrari-charlesleclerc-afp-01-12-1024x683.jpg\" alt=\"\" class=\"wp-image-662398\"\/><figcaption>Charles Leclerc mostrou boa performance e terminou em segundo na classifica\u00e7\u00e3o (Foto: AFP) <\/figcaption><\/figure>\n\n\n\n<p class=\"wp-block-paragraph\">O monegasco ainda se mostrou satisfeito com o desempenho de corrida, mas afirmou que ser\u00e1 dif\u00edcil superar a Red Bull, <a href=\"https:\/\/www.grandepremio.com\/br\/f1\/noticias\/max-verstappen-sofre-problema-transmissao-abandona-classificacao-jeda\/\" class=\"ek-link\">mesmo com <strong>Max Verstappen<\/strong>, que tem dominado o in\u00edcio de temporada, largando na 15\u00aa coloca\u00e7\u00e3o por problemas de transmiss\u00e3o<\/a>.<\/p>\n\n\n\n<p class=\"wp-block-paragraph\">\u201cO ritmo de corrida parecia muito bom [nos treinos], mas \u00e9 dif\u00edcil de comparar. \u00c0s vezes, as equipes configuram o carro de forma diferente no TL2. Parece que o nosso ritmo de corrida \u00e9 melhor em rela\u00e7\u00e3o \u00e0 classifica\u00e7\u00e3o. Sinto que todos est\u00e3o pr\u00f3ximos [no grid] em termos de ritmo de corrida, mas vai ser dif\u00edcil igualar a Red Bull\u201d, completou.<\/p>\n\n\n\n<p class=\"wp-block-paragraph\">O&nbsp;<strong>GRANDE PR\u00caMIO<\/strong>&nbsp;acompanha&nbsp;<strong><a target=\"_blank\" href=\"https:\/\/www.grandepremio.com\/br\/ao-vivo\/\" rel=\"noreferrer noopener\">AO VIVO e EM TEMPO REAL<\/a><\/strong>&nbsp;todas as atividades do GP da Ar\u00e1bia Saudita de&nbsp;<strong><a target=\"_blank\" href=\"https:\/\/www.grandepremio.com\/formula-1\/\" rel=\"noreferrer noopener\">F\u00f3rmula 1<\/a><\/strong>&nbsp;e traz a&nbsp;<strong><a target=\"_blank\" href=\"https:\/\/youtube.com\/@GrandePremio1\" rel=\"noreferrer noopener\">NARRA\u00c7\u00c3O da CLASSIFICA\u00c7\u00c3O e da CORRIDA<\/a><\/strong>&nbsp;em parceria com a Voz do Esporte. No domingo, a largada est\u00e1 marcada para 14h [Hor\u00e1rio de Bras\u00edlia, GMT-3].<\/p>\n","protected":false},"excerpt":{"rendered":"<p>Apesar de ter conquistado a segunda coloca\u00e7\u00e3o na classifica\u00e7\u00e3o do GP da Ar\u00e1bia Saudita, Charles Leclerc vai largar em 12\u00ba por conta da puni\u00e7\u00e3o pela troca do controle eletr\u00f4nico da unidade de pot\u00eancia da Ferrari<\/p>\n","protected":false},"author":0,"featured_media":1000662270,"comment_status":"closed","ping_status":"closed","sticky":false,"template":"","format":"standard","meta":{"42wp_featured_image_caption":"","42wp_featured_image_credits":"","42wp_featured_video":"","42wp_featured_image_hidden":false,"42wp_authors_list":[],"footnotes":""},"categories":[2],"tags":[1566,1280,546,209,147,6533,642,160,207,180,30722,26266,1491,30103,28285,915,2306,159,26627,26267,3724,28415,32087,33467,25771,26036,2477,34066,675,17143,25978,2036],"42wp_author":[47153],"class_list":["post-104745","post","type-post","status-publish","format-standard","has-post-thumbnail","hentry","category-f1","tag-ao-vivo","tag-band","tag-carlos-sainz","tag-charles-leclerc","tag-f1","tag-f1-2023","tag-f1-ao-vivo","tag-f1-tv","tag-ferrari","tag-formula-1","tag-formula-1-2023","tag-gp-da-arabia-saudita","tag-grande-premio","tag-grande-premio-f1","tag-grandepremio","tag-grid","tag-grid-de-largada","tag-horarios-da-f1","tag-jeda","tag-jeddah","tag-mundial-de-f1","tag-novos-carros-da-f1","tag-onde-assistir","tag-onde-assistir-f1-2023","tag-programacao","tag-programacao-de-tv","tag-punicao","tag-segunda-tela","tag-streaming","tag-tempo-real","tag-temporada-2023","tag-treinos-livres","42wp_author-gabriel-pitor"],"_links":{"self":[{"href":"https:\/\/grandepremio.com\/br\/wp-json\/wp\/v2\/posts\/104745","targetHints":{"allow":["GET"]}}],"collection":[{"href":"https:\/\/grandepremio.com\/br\/wp-json\/wp\/v2\/posts"}],"about":[{"href":"https:\/\/grandepremio.com\/br\/wp-json\/wp\/v2\/types\/post"}],"replies":[{"embeddable":true,"href":"https:\/\/grandepremio.com\/br\/wp-json\/wp\/v2\/comments?post=104745"}],"version-history":[{"count":0,"href":"https:\/\/grandepremio.com\/br\/wp-json\/wp\/v2\/posts\/104745\/revisions"}],"wp:featuredmedia":[{"embeddable":true,"href":"https:\/\/grandepremio.com\/br\/wp-json\/wp\/v2\/media\/1000662270"}],"wp:attachment":[{"href":"https:\/\/grandepremio.com\/br\/wp-json\/wp\/v2\/media?parent=104745"}],"wp:term":[{"taxonomy":"category","embeddable":true,"href":"https:\/\/grandepremio.com\/br\/wp-json\/wp\/v2\/categories?post=104745"},{"taxonomy":"post_tag","embeddable":true,"href":"https:\/\/grandepremio.com\/br\/wp-json\/wp\/v2\/tags?post=104745"},{"taxonomy":"42wp_author","embeddable":true,"href":"https:\/\/grandepremio.com\/br\/wp-json\/wp\/v2\/42wp_author?post=104745"}],"curies":[{"name":"wp","href":"https:\/\/api.w.org\/{rel}","templated":true}]}}