{"id":104758,"date":"2023-03-18T05:00:00","date_gmt":"2023-03-18T08:00:00","guid":{"rendered":"https:\/\/grandepremio.com\/br\/noticias\/grande-premio-acompanha-classificacao-do-gp-da-arabia-saudita-com-voz-do-esporte\/"},"modified":"2023-03-18T13:37:33","modified_gmt":"2023-03-18T16:37:33","slug":"grande-premio-acompanha-classificacao-do-gp-da-arabia-saudita-com-voz-do-esporte","status":"publish","type":"post","link":"https:\/\/grandepremio.com\/br\/f1\/grande-premio-acompanha-classificacao-do-gp-da-arabia-saudita-com-voz-do-esporte\/","title":{"rendered":"GRANDE PR\u00caMIO acompanha classifica\u00e7\u00e3o do GP da Ar\u00e1bia Saudita com Voz do Esporte"},"content":{"rendered":"\n<figure class=\"wp-block-embed is-type-video is-provider-youtube wp-block-embed-youtube wp-embed-aspect-16-9 wp-has-aspect-ratio\"><div class=\"wp-block-embed__wrapper\">\n<iframe loading=\"lazy\" title=\"F1 2023: VERSTAPPEN FORA! CLASSIFICA\u00c7\u00c3O DO GP DA AR\u00c1BIA SAUDITA\" width=\"500\" height=\"281\" src=\"https:\/\/www.youtube.com\/embed\/biSTDtacQpQ?feature=oembed\" frameborder=\"0\" allow=\"accelerometer; autoplay; clipboard-write; encrypted-media; gyroscope; picture-in-picture; web-share\" referrerpolicy=\"strict-origin-when-cross-origin\" allowfullscreen><\/iframe>\n<\/div><\/figure>\n\n\n\n<p class=\"wp-block-paragraph\">Neste s\u00e1bado (18), acontece a classifica\u00e7\u00e3o para o <strong>GP da Ar\u00e1bia Saudita<\/strong>, segunda etapa da temporada da<strong> F1 2023<\/strong>.&nbsp;E, em parceria com a <strong>Voz do Esporte<\/strong>, o <strong>GRANDE PR\u00caMIO<\/strong> acompanha a sess\u00e3o em segunda tela no<strong> <\/strong>circuito de rua de<strong> Jed\u00e1.<\/strong><\/p>\n\n\n\n<p class=\"wp-block-paragraph\">Na atra\u00e7\u00e3o,<strong> Cesar Tavares<\/strong> narra, enquanto<strong> Evelyn Guimar\u00e3es e Gabriel Curty<\/strong> comentam. A transmiss\u00e3o come\u00e7a \u00e0s 13h45 (de Bras\u00edlia) <strong>no YouTube do GRANDE PR\u00caMIO e no Facebook da Voz do Esporte<\/strong>.<\/p>\n\n\n\n<figure class=\"wp-block-image size-large\"><img decoding=\"async\" src=\"https:\/\/www.grandepremio.com\/br\/wp-content\/uploads\/2023\/03\/ferrari-charlesleclerc-afp-02-8-1024x683.jpg\" alt=\"\" class=\"wp-image-661813\"\/><figcaption>Charles Leclerc protagonizou grande briga com Max Verstappen na Ar\u00e1bia Saudita em 2022 (Foto: AFP) <\/figcaption><\/figure>\n\n\n\n<p class=\"wp-block-paragraph\"><strong>\u25b6\ufe0f&nbsp;Inscreva-se nos dois canais do GRANDE PR\u00caMIO no YouTube:&nbsp;<a href=\"https:\/\/www.youtube.com\/channel\/UC9OlHEgxoaY6QY6nWPoiqQg?sub_confirmation=1\" target=\"_blank\" rel=\"noreferrer noopener\">GP<\/a>&nbsp;|&nbsp;<a href=\"https:\/\/www.youtube.com\/channel\/UC9csiS6q_C3C0FYhyr1rnFA?sub_confirmation=1\" target=\"_blank\" rel=\"noreferrer noopener\">GP2<\/a><\/strong><br><strong>\u25b6\ufe0f&nbsp;<a href=\"https:\/\/www.twitch.tv\/grandepremio\" target=\"_blank\" rel=\"noreferrer noopener\">Conhe\u00e7a o canal do GRANDE PR\u00caMIO na Twitch clicando aqui!<\/a><\/strong><\/p>\n\n\n\n<p class=\"wp-block-paragraph\"><strong>Max Verstappen<\/strong> continua <a href=\"https:\/\/www.grandepremio.com\/br\/f1\/noticias\/max-verstappen-sobra-lidera-facilidade-tl1-gp-da-arabia-saudita-formula-1-lando-norris-ultimo\/\" class=\"ek-link\">mantendo o favoritismo<\/a> ap\u00f3s a vit\u00f3ria na estreia, no Bahrein. No entanto, a <strong>Aston Martin <\/strong>vem forte ap\u00f3s o p\u00f3dio de <strong>Fernando Alonso<\/strong> em sua estreia na equipe. E ainda h\u00e1 a expectativa de como ser\u00e1 a corrida de<strong> Charles Leclerc<\/strong> com sua <strong>Ferrari <\/strong>sendo punida em dez posi\u00e7\u00f5es por conta da terceira troca da unidade de controle eletr\u00f4nico do motor (ECU).&nbsp;<\/p>\n\n\n\n<p class=\"wp-block-paragraph\"><strong>Na temporada 2023, treinos classificat\u00f3rios, corridas sprint e corridas ter\u00e3o narra\u00e7\u00e3o e coment\u00e1rios em segunda tela no YouTube do GRANDE PR\u00caMIO e no Facebook da Voz do Esporte.<\/strong><\/p>\n\n\n\n<p class=\"wp-block-paragraph\"><strong>ASSISTA!<\/strong><\/p>\n\n\n\n<figure class=\"wp-block-embed is-type-video is-provider-youtube wp-block-embed-youtube wp-embed-aspect-16-9 wp-has-aspect-ratio\"><div class=\"wp-block-embed__wrapper\">\n<iframe loading=\"lazy\" title=\"F1 2023 AO VIVO: ACOMPANHE O GP DO BAHREIN\" width=\"500\" height=\"281\" src=\"https:\/\/www.youtube.com\/embed\/KlA8tsKyP68?feature=oembed\" frameborder=\"0\" allow=\"accelerometer; autoplay; clipboard-write; encrypted-media; gyroscope; picture-in-picture; web-share\" referrerpolicy=\"strict-origin-when-cross-origin\" allowfullscreen><\/iframe>\n<\/div><\/figure>\n","protected":false},"excerpt":{"rendered":"<p>Em parceria com a Voz do Esporte, o GRANDE PR\u00caMIO acompanha a sess\u00e3o de classifica\u00e7\u00e3o em segunda tela no circuito de rua de Jed\u00e1, na Ar\u00e1bia Saudita<\/p>\n","protected":false},"author":0,"featured_media":1000661832,"comment_status":"closed","ping_status":"closed","sticky":false,"template":"","format":"standard","meta":{"42wp_featured_image_caption":"","42wp_featured_image_credits":"","42wp_featured_video":"","42wp_featured_image_hidden":false,"42wp_authors_list":[],"footnotes":""},"categories":[2],"tags":[147,6533,33465,1491,33467],"42wp_author":[47150],"class_list":["post-104758","post","type-post","status-publish","format-standard","has-post-thumbnail","hentry","category-f1","tag-f1","tag-f1-2023","tag-formula-1-classificacao-2023","tag-grande-premio","tag-onde-assistir-f1-2023","42wp_author-carol-sales"],"_links":{"self":[{"href":"https:\/\/grandepremio.com\/br\/wp-json\/wp\/v2\/posts\/104758","targetHints":{"allow":["GET"]}}],"collection":[{"href":"https:\/\/grandepremio.com\/br\/wp-json\/wp\/v2\/posts"}],"about":[{"href":"https:\/\/grandepremio.com\/br\/wp-json\/wp\/v2\/types\/post"}],"replies":[{"embeddable":true,"href":"https:\/\/grandepremio.com\/br\/wp-json\/wp\/v2\/comments?post=104758"}],"version-history":[{"count":0,"href":"https:\/\/grandepremio.com\/br\/wp-json\/wp\/v2\/posts\/104758\/revisions"}],"wp:featuredmedia":[{"embeddable":true,"href":"https:\/\/grandepremio.com\/br\/wp-json\/wp\/v2\/media\/1000661832"}],"wp:attachment":[{"href":"https:\/\/grandepremio.com\/br\/wp-json\/wp\/v2\/media?parent=104758"}],"wp:term":[{"taxonomy":"category","embeddable":true,"href":"https:\/\/grandepremio.com\/br\/wp-json\/wp\/v2\/categories?post=104758"},{"taxonomy":"post_tag","embeddable":true,"href":"https:\/\/grandepremio.com\/br\/wp-json\/wp\/v2\/tags?post=104758"},{"taxonomy":"42wp_author","embeddable":true,"href":"https:\/\/grandepremio.com\/br\/wp-json\/wp\/v2\/42wp_author?post=104758"}],"curies":[{"name":"wp","href":"https:\/\/api.w.org\/{rel}","templated":true}]}}