{"id":104779,"date":"2023-03-17T15:01:00","date_gmt":"2023-03-17T18:01:00","guid":{"rendered":"https:\/\/grandepremio.com\/br\/noticias\/max-verstappen-volta-sobrar-lidera-tl2-gp-da-arabia-saudita-formula-1-fernando-alonso-2\/"},"modified":"2023-03-17T17:36:33","modified_gmt":"2023-03-17T20:36:33","slug":"max-verstappen-volta-sobrar-lidera-tl2-gp-da-arabia-saudita-formula-1-fernando-alonso-2","status":"publish","type":"post","link":"https:\/\/grandepremio.com\/br\/f1\/max-verstappen-volta-sobrar-lidera-tl2-gp-da-arabia-saudita-formula-1-fernando-alonso-2\/","title":{"rendered":"Verstappen volta a sobrar e lidera TL2 do GP da Ar\u00e1bia Saudita. Alonso \u00e9 2\u00ba"},"content":{"rendered":"\n<figure class=\"wp-block-embed is-type-video is-provider-youtube wp-block-embed-youtube wp-embed-aspect-16-9 wp-has-aspect-ratio\"><div class=\"wp-block-embed__wrapper\">\n<iframe loading=\"lazy\" title=\"VERSTAPPEN SOBRA. ALONSO 2\u00ba. E A MERCEDES? TREINOS LIVRES DA F1 NA AR\u00c1BIA SAUDITA | Briefing\" width=\"500\" height=\"281\" src=\"https:\/\/www.youtube.com\/embed\/11NxFAEFWNg?feature=oembed\" frameborder=\"0\" allow=\"accelerometer; autoplay; clipboard-write; encrypted-media; gyroscope; picture-in-picture; web-share\" referrerpolicy=\"strict-origin-when-cross-origin\" allowfullscreen><\/iframe>\n<\/div><figcaption>TUDO SOBRE A SEXTA-FEIRA DE TREINOS LIVRES DO GP DA AR\u00c1BIA SAUDITA | Briefing<\/figcaption><\/figure>\n\n\n\n<p class=\"wp-block-paragraph\">O sol foi embora, a noite caiu e o cen\u00e1rio mudou bastante nas duas horas e meia entre o fim do primeiro treino livre e o come\u00e7o do segundo, mas o resultado na pista continuou o mesmo. <strong>Max Verstappen<\/strong> nem precisou usar de muito esfor\u00e7o para liderar o TL2 do <strong>GP da Ar\u00e1bia Saudita<\/strong>, no circuito de rua de <strong>Jed\u00e1<\/strong>, \u00e0s margens do <strong>Mar Vermelho<\/strong>.<\/p>\n\n\n\n<p class=\"wp-block-paragraph\"><strong>\u25b6\ufe0f&nbsp;Inscreva-se nos dois canais do GRANDE PR\u00caMIO no YouTube:&nbsp;<a href=\"https:\/\/www.youtube.com\/channel\/UC9OlHEgxoaY6QY6nWPoiqQg?sub_confirmation=1\" target=\"_blank\" rel=\"noreferrer noopener\">GP<\/a>&nbsp;|&nbsp;<a href=\"https:\/\/www.youtube.com\/channel\/UC9csiS6q_C3C0FYhyr1rnFA?sub_confirmation=1\" target=\"_blank\" rel=\"noreferrer noopener\">GP2<\/a><\/strong><br><strong>\u25b6\ufe0f&nbsp;<a href=\"https:\/\/www.twitch.tv\/grandepremio\" target=\"_blank\" rel=\"noreferrer noopener\" class=\"ek-link\">Conhe\u00e7a o canal do GRANDE PR\u00caMIO na Twitch clicando aqui!<\/a><\/strong><\/p>\n\n\n\n<p class=\"wp-block-paragraph\">O atual bicampe\u00e3o mundial tomou controle da tabela de tempos assim que entrou na pista, como foi no TL1, no pouco tempo que passou de pneus macios antes de investir em simula\u00e7\u00e3o de corrida. No fim das contas, ficou com 1min29s603 e colocou 0s2 de vantagem para quem veio atr\u00e1s.<\/p>\n\n\n\n<p class=\"wp-block-paragraph\">Ao menos desta feita foi <strong>Fernando Alonso<\/strong> quem terminou em segundo, muito mais pr\u00f3ximo que os 0s6 do TL1. <strong>Sergio P\u00e9rez<\/strong> foi o terceiro, 0s3 atr\u00e1s. Os tr\u00eas voltam a aparecer como favoritos aos tr\u00eas primeiros lugares.<\/p>\n\n\n\n<p class=\"wp-block-paragraph\"><strong>Esteban Ocon<\/strong> conseguiu tirar bastante da <strong>Alpine<\/strong> e foi ao quarto lugar, seguido por <strong>George Russell<\/strong>, <strong>Pierre Gasly<\/strong>, <strong>Lance Stroll<\/strong>, <strong>Nico H\u00fclkenberg<\/strong>, <strong>Charles Leclerc<\/strong> e <strong>Carlos Sainz<\/strong>. <strong>Lewis Hamilton<\/strong> foi o 11\u00ba.<\/p>\n\n\n\n<p class=\"wp-block-paragraph\">O\u00a0<strong>GRANDE PR\u00caMIO<\/strong>\u00a0acompanha\u00a0<strong><a href=\"https:\/\/www.grandepremio.com\/br\/ao-vivo\/\" target=\"_blank\" rel=\"noreferrer noopener\">AO VIVO e EM TEMPO REAL<\/a><\/strong>\u00a0todas as atividades do GP da Ar\u00e1bia Saudita de\u00a0<a href=\"https:\/\/www.grandepremio.com\/formula-1\/\" target=\"_blank\" rel=\"noreferrer noopener\" class=\"ek-link\"><strong>F\u00f3rmula 1<\/strong><\/a>\u00a0e traz a\u00a0<strong><a href=\"https:\/\/youtube.com\/@GrandePremio1\" target=\"_blank\" rel=\"noreferrer noopener\">NARRA\u00c7\u00c3O da CLASSIFICA\u00c7\u00c3O e da CORRIDA<\/a><\/strong>\u00a0em parceria com a Voz do Esporte. No s\u00e1bado, os hor\u00e1rios s\u00e3o os mesmos: 10h30 [Hor\u00e1rio de Bras\u00edlia, GMT-3] para o TL3 e 14h para a classifica\u00e7\u00e3o. A corrida, no domingo, tamb\u00e9m larga 14h.<\/p>\n\n\n\n<figure class=\"wp-block-image size-large\"><img decoding=\"async\" src=\"https:\/\/www.grandepremio.com\/br\/wp-content\/uploads\/2023\/03\/redbull-maxverstappen-02-5-1024x683.jpg\" alt=\"\" class=\"wp-image-661941\"\/><figcaption>Max Verstappen \u00e9 imbat\u00edvel na Ar\u00e1bia Saudita? (Foto: Red Bull Content Pool)<\/figcaption><\/figure>\n\n\n\n<p class=\"wp-block-paragraph\"><strong>Confira como foi o TL2: <\/strong><\/p>\n\n\n\n<p class=\"wp-block-paragraph\">Muito diferente da atividade que abriu os trabalhos, o segundo treino livre enfrentava temperatura bem mais amena, de 26\u00b0C, com o asfalto chegando somente a 33\u00b0C \u2014 em compara\u00e7\u00e3o a 44\u00b0C no fim da tarde saudita. A noite havia ca\u00eddo, pois, e agora a expectativa era que equipes e pilotos fizessem testes mais v\u00e1lidos para o restante do fim de semana.<\/p>\n\n\n\n<p class=\"wp-block-paragraph\">Lance Stroll foi o primeiro a registrar volta r\u00e1pida no segundo treino, agora de pneus m\u00e9dios. Aston Martin e Red Bull utilizaram somente os macios pela manh\u00e3. Mas s\u00f3 Stroll, porque Alonso surgiu de macios e fez a volta mais veloz depois dos primeiros movimentos. Novamente, por\u00e9m, a Red Bull aparecia de macios, algo que George Russell, Valtteri Bottas e Logan Sargeant tamb\u00e9m resolveram fazer nos minutos seguintes.<\/p>\n\n\n\n<p class=\"wp-block-paragraph\">Charles Leclerc encontrou Nico H\u00fclkenberg lento no <em>hairpin<\/em> e n\u00e3o gostou nada. Aconteceu parecido depois, s\u00f3 que com Alonso pegando Carlos Sainz no setor intermedi\u00e1rio da pista. Numa pista t\u00e3o veloz quanto Jed\u00e1, chamava a aten\u00e7\u00e3o a quantidade de gente andando extremamente lenta ap\u00f3s completar uma volta lan\u00e7ada.<\/p>\n\n\n\n<p class=\"wp-block-paragraph\">Logo que p\u00f4de completar tempo, Max Verstappen j\u00e1 surgiu na primeira coloca\u00e7\u00e3o e voltou a morar na casa de 1min29s. Desta feita, por\u00e9m, n\u00e3o seria o \u00fanico: Alonso logo apareceu grudado, mas foi Sergio P\u00e9rez quem tomou a ponta ao anotar 1min29s902.<\/p>\n\n\n\n<figure class=\"wp-block-image size-large\"><img decoding=\"async\" src=\"https:\/\/www.grandepremio.com\/br\/wp-content\/uploads\/2023\/03\/astonmartin-fernandoalonso-afp-01-8-1024x683.jpg\" alt=\"\" class=\"wp-image-661979\"\/><figcaption>Fernando Alonso fechou em segundo (Foto: AFP)<\/figcaption><\/figure>\n\n\n\n<p class=\"wp-block-paragraph\">Mesmo ap\u00f3s dar volta r\u00e1pida de macios, Bottas pintava em \u00faltimo, pior at\u00e9 que Lando Norris e Oscar Piastri, da McLaren, que haviam utilizado somente os pneus duros. Bom lembrar que a Pirelli selecionou a gama intermedi\u00e1ria de pneus para Jed\u00e1: C2, C3 e, estreando na temporada, C4.<\/p>\n\n\n\n<p class=\"wp-block-paragraph\">Com metade do treino, era P\u00e9rez quem liderava. Verstappen, Alonso, H\u00fclkenberg, Pierre Gasly, Charles Leclerc, Esteban Ocon, Lewis Hamilton, Stroll e Norris, no \u00faltimo instante, formavam o top-10. Instantes depois de cruzar a marca de 30 minutos, Verstappen cravou 1min29s603 para liderar.<\/p>\n\n\n\n<p class=\"wp-block-paragraph\">Depois da marca de meia hora, muito tr\u00e1fego marcava uma pista cheia e com pouca gente investindo em voltas de classifica\u00e7\u00e3o. Cada vez mais, pneus diversos serviam apenas para todos testarem ritmo de corrida. George Russell, contudo, avisava: &#8220;precisamos fazer mudan\u00e7as&#8221;.<\/p>\n\n\n\n<p class=\"wp-block-paragraph\">Leclerc, por outro lado, sofria com o pedal da embreagem. Na realidade, \u00e9 algo do qual reclamava desde o Bahrein. Verstappen tamb\u00e9m tinha uma quest\u00e3o: para passar uma marcha para baixo, demorava demais, conforme avisou \u00e0 Red Bull. <\/p>\n\n\n\n<p class=\"wp-block-paragraph\">Verstappen liderou mesmo um treino que terminou sem grandes acontecimentos na pista. \u00c9 cada vez mais favorito para o restante do fim de semana.<\/p>\n\n\n\n<p class=\"wp-block-paragraph\"><strong>F\u00f3rmula 1 2023, GP da Ar\u00e1bia Saudita, Treino livre 2:<\/strong><\/p>\n\n\n\n<figure class=\"wp-block-table\"><table><tbody><tr><td>1<\/td><td>M VERSTAPPEN<\/td><td>Red Bull Honda<\/td><td>1:29.603<\/td><td>&nbsp;<\/td><td>23<\/td><\/tr><tr><td>2<\/td><td>F ALONSO<\/td><td>Aston Martin Mercedes<\/td><td>1:29.811<\/td><td>+0.208<\/td><td>21<\/td><\/tr><tr><td>3<\/td><td>S P\u00c9REZ<\/td><td>Red Bull Honda<\/td><td>1:29.902<\/td><td>+0.299<\/td><td>20<\/td><\/tr><tr><td>4<\/td><td>E OCON<\/td><td>Alpine<\/td><td>1:30.039<\/td><td>+0.436<\/td><td>21<\/td><\/tr><tr><td>5<\/td><td>G RUSSELL<\/td><td>Mercedes<\/td><td>1:30.070<\/td><td>+0.467<\/td><td>21<\/td><\/tr><tr><td>6<\/td><td>P GASLY<\/td><td>Alpine<\/td><td>1:30.100<\/td><td>+0.497<\/td><td>22<\/td><\/tr><tr><td>7<\/td><td>L STROLL<\/td><td>Aston Martin Mercedes<\/td><td>1:30.110<\/td><td>+0.507<\/td><td>21<\/td><\/tr><tr><td>8<\/td><td>N H\u00dcLKENBERG<\/td><td>Haas Ferrari<\/td><td>1:30.181<\/td><td>+0.578<\/td><td>22<\/td><\/tr><tr><td>9<\/td><td>C LECLERC<\/td><td>Ferrari<\/td><td>1:30.341<\/td><td>+0.738<\/td><td>22<\/td><\/tr><tr><td>10<\/td><td>C SAINZ<\/td><td>Ferrari<\/td><td>1:30.592<\/td><td>+0.989<\/td><td>23<\/td><\/tr><tr><td>11<\/td><td>L HAMILTON<\/td><td>Mercedes<\/td><td>1:30.599<\/td><td>+0.996<\/td><td>22<\/td><\/tr><tr><td>12<\/td><td>L NORRIS<\/td><td>McLaren Mercedes<\/td><td>1:30.721<\/td><td>+1.118<\/td><td>21<\/td><\/tr><tr><td>13<\/td><td>Y TSUNODA<\/td><td>AlphaTauri Honda<\/td><td>1:30.776<\/td><td>+1.173<\/td><td>24<\/td><\/tr><tr><td>14<\/td><td>A ALBON<\/td><td>Williams Mercedes<\/td><td>1:30.810<\/td><td>+1.207<\/td><td>21<\/td><\/tr><tr><td>15<\/td><td>K MAGNUSSEN<\/td><td>Haas Ferrari<\/td><td>1:30.820<\/td><td>+1.217<\/td><td>19<\/td><\/tr><tr><td>16<\/td><td>G ZHOU<\/td><td>Alfa Romeo Ferrari<\/td><td>1:30.837<\/td><td>+1.234<\/td><td>22<\/td><\/tr><tr><td>17<\/td><td>N DE VRIES<\/td><td>AlphaTauri Honda<\/td><td>1:30.921<\/td><td>+1.318<\/td><td>24<\/td><\/tr><tr><td>18<\/td><td>L SARGEANT<\/td><td>Williams Mercedes<\/td><td>1:30.959<\/td><td>+1.356<\/td><td>20<\/td><\/tr><tr><td>19<\/td><td>O PIASTRI<\/td><td>McLaren Mercedes<\/td><td>1:30.964<\/td><td>+1.361<\/td><td>24<\/td><\/tr><tr><td>20<\/td><td>V BOTTAS<\/td><td>Alfa Romeo Ferrari<\/td><td>1:31.052<\/td><td>+1.449<\/td><td>21<\/td><\/tr><tr><td>&nbsp;<\/td><td>&nbsp;<\/td><td>Tempo 107%<\/td><td>1:35.875<\/td><td>+6.272<\/td><td>&nbsp;<\/td><\/tr><\/tbody><\/table><\/figure>\n\n\n\n<figure class=\"wp-block-embed is-type-video is-provider-youtube wp-block-embed-youtube wp-embed-aspect-16-9 wp-has-aspect-ratio\"><div class=\"wp-block-embed__wrapper\">\n<iframe loading=\"lazy\" title=\"T\u00c1 DE SACANAGEM, FERRARI! PUNI\u00c7\u00c3O DE LECLERC \u00c9 APOCALIPSE | GP \u00c0S 10\" width=\"500\" height=\"281\" src=\"https:\/\/www.youtube.com\/embed\/tY6wAZhDYk4?feature=oembed\" frameborder=\"0\" allow=\"accelerometer; autoplay; clipboard-write; encrypted-media; gyroscope; picture-in-picture; web-share\" referrerpolicy=\"strict-origin-when-cross-origin\" allowfullscreen><\/iframe>\n<\/div><figcaption>T\u00c1 DE SACANAGEM, FERRARI! PUNI\u00c7\u00c3O DE LECLERC \u00c9 APOCALIPSE | GP \u00c0S 10<\/figcaption><\/figure>\n","protected":false},"excerpt":{"rendered":"<p>Max Verstappen voltou a comandar as a\u00e7\u00f5es no circuito de rua de Jed\u00e1 com o segundo treino livre desta sexta-feira (17). Fernando Alonso ao menos se aproximou mais<\/p>\n","protected":false},"author":0,"featured_media":1000661962,"comment_status":"closed","ping_status":"closed","sticky":false,"template":"","format":"standard","meta":{"42wp_featured_image_caption":"","42wp_featured_image_credits":"","42wp_featured_video":"","42wp_featured_image_hidden":false,"42wp_authors_list":[],"footnotes":""},"categories":[2],"tags":[457,524,20491,309,546,209,302,6533,176,207,30722,800,26266,29669,1491,30103,28285,3746,119,26627,117,485,547,87,25553,203,90,82,1521,1556,2916,676,204,3132,612,215,597],"42wp_author":[47120],"class_list":["post-104779","post","type-post","status-publish","format-standard","has-post-thumbnail","hentry","category-f1","tag-alfa-romeo","tag-alphatauri","tag-alpine","tag-aston-martin","tag-carlos-sainz","tag-charles-leclerc","tag-esteban-ocon","tag-f1-2023","tag-fernando-alonso","tag-ferrari","tag-formula-1-2023","tag-george-russell","tag-gp-da-arabia-saudita","tag-gp-de-jeda","tag-grande-premio","tag-grande-premio-f1","tag-grandepremio","tag-guanyu-zhou","tag-haas","tag-jeda","tag-kevin-magnussen","tag-lance-stroll","tag-lando-norris","tag-lewis-hamilton","tag-logan-sargeant","tag-max-verstappen","tag-mclaren","tag-mercedes","tag-nico-hulkenberg","tag-nyck-de-vries","tag-oscar-piastri","tag-pierre-gasly","tag-red-bull","tag-sergio-perez","tag-valtteri-bottas","tag-williams","tag-yuki-tsunoda","42wp_author-pedro-henrique-marum"],"_links":{"self":[{"href":"https:\/\/grandepremio.com\/br\/wp-json\/wp\/v2\/posts\/104779","targetHints":{"allow":["GET"]}}],"collection":[{"href":"https:\/\/grandepremio.com\/br\/wp-json\/wp\/v2\/posts"}],"about":[{"href":"https:\/\/grandepremio.com\/br\/wp-json\/wp\/v2\/types\/post"}],"replies":[{"embeddable":true,"href":"https:\/\/grandepremio.com\/br\/wp-json\/wp\/v2\/comments?post=104779"}],"version-history":[{"count":0,"href":"https:\/\/grandepremio.com\/br\/wp-json\/wp\/v2\/posts\/104779\/revisions"}],"wp:featuredmedia":[{"embeddable":true,"href":"https:\/\/grandepremio.com\/br\/wp-json\/wp\/v2\/media\/1000661962"}],"wp:attachment":[{"href":"https:\/\/grandepremio.com\/br\/wp-json\/wp\/v2\/media?parent=104779"}],"wp:term":[{"taxonomy":"category","embeddable":true,"href":"https:\/\/grandepremio.com\/br\/wp-json\/wp\/v2\/categories?post=104779"},{"taxonomy":"post_tag","embeddable":true,"href":"https:\/\/grandepremio.com\/br\/wp-json\/wp\/v2\/tags?post=104779"},{"taxonomy":"42wp_author","embeddable":true,"href":"https:\/\/grandepremio.com\/br\/wp-json\/wp\/v2\/42wp_author?post=104779"}],"curies":[{"name":"wp","href":"https:\/\/api.w.org\/{rel}","templated":true}]}}