{"id":104797,"date":"2023-03-16T19:00:00","date_gmt":"2023-03-16T22:00:00","guid":{"rendered":"https:\/\/grandepremio.com\/br\/noticias\/fernando-alonso-podio-arabia-saudita-realidade-analisa-evelyn-guimaraes\/"},"modified":"2023-03-16T19:08:30","modified_gmt":"2023-03-16T22:08:30","slug":"fernando-alonso-podio-arabia-saudita-realidade-analisa-evelyn-guimaraes","status":"publish","type":"post","link":"https:\/\/grandepremio.com\/br\/f1\/fernando-alonso-podio-arabia-saudita-realidade-analisa-evelyn-guimaraes\/","title":{"rendered":"Alonso no p\u00f3dio na Ar\u00e1bia Saudita \u00e9 realidade, analisa Evelyn Guimar\u00e3es"},"content":{"rendered":"\n<p class=\"wp-block-paragraph\"><strong>Fernando Alonso<\/strong> parece ter acertado em cheio com a <strong>Aston Martin.<\/strong> O espanhol tem um AMR23 competitivo em m\u00e3os e, em plena forma, logo na primeira corrida do ano, j\u00e1 alcan\u00e7ou um p\u00f3dio. E ser\u00e1 que vai ser uma constante? O bicampe\u00e3o vai repetir a performance em Jed\u00e1? \u00c9 no que Evelyn Guimar\u00e3es acredita.<\/p>\n\n\n\n<p class=\"wp-block-paragraph\">O Paddock GP, mesa redonda composta por jornalistas do<strong> GRANDE PR\u00caMIO<\/strong> para debater as \u00faltimas novidades do mundo do esporte a motor, vai ao ar \u00e0s segundas-feiras. Victor Martins apresenta a atra\u00e7\u00e3o, com coment\u00e1rios de Evelyn Guimar\u00e3es e Gabriel Curty. A produ\u00e7\u00e3o fica por conta de Rodrigo Berton.<\/p>\n\n\n\n<figure class=\"wp-block-embed is-type-rich is-provider-incorporar-manipulador wp-block-embed-incorporar-manipulador wp-embed-aspect-16-9 wp-has-aspect-ratio\"><div class=\"wp-block-embed__wrapper\">\n<iframe loading=\"lazy\" title=\"ALONSO NO P\u00d3DIO NA AR\u00c1BIA SAUDITA \u00c9 REALIDADE\" width=\"500\" height=\"281\" src=\"https:\/\/www.youtube.com\/embed\/Yc-9Cn3hYEs?feature=oembed\" frameborder=\"0\" allow=\"accelerometer; autoplay; clipboard-write; encrypted-media; gyroscope; picture-in-picture; web-share\" referrerpolicy=\"strict-origin-when-cross-origin\" allowfullscreen><\/iframe>\n<\/div><\/figure>\n\n\n\n<p class=\"wp-block-paragraph\"><strong>\u25b6\ufe0f\u00a0Inscreva-se nos dois canais do GRANDE PR\u00caMIO no YouTube:\u00a0<a href=\"https:\/\/www.youtube.com\/channel\/UC9OlHEgxoaY6QY6nWPoiqQg?sub_confirmation=1\" target=\"_blank\" rel=\"noreferrer noopener\">GP<\/a>\u00a0|\u00a0<a href=\"https:\/\/www.youtube.com\/channel\/UC9csiS6q_C3C0FYhyr1rnFA?sub_confirmation=1\" target=\"_blank\" rel=\"noreferrer noopener\">GP2<\/a><\/strong><br><strong>\u25b6\ufe0f\u00a0<a href=\"https:\/\/www.twitch.tv\/grandepremio\" target=\"_blank\" rel=\"noreferrer noopener\">Conhe\u00e7a o canal do GRANDE PR\u00caMIO na Twitch clicando aqui!<\/a><\/strong><\/p>\n","protected":false},"excerpt":{"rendered":"<p>Fernando Alonso conquistou um p\u00f3dio no GP do Bahrein. Ser\u00e1 que ele repete a dose na Ar\u00e1bia Saudita? Discuss\u00e3o aconteceu no Paddock GP #320 desta semana<\/p>\n","protected":false},"author":0,"featured_media":1000661667,"comment_status":"closed","ping_status":"closed","sticky":false,"template":"","format":"standard","meta":{"42wp_featured_image_caption":"","42wp_featured_image_credits":"","42wp_featured_video":"","42wp_featured_image_hidden":false,"42wp_authors_list":[],"footnotes":""},"categories":[2],"tags":[1566,309,1280,147,6533,642,160,176,180,30722,26266,1491,30103,28285,2306,159,26627,26267,3724,28415,32087,33467,1537,19348,25771,26036,204,34066,675,17143,25978,2036],"42wp_author":[47119],"class_list":["post-104797","post","type-post","status-publish","format-standard","has-post-thumbnail","hentry","category-f1","tag-ao-vivo","tag-aston-martin","tag-band","tag-f1","tag-f1-2023","tag-f1-ao-vivo","tag-f1-tv","tag-fernando-alonso","tag-formula-1","tag-formula-1-2023","tag-gp-da-arabia-saudita","tag-grande-premio","tag-grande-premio-f1","tag-grandepremio","tag-grid-de-largada","tag-horarios-da-f1","tag-jeda","tag-jeddah","tag-mundial-de-f1","tag-novos-carros-da-f1","tag-onde-assistir","tag-onde-assistir-f1-2023","tag-paddock-gp","tag-podio","tag-programacao","tag-programacao-de-tv","tag-red-bull","tag-segunda-tela","tag-streaming","tag-tempo-real","tag-temporada-2023","tag-treinos-livres","42wp_author-gabriel-carvalho"],"_links":{"self":[{"href":"https:\/\/grandepremio.com\/br\/wp-json\/wp\/v2\/posts\/104797","targetHints":{"allow":["GET"]}}],"collection":[{"href":"https:\/\/grandepremio.com\/br\/wp-json\/wp\/v2\/posts"}],"about":[{"href":"https:\/\/grandepremio.com\/br\/wp-json\/wp\/v2\/types\/post"}],"replies":[{"embeddable":true,"href":"https:\/\/grandepremio.com\/br\/wp-json\/wp\/v2\/comments?post=104797"}],"version-history":[{"count":0,"href":"https:\/\/grandepremio.com\/br\/wp-json\/wp\/v2\/posts\/104797\/revisions"}],"wp:featuredmedia":[{"embeddable":true,"href":"https:\/\/grandepremio.com\/br\/wp-json\/wp\/v2\/media\/1000661667"}],"wp:attachment":[{"href":"https:\/\/grandepremio.com\/br\/wp-json\/wp\/v2\/media?parent=104797"}],"wp:term":[{"taxonomy":"category","embeddable":true,"href":"https:\/\/grandepremio.com\/br\/wp-json\/wp\/v2\/categories?post=104797"},{"taxonomy":"post_tag","embeddable":true,"href":"https:\/\/grandepremio.com\/br\/wp-json\/wp\/v2\/tags?post=104797"},{"taxonomy":"42wp_author","embeddable":true,"href":"https:\/\/grandepremio.com\/br\/wp-json\/wp\/v2\/42wp_author?post=104797"}],"curies":[{"name":"wp","href":"https:\/\/api.w.org\/{rel}","templated":true}]}}