{"id":104802,"date":"2023-03-16T15:44:50","date_gmt":"2023-03-16T18:44:50","guid":{"rendered":"https:\/\/grandepremio.com\/br\/noticias\/lewis-hamilton-revela-momento-soube-problemas-w14-quando-vi-primeira-vez\/"},"modified":"2023-03-16T15:59:45","modified_gmt":"2023-03-16T18:59:45","slug":"lewis-hamilton-revela-momento-soube-problemas-w14-quando-vi-primeira-vez","status":"publish","type":"post","link":"https:\/\/grandepremio.com\/br\/f1\/lewis-hamilton-revela-momento-soube-problemas-w14-quando-vi-primeira-vez\/","title":{"rendered":"Hamilton revela em que momento soube dos problemas do W14: &#8220;Quando vi a primeira vez&#8221;"},"content":{"rendered":"\n<figure class=\"wp-block-embed is-type-video is-provider-youtube wp-block-embed-youtube wp-embed-aspect-16-9 wp-has-aspect-ratio\"><div class=\"wp-block-embed__wrapper\">\n<iframe loading=\"lazy\" title=\"RED BULL \u00c9 ANT\u00cdDOTO EM \u2018MUNDO CA\u00d3TICO\u2019 DE MERCEDES E FERRARI NA F1 2023 | WGP\" width=\"500\" height=\"281\" src=\"https:\/\/www.youtube.com\/embed\/YAynAsDJVdY?feature=oembed\" frameborder=\"0\" allow=\"accelerometer; autoplay; clipboard-write; encrypted-media; gyroscope; picture-in-picture; web-share\" referrerpolicy=\"strict-origin-when-cross-origin\" allowfullscreen><\/iframe>\n<\/div><figcaption>RED BULL \u00c9 ANT\u00cdDOTO EM \u2018MUNDO CA\u00d3TICO\u2019 DE MERCEDES E FERRARI NA F1 2023 | WGP<\/figcaption><\/figure>\n\n\n\n<p class=\"wp-block-paragraph\">Os trope\u00e7os da <strong>Mercedes<\/strong> neste come\u00e7o de ano seguem sendo assunto. Nesta quinta-feira (16), \u00e0s v\u00e9speras do <strong>GP da Ar\u00e1bia Saudita<\/strong> da <strong>F\u00f3rmula 1<\/strong> 2023, <strong>Lewis Hamilton<\/strong> revelou novidades sobre o sabidamente problem\u00e1tico <strong>W14<\/strong>: o heptacampe\u00e3o garantiu que j\u00e1 imaginava que teria problemas logo quando o viu pela primeira vez.<\/p>\n\n\n\n<p class=\"wp-block-paragraph\"><strong>\u25b6\ufe0f&nbsp;Inscreva-se nos dois canais do GRANDE PR\u00caMIO no YouTube:&nbsp;<a href=\"https:\/\/www.youtube.com\/channel\/UC9OlHEgxoaY6QY6nWPoiqQg?sub_confirmation=1\" target=\"_blank\" rel=\"noreferrer noopener\">GP<\/a>&nbsp;|&nbsp;<a href=\"https:\/\/www.youtube.com\/channel\/UC9csiS6q_C3C0FYhyr1rnFA?sub_confirmation=1\" target=\"_blank\" rel=\"noreferrer noopener\">GP2<\/a><\/strong><br><strong>\u25b6\ufe0f&nbsp;<a href=\"https:\/\/www.twitch.tv\/grandepremio\" target=\"_blank\" rel=\"noreferrer noopener\">Conhe\u00e7a o canal do GRANDE PR\u00caMIO na Twitch clicando aqui!<\/a><\/strong><\/p>\n\n\n\n<p class=\"wp-block-paragraph\">De acordo com Hamilton, a dist\u00e2ncia entre o projeto do carro da Mercedes e os demais, sobretudo os de maior sucesso, indicavam que era necess\u00e1rio ligar a luz amarela.<\/p>\n\n\n\n<p class=\"wp-block-paragraph\">&#8220;Eu sabia que n\u00e3o est\u00e1vamos em uma boa posi\u00e7\u00e3o quando vi o carro pela primeira vez&#8221;, disse durante a entrevista coletiva no circuito de Jed\u00e1. &#8220;Parecia muito diferente dos nossos competidores&#8221;, seguiu.<\/p>\n\n\n\n<p class=\"wp-block-paragraph\">&#8220;Os coment\u00e1rios que ouvi [da equipe] \u00e9 que provavelmente n\u00e3o encabe\u00e7ar\u00edamos o pelot\u00e3o, mas ainda estar\u00edamos na briga. Ent\u00e3o, claro, foi um pouco de choque quando percebemos que obviamente n\u00e3o seria o caso&#8221;, continuou.<\/p>\n\n\n\n<figure class=\"wp-block-image size-large\"><img decoding=\"async\" src=\"https:\/\/www.grandepremio.com\/br\/wp-content\/uploads\/2023\/03\/000_33BG2PF-e1678988799517-1024x792.jpg\" alt=\"\" class=\"wp-image-661555\"\/><figcaption>Lewis Hamilton na coletiva de imprensa em Jed\u00e1 (Foto: Ben Stansall\/AFP)<\/figcaption><\/figure>\n\n\n\n<p class=\"wp-block-paragraph\">Hamilton se referiu \u00e0 <strong><a href=\"https:\/\/www.grandepremio.com\/br\/f1\/noticias\/max-verstappen-aniquila-concorrencia-vence-gp-do-bahrein-formula-1-fernando-alonso-vai-podio\/\" class=\"ek-link\">corrida no Bahrein<\/a><\/strong>, que abriu esta nova temporada. A Mercedes teve dificuldades no fim de semana, terminando a classifica\u00e7\u00e3o com <strong>George Russell<\/strong> em sexto e Hamilton, em s\u00e9timo. Na corrida, o heptacampe\u00e3o ainda contou com o abandono da <strong>Ferrari<\/strong> de <strong>Charles Leclerc<\/strong>, sofrendo de quest\u00f5es de confiabilidade, mas ainda assim n\u00e3o conquistou um lugar no p\u00f3dio, cruzando a linha de chegada em quinto, sendo ultrapassado j\u00e1 na reta final por <strong>Fernando Alonso<\/strong> e ainda vendo <strong>Carlos Sainz<\/strong> \u00e0 frente. Russell foi s\u00e9timo.<\/p>\n\n\n\n<p class=\"wp-block-paragraph\">Atualmente, a equipe figura na terceira posi\u00e7\u00e3o do Campeonato Mundial, atr\u00e1s da l\u00edder <strong>Red Bull<\/strong> e da sensa\u00e7\u00e3o at\u00e9 aqui, a <strong>Aston Martin<\/strong>, de Alonso e <strong>Lance Stroll<\/strong>.<\/p>\n\n\n\n<p class=\"wp-block-paragraph\">O piloto ainda se pronunciou sobre a pol\u00eamica entrevista da \u00faltima semana, na qual acusou a Mercedes de &#8220;n\u00e3o ter ouvido&#8221; seu feedback durante a elabora\u00e7\u00e3o do design do carro deste ano. Nesta quinta, admitiu que &#8220;n\u00e3o foi necessariamente a melhor escolha de palavras&#8221;.<\/p>\n\n\n\n<p class=\"wp-block-paragraph\">&#8220;H\u00e1 certos momentos em que voc\u00ea n\u00e3o est\u00e1 totalmente de acordo com membros da equipe&#8221;, explicou. &#8220;O importante \u00e9 manter a comunica\u00e7\u00e3o, seguir trilhando o mesmo caminho&#8221;.<\/p>\n\n\n\n<p class=\"wp-block-paragraph\">E garantiu: \u201cAinda tenho 100% de confian\u00e7a neste time. \u00c9 a minha fam\u00edlia, estou aqui faz muito tempo. N\u00e3o planejo ir a nenhum outro lugar&#8221;, finalizou.<\/p>\n\n\n\n<p class=\"wp-block-paragraph\">A F\u00f3rmula 1 continua a temporada com o GP da Ar\u00e1bia Saudita, no circuito de rua de Jed\u00e1, entre os dias 17 e 19 de mar\u00e7o. O <strong>GRANDE PR\u00caMIO<\/strong> acompanha todas as atividades <a href=\"https:\/\/www.grandepremio.com\/br\/ao-vivo\/\" class=\"ek-link\"><strong>AO VIVO<\/strong> e <strong>EM TEMPO REAL<\/strong><\/a>.<\/p>\n\n\n\n<figure class=\"wp-block-embed is-type-video is-provider-youtube wp-block-embed-youtube wp-embed-aspect-16-9 wp-has-aspect-ratio\"><div class=\"wp-block-embed__wrapper\">\n<iframe loading=\"lazy\" title=\"CRISE! FERRARI J\u00c1 FAZ LECLERC SER PUNIDO NA F1 2023 | TT GP #87\" width=\"500\" height=\"281\" src=\"https:\/\/www.youtube.com\/embed\/RgPa2fSExhY?feature=oembed\" frameborder=\"0\" allow=\"accelerometer; autoplay; clipboard-write; encrypted-media; gyroscope; picture-in-picture; web-share\" referrerpolicy=\"strict-origin-when-cross-origin\" allowfullscreen><\/iframe>\n<\/div><figcaption>CRISE! FERRARI J\u00c1 FAZ LECLERC SER PUNIDO NA F1 2023 | TT GP #87<\/figcaption><\/figure>\n","protected":false},"excerpt":{"rendered":"<p>Lewis Hamilton voltou a tratar do in\u00edcio de ano problem\u00e1tico da equipe alem\u00e3 durante a entrevista oficial da FIA em Jed\u00e1<\/p>\n","protected":false},"author":0,"featured_media":1000657959,"comment_status":"closed","ping_status":"closed","sticky":false,"template":"","format":"standard","meta":{"42wp_featured_image_caption":"","42wp_featured_image_credits":"","42wp_featured_video":"","42wp_featured_image_hidden":false,"42wp_authors_list":[],"footnotes":""},"categories":[2],"tags":[6533,30722,26266,29669,1491,30103,28285,26627,87,82,32317],"42wp_author":[47109],"class_list":["post-104802","post","type-post","status-publish","format-standard","has-post-thumbnail","hentry","category-f1","tag-f1-2023","tag-formula-1-2023","tag-gp-da-arabia-saudita","tag-gp-de-jeda","tag-grande-premio","tag-grande-premio-f1","tag-grandepremio","tag-jeda","tag-lewis-hamilton","tag-mercedes","tag-w14","42wp_author-redacao-gp"],"_links":{"self":[{"href":"https:\/\/grandepremio.com\/br\/wp-json\/wp\/v2\/posts\/104802","targetHints":{"allow":["GET"]}}],"collection":[{"href":"https:\/\/grandepremio.com\/br\/wp-json\/wp\/v2\/posts"}],"about":[{"href":"https:\/\/grandepremio.com\/br\/wp-json\/wp\/v2\/types\/post"}],"replies":[{"embeddable":true,"href":"https:\/\/grandepremio.com\/br\/wp-json\/wp\/v2\/comments?post=104802"}],"version-history":[{"count":0,"href":"https:\/\/grandepremio.com\/br\/wp-json\/wp\/v2\/posts\/104802\/revisions"}],"wp:featuredmedia":[{"embeddable":true,"href":"https:\/\/grandepremio.com\/br\/wp-json\/wp\/v2\/media\/1000657959"}],"wp:attachment":[{"href":"https:\/\/grandepremio.com\/br\/wp-json\/wp\/v2\/media?parent=104802"}],"wp:term":[{"taxonomy":"category","embeddable":true,"href":"https:\/\/grandepremio.com\/br\/wp-json\/wp\/v2\/categories?post=104802"},{"taxonomy":"post_tag","embeddable":true,"href":"https:\/\/grandepremio.com\/br\/wp-json\/wp\/v2\/tags?post=104802"},{"taxonomy":"42wp_author","embeddable":true,"href":"https:\/\/grandepremio.com\/br\/wp-json\/wp\/v2\/42wp_author?post=104802"}],"curies":[{"name":"wp","href":"https:\/\/api.w.org\/{rel}","templated":true}]}}