{"id":104847,"date":"2023-03-14T15:00:00","date_gmt":"2023-03-14T18:00:00","guid":{"rendered":"https:\/\/grandepremio.com\/br\/noticias\/mercedes-vai-pensar-agora-explodir-teto-gastos-analisa-gabriel-curty\/"},"modified":"2023-03-14T10:34:07","modified_gmt":"2023-03-14T13:34:07","slug":"mercedes-vai-pensar-agora-explodir-teto-gastos-analisa-gabriel-curty","status":"publish","type":"post","link":"https:\/\/grandepremio.com\/br\/f1\/mercedes-vai-pensar-agora-explodir-teto-gastos-analisa-gabriel-curty\/","title":{"rendered":"&#8220;Mercedes vai pensar no agora e explodir teto de gastos&#8221;, analisa Gabriel Curty"},"content":{"rendered":"\n<p class=\"wp-block-paragraph\">A Red Bull foi punida com menos tempo em testes aerodin\u00e2micos em 2023 ap\u00f3s quebrar o teto de gastos na temporada de 2021. Ainda assim, os taurinos parecem muito \u00e0 frente de qualquer outra equipe. E \u00e9 por isso que, para Gabriel Curty, a Mercedes pode seguir o mesmo caminho&#8230;<\/p>\n\n\n\n<p class=\"wp-block-paragraph\"><strong>Assista ao trecho completo abaixo:<\/strong><\/p>\n\n\n\n<figure class=\"wp-block-embed is-type-rich is-provider-incorporar-manipulador wp-block-embed-incorporar-manipulador wp-embed-aspect-16-9 wp-has-aspect-ratio\"><div class=\"wp-block-embed__wrapper\">\nhttps:\/\/www.youtube.com\/watch?v=l5lIpCxSnEg?t=2596\n<\/div><\/figure>\n\n\n\n<p class=\"wp-block-paragraph\"><strong>\u25b6\ufe0f\u00a0Inscreva-se nos dois canais do GRANDE PR\u00caMIO no YouTube:\u00a0<a href=\"https:\/\/www.youtube.com\/channel\/UC9OlHEgxoaY6QY6nWPoiqQg?sub_confirmation=1\" target=\"_blank\" rel=\"noreferrer noopener\">GP<\/a>\u00a0|\u00a0<a href=\"https:\/\/www.youtube.com\/channel\/UC9csiS6q_C3C0FYhyr1rnFA?sub_confirmation=1\" target=\"_blank\" rel=\"noreferrer noopener\">GP2<\/a><\/strong><br><strong>\u25b6\ufe0f\u00a0<a href=\"https:\/\/www.twitch.tv\/grandepremio\" target=\"_blank\" rel=\"noreferrer noopener\">Conhe\u00e7a o canal do GRANDE PR\u00caMIO na Twitch clicando aqui!<\/a><\/strong><\/p>\n","protected":false},"excerpt":{"rendered":"<p>Para Gabriel Curty, a Mercedes pode seguir o mesmo caminho da Red Bull: quebrar o teto de gastos em 2023, ainda que seja punida l\u00e1 na frente <\/p>\n","protected":false},"author":0,"featured_media":1000658237,"comment_status":"closed","ping_status":"closed","sticky":false,"template":"","format":"standard","meta":{"42wp_featured_image_caption":"","42wp_featured_image_credits":"","42wp_featured_video":"","42wp_featured_image_hidden":false,"42wp_authors_list":[],"footnotes":""},"categories":[2],"tags":[2154,207,1492,230,26266,1491,82,1537,27357,204,2380,486],"42wp_author":[47139],"class_list":["post-104847","post","type-post","status-publish","format-standard","has-post-thumbnail","hentry","category-f1","tag-evelyn-guimaraes","tag-ferrari","tag-gabriel-carvalho","tag-gabriel-curty","tag-gp-da-arabia-saudita","tag-grande-premio","tag-mercedes","tag-paddock-gp","tag-programas-grande-premio","tag-red-bull","tag-sao-paulo","tag-victor-martins","42wp_author-ana-cerveira"],"_links":{"self":[{"href":"https:\/\/grandepremio.com\/br\/wp-json\/wp\/v2\/posts\/104847","targetHints":{"allow":["GET"]}}],"collection":[{"href":"https:\/\/grandepremio.com\/br\/wp-json\/wp\/v2\/posts"}],"about":[{"href":"https:\/\/grandepremio.com\/br\/wp-json\/wp\/v2\/types\/post"}],"replies":[{"embeddable":true,"href":"https:\/\/grandepremio.com\/br\/wp-json\/wp\/v2\/comments?post=104847"}],"version-history":[{"count":0,"href":"https:\/\/grandepremio.com\/br\/wp-json\/wp\/v2\/posts\/104847\/revisions"}],"wp:featuredmedia":[{"embeddable":true,"href":"https:\/\/grandepremio.com\/br\/wp-json\/wp\/v2\/media\/1000658237"}],"wp:attachment":[{"href":"https:\/\/grandepremio.com\/br\/wp-json\/wp\/v2\/media?parent=104847"}],"wp:term":[{"taxonomy":"category","embeddable":true,"href":"https:\/\/grandepremio.com\/br\/wp-json\/wp\/v2\/categories?post=104847"},{"taxonomy":"post_tag","embeddable":true,"href":"https:\/\/grandepremio.com\/br\/wp-json\/wp\/v2\/tags?post=104847"},{"taxonomy":"42wp_author","embeddable":true,"href":"https:\/\/grandepremio.com\/br\/wp-json\/wp\/v2\/42wp_author?post=104847"}],"curies":[{"name":"wp","href":"https:\/\/api.w.org\/{rel}","templated":true}]}}