{"id":104852,"date":"2023-03-14T13:00:00","date_gmt":"2023-03-14T16:00:00","guid":{"rendered":"https:\/\/grandepremio.com\/br\/noticias\/mercedes-priorizar-aston-martin-baita-revolucao-f1-luana-marino\/"},"modified":"2023-03-14T12:04:40","modified_gmt":"2023-03-14T15:04:40","slug":"mercedes-priorizar-aston-martin-baita-revolucao-f1-luana-marino","status":"publish","type":"post","link":"https:\/\/grandepremio.com\/br\/f1\/mercedes-priorizar-aston-martin-baita-revolucao-f1-luana-marino\/","title":{"rendered":"&#8220;Mercedes priorizar Aston Martin seria baita revolu\u00e7\u00e3o na F1&#8221;, afirma Luana Marino"},"content":{"rendered":"\n<p class=\"wp-block-paragraph\">Apenas uma corrida passou, mas a situa\u00e7\u00e3o da <strong>Mercedes <\/strong>na temporada 2023 da <strong>F\u00f3rmula 1<\/strong> j\u00e1 se aproxima de algo dram\u00e1tico. Mesmo ap\u00f3s se livrar dos quiques que tanto macularam o desempenho de 2022 e vistos como culpados pela dist\u00e2ncia na briga pelo t\u00edtulo, o carro continua sem velocidade suficiente para duelar. <\/p>\n\n\n\n<p class=\"wp-block-paragraph\">O pessimismo est\u00e1 instalado, com direito a <strong>Toto Wolff <\/strong>e <strong>George Russell <\/strong>especularem sobre a possibilidade da <strong>Red Bull <\/strong>ganhar todas as corridas do ano. Com isso, a companhia j\u00e1 estuda abandonar a busca pelos melhores resultados poss\u00edveis ao longo desta temporada e, em vez disso, ceder os melhores motores produzidos para a <strong>Aston Martin<\/strong>.<\/p>\n\n\n\n<p class=\"wp-block-paragraph\"><strong>\u25b6\ufe0f\u00a0<a href=\"https:\/\/www.twitch.tv\/grandepremio\" target=\"_blank\" rel=\"noreferrer noopener\">Conhe\u00e7a o canal do GRANDE PR\u00caMIO na Twitch clicando aqui!<\/a><\/strong><\/p>\n\n\n\n<p class=\"wp-block-paragraph\"><strong>\u25b6\ufe0f&nbsp;Inscreva-se nos dois canais do GRANDE PR\u00caMIO no YouTube:&nbsp;<a href=\"https:\/\/www.youtube.com\/channel\/UC9OlHEgxoaY6QY6nWPoiqQg?sub_confirmation=1\" target=\"_blank\" rel=\"noreferrer noopener\">GP<\/a>&nbsp;|&nbsp;<a href=\"https:\/\/www.youtube.com\/channel\/UC9csiS6q_C3C0FYhyr1rnFA?sub_confirmation=1\" target=\"_blank\" rel=\"noreferrer noopener\">GP2<\/a><\/strong><\/p>\n\n\n\n<p class=\"wp-block-paragraph\">A informa\u00e7\u00e3o \u00e9 do site espanhol <em>The Objective<\/em>, por meio do veterano jornalista e rep\u00f3rter com d\u00e9cadas de experi\u00eancia na F1, Jos\u00e9 Zapico. Segundo ele, a Mercedes matriz, m\u00e3e da AMG, que toca a equipe de F1, recebeu o aviso de que o time tem as pr\u00f3ximas duas corridas, GPs da Ar\u00e1bia Saudita e Austr\u00e1lia, para mudar visivelmente a situa\u00e7\u00e3o ou a maior aten\u00e7\u00e3o deve se voltar \u00e0 <strong>Aston Martin<\/strong>.<\/p>\n\n\n\n<p class=\"wp-block-paragraph\">A equipe brit\u00e2nica, que usa as unidades de pot\u00eancia da marca alem\u00e3, surpreendeu o mundo com um carro r\u00e1pido e capaz de brigar contra a pr\u00f3pria Mercedes e a <strong>Ferrari<\/strong>. Tanto que <strong>Fernando Alonso <\/strong>foi ao p\u00f3dio, depois de protagonizar disputas empolgantes contra <strong>Carlos Sainz<\/strong>, <strong>Lewis Hamilton <\/strong>e George Russell.<\/p>\n\n\n\n<p class=\"wp-block-paragraph\">Neste contexto, o <strong>WGP <\/strong>desta semana debate as consequ\u00eancia de uma a\u00e7\u00e3o como essa e o quanto uma inje\u00e7\u00e3o de performance na Aston Martin pode atingir a Red Bull, antiga rival da Mercedes.<\/p>\n\n\n\n<figure class=\"wp-block-embed is-type-video is-provider-youtube wp-block-embed-youtube wp-embed-aspect-16-9 wp-has-aspect-ratio\"><div class=\"wp-block-embed__wrapper\">\n<iframe loading=\"lazy\" title=\"MERCEDES USA ALONSO CONTRA RED BULL?\" width=\"500\" height=\"281\" src=\"https:\/\/www.youtube.com\/embed\/xYASLAVDXuk?feature=oembed\" frameborder=\"0\" allow=\"accelerometer; autoplay; clipboard-write; encrypted-media; gyroscope; picture-in-picture; web-share\" referrerpolicy=\"strict-origin-when-cross-origin\" allowfullscreen><\/iframe>\n<\/div><\/figure>\n","protected":false},"excerpt":{"rendered":"<p>Para a jornalista do GRANDE PR\u00caMIO, os rumores de que a Mercedes estaria disposta a abandonar o projeto de 2023 para focar na Aston Martin representariam uma revolu\u00e7\u00e3o na F1<\/p>\n","protected":false},"author":0,"featured_media":1000661201,"comment_status":"closed","ping_status":"closed","sticky":false,"template":"","format":"standard","meta":{"42wp_featured_image_caption":"","42wp_featured_image_credits":"","42wp_featured_video":"","42wp_featured_image_hidden":false,"42wp_authors_list":[],"footnotes":""},"categories":[2],"tags":[309,147,6533,180,1754,1491,30103,28285,32195,82,1756,27473],"42wp_author":[47142],"class_list":["post-104852","post","type-post","status-publish","format-standard","has-post-thumbnail","hentry","category-f1","tag-aston-martin","tag-f1","tag-f1-2023","tag-formula-1","tag-gp-do-bahrein","tag-grande-premio","tag-grande-premio-f1","tag-grandepremio","tag-luana-marino","tag-mercedes","tag-sakhir","tag-wgp","42wp_author-jp-nascimento"],"_links":{"self":[{"href":"https:\/\/grandepremio.com\/br\/wp-json\/wp\/v2\/posts\/104852","targetHints":{"allow":["GET"]}}],"collection":[{"href":"https:\/\/grandepremio.com\/br\/wp-json\/wp\/v2\/posts"}],"about":[{"href":"https:\/\/grandepremio.com\/br\/wp-json\/wp\/v2\/types\/post"}],"replies":[{"embeddable":true,"href":"https:\/\/grandepremio.com\/br\/wp-json\/wp\/v2\/comments?post=104852"}],"version-history":[{"count":0,"href":"https:\/\/grandepremio.com\/br\/wp-json\/wp\/v2\/posts\/104852\/revisions"}],"wp:featuredmedia":[{"embeddable":true,"href":"https:\/\/grandepremio.com\/br\/wp-json\/wp\/v2\/media\/1000661201"}],"wp:attachment":[{"href":"https:\/\/grandepremio.com\/br\/wp-json\/wp\/v2\/media?parent=104852"}],"wp:term":[{"taxonomy":"category","embeddable":true,"href":"https:\/\/grandepremio.com\/br\/wp-json\/wp\/v2\/categories?post=104852"},{"taxonomy":"post_tag","embeddable":true,"href":"https:\/\/grandepremio.com\/br\/wp-json\/wp\/v2\/tags?post=104852"},{"taxonomy":"42wp_author","embeddable":true,"href":"https:\/\/grandepremio.com\/br\/wp-json\/wp\/v2\/42wp_author?post=104852"}],"curies":[{"name":"wp","href":"https:\/\/api.w.org\/{rel}","templated":true}]}}